{"id":11780,"date":"2023-08-01T20:56:52","date_gmt":"2023-08-01T23:56:52","guid":{"rendered":"https:\/\/aconteceemmacaeeregiao.com.br\/?p=11780"},"modified":"2023-08-01T20:56:52","modified_gmt":"2023-08-01T23:56:52","slug":"camara-cobra-reducao-do-preco-dos-combustiveis-e-gas-de-cozinha","status":"publish","type":"post","link":"https:\/\/aconteceemmacaeeregiao.com.br\/index.php\/2023\/08\/01\/camara-cobra-reducao-do-preco-dos-combustiveis-e-gas-de-cozinha\/","title":{"rendered":"C\u00e2mara cobra redu\u00e7\u00e3o do pre\u00e7o dos combust\u00edveis e g\u00e1s de cozinha"},"content":{"rendered":"\n<p>A nova pol\u00edtica de pre\u00e7os da Petrobras deixou combust\u00edveis e g\u00e1s de cozinha mais baratos, mas n\u00e3o em Maca\u00e9. Essa foi a queixa de Iza Vicente (Rede), em proposi\u00e7\u00e3o aprovada no Legislativo, nesta ter\u00e7a-feira (1), questionando o governo. \u201cSempre atrasa a diminui\u00e7\u00e3o dos pre\u00e7os em nossa cidade. Ser\u00e1 que existe algum combinado entre os postos? Solicitamos fiscaliza\u00e7\u00e3o do Procon\u201d.<\/p>\n\n\n\n<p>O presidente Cesinha (Solidariedade) tamb\u00e9m defendeu: \u201cEm Maca\u00e9, existe um verdadeiro cartel dos postos e no com\u00e9rcio de g\u00e1s de cozinha. Acredito que o Procon tenha dificuldades para fiscalizar, por falta de funcion\u00e1rios e ve\u00edculos\u201d. Sobre o g\u00e1s, ele protestou. \u201cEm cidades vizinhas, custa R$ 20 reais a menos\u201d.<\/p>\n\n\n\n<p><strong>Poda de \u00e1rvores<\/strong><\/p>\n\n\n\n<p>Marlon Lima (PDT) obteve aprova\u00e7\u00e3o para requerimento cobrando da Enel a poda de \u00e1rvore na Imbetiba. Segundo ele, \u00e9 um problema em todo o munic\u00edpio. \u201cOs galhos entram no circuito el\u00e9trico\u201d, afirmou, considerando o risco de acidentes. \u201cPedimos que seja feita uma for\u00e7a-tarefa entre a Enel e o setor do Executivo respons\u00e1vel por essa parte\u201d. Tamb\u00e9m foram aprovadas propostas semelhantes, de Jos\u00e9 Prestes (PTB), para ruas do Visconde de Ara\u00fajo e Mirante da Lagoa.<\/p>\n\n\n\n<p><strong>Altera\u00e7\u00f5es na agenda da C\u00e2mara<\/strong><\/p>\n\n\n\n<p>Cesinha informou que a sess\u00e3o desta quarta-feira (2), que estava marcada para 12h, devido ao jogo da sele\u00e7\u00e3o feminina contra a Jamaica, vai se realizar no hor\u00e1rio normal, \u00e0s 10h. \u201cHouve um consenso na Casa de que n\u00e3o havia a necessidade da mudan\u00e7a\u201d. J\u00e1 a edi\u00e7\u00e3o da C\u00e2mara Itinerante do dia 12 de agosto, na Barra de Maca\u00e9, foi adiada para o s\u00e1bado seguinte, dia 19.<\/p>\n\n\n\n<p><em>Por jornalista Marcello Riella Benites\/ Secom C\u00e2mara de Maca\u00e9<\/em><\/p>\n\n\n\n<p><a href=\"https:\/\/cmmacae.rj.gov.br\/2023\/08\/01\/\"><\/a><\/p>\n","protected":false},"excerpt":{"rendered":"<p>A nova pol\u00edtica de pre\u00e7os da Petrobras deixou combust\u00edveis e g\u00e1s de cozinha mais baratos, mas n\u00e3o em Maca\u00e9. Essa foi a queixa de Iza Vicente (Rede), em proposi\u00e7\u00e3o aprovada no Legislativo, nesta ter\u00e7a-feira (1), questionando o governo. \u201cSempre atrasa a diminui\u00e7\u00e3o dos pre\u00e7os em nossa cidade. Ser\u00e1 que existe algum combinado entre os postos? [&hellip;]<\/p>\n","protected":false},"author":2,"featured_media":11782,"comment_status":"closed","ping_status":"closed","sticky":false,"template":"","format":"standard","meta":{"postBodyCss":"","postBodyMargin":[],"postBodyPadding":[],"postBodyBackground":{"backgroundType":"classic","gradient":""},"footnotes":""},"categories":[42,44],"tags":[94,258,678],"class_list":["post-11780","post","type-post","status-publish","format-standard","has-post-thumbnail","hentry","category-macae","category-politica","tag-camara-municipal-de-macae","tag-combustiveis","tag-gas-de-cozinha"],"aioseo_notices":[],"_links":{"self":[{"href":"https:\/\/aconteceemmacaeeregiao.com.br\/index.php\/wp-json\/wp\/v2\/posts\/11780","targetHints":{"allow":["GET"]}}],"collection":[{"href":"https:\/\/aconteceemmacaeeregiao.com.br\/index.php\/wp-json\/wp\/v2\/posts"}],"about":[{"href":"https:\/\/aconteceemmacaeeregiao.com.br\/index.php\/wp-json\/wp\/v2\/types\/post"}],"author":[{"embeddable":true,"href":"https:\/\/aconteceemmacaeeregiao.com.br\/index.php\/wp-json\/wp\/v2\/users\/2"}],"replies":[{"embeddable":true,"href":"https:\/\/aconteceemmacaeeregiao.com.br\/index.php\/wp-json\/wp\/v2\/comments?post=11780"}],"version-history":[{"count":0,"href":"https:\/\/aconteceemmacaeeregiao.com.br\/index.php\/wp-json\/wp\/v2\/posts\/11780\/revisions"}],"wp:featuredmedia":[{"embeddable":true,"href":"https:\/\/aconteceemmacaeeregiao.com.br\/index.php\/wp-json\/wp\/v2\/media\/11782"}],"wp:attachment":[{"href":"https:\/\/aconteceemmacaeeregiao.com.br\/index.php\/wp-json\/wp\/v2\/media?parent=11780"}],"wp:term":[{"taxonomy":"category","embeddable":true,"href":"https:\/\/aconteceemmacaeeregiao.com.br\/index.php\/wp-json\/wp\/v2\/categories?post=11780"},{"taxonomy":"post_tag","embeddable":true,"href":"https:\/\/aconteceemmacaeeregiao.com.br\/index.php\/wp-json\/wp\/v2\/tags?post=11780"}],"curies":[{"name":"wp","href":"https:\/\/api.w.org\/{rel}","templated":true}]}}