{"id":11848,"date":"2023-08-03T20:23:24","date_gmt":"2023-08-03T23:23:24","guid":{"rendered":"https:\/\/aconteceemmacaeeregiao.com.br\/?p=11848"},"modified":"2023-08-03T20:23:24","modified_gmt":"2023-08-03T23:23:24","slug":"projeto-social-da-prefeitura-movimenta-a-verissimo-de-melo-com-diversos-servicos","status":"publish","type":"post","link":"https:\/\/aconteceemmacaeeregiao.com.br\/index.php\/2023\/08\/03\/projeto-social-da-prefeitura-movimenta-a-verissimo-de-melo-com-diversos-servicos\/","title":{"rendered":"Projeto social da prefeitura movimenta a Ver\u00edssimo de Melo com diversos servi\u00e7os"},"content":{"rendered":"\n<p>A primeira edi\u00e7\u00e3o do &#8220;Desenvolvimento Social em A\u00e7\u00e3o&#8221;, nesta quinta-feira (03), atraiu dezenas de pessoas \u00e0 Pra\u00e7a Ver\u00edssimo de Melo. O evento realizado pela Prefeitura de Maca\u00e9, por meio da Secretaria de Desenvolvimento Social, Direitos Humanos e Acessibilidade, segue at\u00e9 \u00e0s 16h, com diversos servi\u00e7os.<\/p>\n\n\n\n<p>Durante a solenidade de abertura, o vice-prefeito, C\u00e9lio Chapeta, parabenizou todos os profissionais atuantes no evento. \u201cEste \u00e9 um trabalho muito importante que ir\u00e1 atender as expectativas da popula\u00e7\u00e3o, pois aqui est\u00e3o reunidos diversos servi\u00e7os oferecidos pelo governo municipal e os seus parceiros que aceitaram vir aqui e doar um pouco do seu trabalho em prol da popula\u00e7\u00e3o\u201d, frisou.<br><br>A secret\u00e1ria de Desenvolvimento Social, Sabrina Nunes, destaca o Desenvolvimento Social em A\u00e7\u00e3o, como um momento de aproxima\u00e7\u00e3o com a popula\u00e7\u00e3o. \u201cIremos fazer este trabalho de forma itinerante, visando aproximar os servi\u00e7os da secretaria da popula\u00e7\u00e3o. O intuito \u00e9 informar e apresentar um atendimento humanizado, qualificado e t\u00e9cnico, informando como funcionam os servi\u00e7os sociais no munic\u00edpio\u201d, disse. Representando o Legislativo, o vereador Reginaldo do Hospital participou da cerim\u00f4nia de abertura.<br><br>A dona de casa, Francisca Santana, 58 anos, disse que chegou e foi uma das primeiras a pegar a senha para fazer exame de vista. \u201cEstou com um pouco de dificuldade para ler, quando minha irm\u00e3 falou deste servi\u00e7o aqui na pra\u00e7a, vim logo&#8221;, contou. Ap\u00f3s o exame, a dona de casa foi diagnosticada com hipermetropia e presbiopia (s\u00e3o problemas de vis\u00e3o que causam a dificuldade de enxergar de perto).<br><br>Al\u00e9m dos exames de vista, a popula\u00e7\u00e3o contou ainda com atra\u00e7\u00f5es culturais como apresenta\u00e7\u00e3o de dan\u00e7a e de instrumentos musicais, oficina de artesanato, exame de glicemia e de press\u00e3o arterial, corte de cabelo, orienta\u00e7\u00e3o jur\u00eddica, orienta\u00e7\u00e3o sobre Microempreendedor Individual (MEI), Cart\u00e3o do Idoso (Cart\u00e3o Maca\u00e9), entre outros servi\u00e7os.<br><br>\u00c0s 13h, haver\u00e1 apresenta\u00e7\u00e3o musical gospel. J\u00e1 a Orquestra de Flauta do CRAS Nova Esperan\u00e7a ser\u00e1 \u00e0s 13h30. Apresenta\u00e7\u00e3o de jiu-jitsu ser\u00e1 \u00e0s 14h, com o Instituto Acesso, e o cantor Lian Costa fecha a programa\u00e7\u00e3o de apresenta\u00e7\u00f5es \u00e0s 15h.<\/p>\n\n\n\n<p><em>Por jornalista Genimarta Oliveira\/ Secom Pref Maca\u00e9<\/em><\/p>\n","protected":false},"excerpt":{"rendered":"<p>A primeira edi\u00e7\u00e3o do &#8220;Desenvolvimento Social em A\u00e7\u00e3o&#8221;, nesta quinta-feira (03), atraiu dezenas de pessoas \u00e0 Pra\u00e7a Ver\u00edssimo de Melo. O evento realizado pela Prefeitura de Maca\u00e9, por meio da Secretaria de Desenvolvimento Social, Direitos Humanos e Acessibilidade, segue at\u00e9 \u00e0s 16h, com diversos servi\u00e7os. Durante a solenidade de abertura, o vice-prefeito, C\u00e9lio Chapeta, parabenizou [&hellip;]<\/p>\n","protected":false},"author":2,"featured_media":11850,"comment_status":"closed","ping_status":"closed","sticky":false,"template":"","format":"standard","meta":{"postBodyCss":"","postBodyMargin":[],"postBodyPadding":[],"postBodyBackground":{"backgroundType":"classic","gradient":""},"footnotes":""},"categories":[200,42],"tags":[89,561,118],"class_list":["post-11848","post","type-post","status-publish","format-standard","has-post-thumbnail","hentry","category-evento","category-macae","tag-prefeitura","tag-servicos","tag-social"],"aioseo_notices":[],"_links":{"self":[{"href":"https:\/\/aconteceemmacaeeregiao.com.br\/index.php\/wp-json\/wp\/v2\/posts\/11848","targetHints":{"allow":["GET"]}}],"collection":[{"href":"https:\/\/aconteceemmacaeeregiao.com.br\/index.php\/wp-json\/wp\/v2\/posts"}],"about":[{"href":"https:\/\/aconteceemmacaeeregiao.com.br\/index.php\/wp-json\/wp\/v2\/types\/post"}],"author":[{"embeddable":true,"href":"https:\/\/aconteceemmacaeeregiao.com.br\/index.php\/wp-json\/wp\/v2\/users\/2"}],"replies":[{"embeddable":true,"href":"https:\/\/aconteceemmacaeeregiao.com.br\/index.php\/wp-json\/wp\/v2\/comments?post=11848"}],"version-history":[{"count":0,"href":"https:\/\/aconteceemmacaeeregiao.com.br\/index.php\/wp-json\/wp\/v2\/posts\/11848\/revisions"}],"wp:featuredmedia":[{"embeddable":true,"href":"https:\/\/aconteceemmacaeeregiao.com.br\/index.php\/wp-json\/wp\/v2\/media\/11850"}],"wp:attachment":[{"href":"https:\/\/aconteceemmacaeeregiao.com.br\/index.php\/wp-json\/wp\/v2\/media?parent=11848"}],"wp:term":[{"taxonomy":"category","embeddable":true,"href":"https:\/\/aconteceemmacaeeregiao.com.br\/index.php\/wp-json\/wp\/v2\/categories?post=11848"},{"taxonomy":"post_tag","embeddable":true,"href":"https:\/\/aconteceemmacaeeregiao.com.br\/index.php\/wp-json\/wp\/v2\/tags?post=11848"}],"curies":[{"name":"wp","href":"https:\/\/api.w.org\/{rel}","templated":true}]}}