{"id":11883,"date":"2023-08-04T22:36:50","date_gmt":"2023-08-05T01:36:50","guid":{"rendered":"https:\/\/aconteceemmacaeeregiao.com.br\/?p=11883"},"modified":"2023-08-04T22:36:50","modified_gmt":"2023-08-05T01:36:50","slug":"saneamento-esteve-em-pauta-nos-primeiros-meses-de-2023-com-projetos-realizados-pela-brk","status":"publish","type":"post","link":"https:\/\/aconteceemmacaeeregiao.com.br\/index.php\/2023\/08\/04\/saneamento-esteve-em-pauta-nos-primeiros-meses-de-2023-com-projetos-realizados-pela-brk\/","title":{"rendered":"Saneamento esteve em pauta nos primeiros meses de 2023 com projetos realizados pela BRK"},"content":{"rendered":"\n<p><em><strong>Unidades de ensino e outras institui\u00e7\u00f5es participaram de iniciativas socioambientais realizadas pela concession\u00e1ria para tratar do tema em Maca\u00e9-RJ e Rio das Ostras-RJ<\/strong><\/em><\/p>\n\n\n\n<p>O conhecimento sobre saneamento esteve em pauta durante o primeiro semestre deste ano, e a BRK levou o tema a milhares de pessoas em Maca\u00e9-RJ e Rio das Ostras-RJ. Entre institui\u00e7\u00f5es de ensino, entidades do terceiro setor e representantes de bairros, aproximadamente 1.200 pessoas participaram durante janeiro e junho de 2023 de a\u00e7\u00f5es realizadas pela concession\u00e1ria para destacar a import\u00e2ncia do saneamento na preserva\u00e7\u00e3o do meio ambiente e na promo\u00e7\u00e3o da sa\u00fade, demonstrando que todos temos um papel fundamental neste ciclo.&nbsp;<\/p>\n\n\n\n<p>Neste contexto em que a coleta e o tratamento de esgoto est\u00e3o diretamente ligados \u00e0 qualidade de vida da popula\u00e7\u00e3o e \u00e9 necess\u00e1rio incluir o assunto em nosso dia a dia, a BRK busca contribuir neste aprendizado oferecendo uma s\u00e9rie de recursos para levar este conte\u00fado aos espa\u00e7os de debate e aprendizado. Isso inclui apresenta\u00e7\u00f5es sobre o trabalho realizado pela concession\u00e1ria nestes munic\u00edpios e de como os projetos da empresa podem auxiliar na abordagem da pauta ambiental, levando conhecimento sobre saneamento para mais pessoas.<\/p>\n\n\n\n<p>Al\u00e9m das palestras, s\u00e3o oferecidas a\u00e7\u00f5es educativas como o \u201cCineminha BRK\u201d, que reproduz uma sess\u00e3o real de cinema com a exibi\u00e7\u00e3o de filmes de anima\u00e7\u00e3o sobre tratamento de esgoto; o \u201cVil\u00f5es do Esgoto\u201d, que alia aprendizado com interatividade e jogos educativos; e o Programa Portas Abertas, que recebe estudantes nas esta\u00e7\u00f5es de tratamento da BRK para acompanhamento da rotina dos servi\u00e7os de coleta e tratamento de esgoto.<\/p>\n\n\n\n<p>&#8211; \u00c9 muito importante que o processo de aprendizado sobre o ciclo do saneamento esteja presente em nosso dia a dia. E os programas realizados pela BRK auxiliam no compartilhamento dessas informa\u00e7\u00f5es, na forma\u00e7\u00e3o de multiplicadores e na educa\u00e7\u00e3o para a cidadania, j\u00e1 que a preserva\u00e7\u00e3o ambiental envolve todos n\u00f3s \u2013 explica o diretor da BRK Maca\u00e9 e Rio das Ostras, Ricardo Santiago.<\/p>\n\n\n\n<p>J\u00e1 em julho, mesmo no per\u00edodo de f\u00e9rias escolares, a BRK seguiu com parcerias para a realiza\u00e7\u00e3o de iniciativas junto \u00e0 comunidade: com tr\u00eas edi\u00e7\u00f5es de projetos, foram alcan\u00e7adas mais cem pessoas. E h\u00e1 agendamentos at\u00e9 o final deste ano para novas a\u00e7\u00f5es, comprovando que, cada vez mais, h\u00e1 interesse sobre a import\u00e2ncia do tema saneamento b\u00e1sico.&nbsp;<\/p>\n\n\n\n<p><strong>Como participar?<\/strong><\/p>\n\n\n\n<p>O calend\u00e1rio dos projetos socioambientais da BRK em Maca\u00e9 e em Rio das Ostras est\u00e1 pr\u00e9-definido at\u00e9 o final de 2023, mas \u00e9 poss\u00edvel solicitar informa\u00e7\u00f5es sobre novas datas pelo telefone (<strong>22) 99878-0023<\/strong>&nbsp;ou pelos e-mails&nbsp;<a href=\"mailto:plantaosocialmacae@brkambiental.com.br\" target=\"_blank\" rel=\"noreferrer noopener\"><strong>plantaosocialmacae@brkambiental.com.br<\/strong><\/a>&nbsp;e&nbsp;<a href=\"mailto:plantaosocialriodasostras@brkambiental.com.br\" target=\"_blank\" rel=\"noreferrer noopener\"><strong>plantaosocialriodasostras@brkambiental.com.br<\/strong><\/a>. Vale ressaltar que as a\u00e7\u00f5es s\u00e3o realizadas gratuitamente.<\/p>\n\n\n\n<p>Outras op\u00e7\u00f5es para acessar conte\u00fados que podem contribuir nas mudan\u00e7as de comportamento e refletir no ciclo do saneamento s\u00e3o o&nbsp;<a href=\"https:\/\/blog.brkambiental.com.br\/\" target=\"_blank\" rel=\"noreferrer noopener\"><strong>Blog Saneamento em Pauta<\/strong><\/a><strong>&nbsp;(<a href=\"http:\/\/blog.brkambiental.com.br\/\" target=\"_blank\" rel=\"noreferrer noopener\">blog.brkambiental.com.br<\/a>)<\/strong>&nbsp;e a p\u00e1gina&nbsp;<a href=\"http:\/\/www.brkambiental.com.br\/brk-explica\/home\" target=\"_blank\" rel=\"noreferrer noopener\"><strong>BRK Explica<\/strong><\/a><strong>&nbsp;(<\/strong><a href=\"http:\/\/www.brkambiental.com.br\/brk-explica\/home\" target=\"_blank\" rel=\"noreferrer noopener\"><strong>www.brkambiental.com.br\/brk-explica\/home<\/strong><\/a><strong>)<\/strong>.<\/p>\n","protected":false},"excerpt":{"rendered":"<p>Unidades de ensino e outras institui\u00e7\u00f5es participaram de iniciativas socioambientais realizadas pela concession\u00e1ria para tratar do tema em Maca\u00e9-RJ e Rio das Ostras-RJ O conhecimento sobre saneamento esteve em pauta durante o primeiro semestre deste ano, e a BRK levou o tema a milhares de pessoas em Maca\u00e9-RJ e Rio das Ostras-RJ. Entre institui\u00e7\u00f5es de [&hellip;]<\/p>\n","protected":false},"author":2,"featured_media":11886,"comment_status":"closed","ping_status":"closed","sticky":false,"template":"","format":"standard","meta":{"postBodyCss":"","postBodyMargin":[],"postBodyPadding":[],"postBodyBackground":{"backgroundType":"classic","gradient":""},"footnotes":""},"categories":[61,67],"tags":[104,139],"class_list":["post-11883","post","type-post","status-publish","format-standard","has-post-thumbnail","hentry","category-educacao","category-meio-ambiente","tag-brk","tag-saneamento-basico"],"aioseo_notices":[],"_links":{"self":[{"href":"https:\/\/aconteceemmacaeeregiao.com.br\/index.php\/wp-json\/wp\/v2\/posts\/11883","targetHints":{"allow":["GET"]}}],"collection":[{"href":"https:\/\/aconteceemmacaeeregiao.com.br\/index.php\/wp-json\/wp\/v2\/posts"}],"about":[{"href":"https:\/\/aconteceemmacaeeregiao.com.br\/index.php\/wp-json\/wp\/v2\/types\/post"}],"author":[{"embeddable":true,"href":"https:\/\/aconteceemmacaeeregiao.com.br\/index.php\/wp-json\/wp\/v2\/users\/2"}],"replies":[{"embeddable":true,"href":"https:\/\/aconteceemmacaeeregiao.com.br\/index.php\/wp-json\/wp\/v2\/comments?post=11883"}],"version-history":[{"count":0,"href":"https:\/\/aconteceemmacaeeregiao.com.br\/index.php\/wp-json\/wp\/v2\/posts\/11883\/revisions"}],"wp:featuredmedia":[{"embeddable":true,"href":"https:\/\/aconteceemmacaeeregiao.com.br\/index.php\/wp-json\/wp\/v2\/media\/11886"}],"wp:attachment":[{"href":"https:\/\/aconteceemmacaeeregiao.com.br\/index.php\/wp-json\/wp\/v2\/media?parent=11883"}],"wp:term":[{"taxonomy":"category","embeddable":true,"href":"https:\/\/aconteceemmacaeeregiao.com.br\/index.php\/wp-json\/wp\/v2\/categories?post=11883"},{"taxonomy":"post_tag","embeddable":true,"href":"https:\/\/aconteceemmacaeeregiao.com.br\/index.php\/wp-json\/wp\/v2\/tags?post=11883"}],"curies":[{"name":"wp","href":"https:\/\/api.w.org\/{rel}","templated":true}]}}