{"id":11979,"date":"2023-08-09T20:58:59","date_gmt":"2023-08-09T23:58:59","guid":{"rendered":"https:\/\/aconteceemmacaeeregiao.com.br\/?p=11979"},"modified":"2023-08-09T20:58:59","modified_gmt":"2023-08-09T23:58:59","slug":"macae-tem-programacao-especial-pelo-agosto-dourado","status":"publish","type":"post","link":"https:\/\/aconteceemmacaeeregiao.com.br\/index.php\/2023\/08\/09\/macae-tem-programacao-especial-pelo-agosto-dourado\/","title":{"rendered":"Maca\u00e9 tem programa\u00e7\u00e3o especial pelo &#8216;Agosto Dourado&#8217;"},"content":{"rendered":"\n<p>Fonte de alimento e v\u00ednculo entre m\u00e3e e filho, a amamenta\u00e7\u00e3o desempenha um papel fundamental na sa\u00fade e no desenvolvimento infantil. Em Maca\u00e9, a Ger\u00eancia de Alimenta\u00e7\u00e3o e Nutri\u00e7\u00e3o da Secretaria de Sa\u00fade preparou uma programa\u00e7\u00e3o especial pelo &#8220;Agosto Dourado&#8221;, m\u00eas do Aleitamento Materno no Brasil.<\/p>\n\n\n\n<p>A gerente de Alimenta\u00e7\u00e3o e Nutri\u00e7\u00e3o, Ver\u00f4nica Martins Guimar\u00e3es, lembra que o tema deste ano \u00e9 &#8220;Apoie a amamenta\u00e7\u00e3o: fa\u00e7a a diferen\u00e7a para m\u00e3es e pais que trabalham&#8221;, que visa a continuidade do aleitamento na volta ao trabalho.<br><\/p>\n\n\n\n<blockquote class=\"wp-block-quote is-layout-flow wp-block-quote-is-layout-flow\">\n<p>&#8220;Por meio do leite materno o beb\u00ea recebe os anticorpos da m\u00e3e que o protegem contra diversas doen\u00e7as e infec\u00e7\u00f5es&#8221;, disse.<\/p>\n<\/blockquote>\n\n\n\n<p>Ver\u00f4nica ressalta que dentro da programa\u00e7\u00e3o ao longo do m\u00eas ser\u00e3o realizadas oficinas, palestras em sala de espera, reuni\u00f5es, mapeamento com avalia\u00e7\u00e3o nutricional, roda de conversa e inaugura\u00e7\u00e3o da sala de Acolhimento Materno.<\/p>\n\n\n\n<p>Na pr\u00f3xima ter\u00e7a-feira (15), acontece a &#8220;Oficina de atualiza\u00e7\u00e3o em amamenta\u00e7\u00e3o e alimenta\u00e7\u00e3o complementar&#8221;, voltada para profissionais da rede municipal de sa\u00fade. O evento ser\u00e1 em parceria com a Universidade Federal do Rio de Janeiro (UFRJ) e ser\u00e1 realizado no audit\u00f3rio do bloco B da Cidade Universit\u00e1ria.<\/p>\n\n\n\n<p><strong>Amamenta\u00e7\u00e3o<br><\/strong>A amamenta\u00e7\u00e3o \u00e9 um ato que envolve a alimenta\u00e7\u00e3o e o v\u00ednculo entre m\u00e3e e filho. O &#8220;Agosto Dourado&#8221;, o m\u00eas do Aleitamento Materno no Brasil, \u00e9 um momento onde s\u00e3o promovidas diversas a\u00e7\u00f5es em todo o pa\u00eds para a conscientiza\u00e7\u00e3o sobre a import\u00e2ncia da amamenta\u00e7\u00e3o. A escolha da cor dourada do m\u00eas est\u00e1 relacionada ao padr\u00e3o ouro de qualidade conferido ao leite humano e simboliza o incentivo ao aleitamento materno.<\/p>\n\n\n\n<p>A Ger\u00eancia de Alimenta\u00e7\u00e3o e Nutri\u00e7\u00e3o funciona na Rua Silva Jardim, 164, de 8 \u00e0s 18 horas.<\/p>\n\n\n\n<p><em>Por jornalista <em>Genimarta Oliveira<\/em>\/ Secom Pref. de Maca\u00e9<\/em><\/p>\n","protected":false},"excerpt":{"rendered":"<p>Fonte de alimento e v\u00ednculo entre m\u00e3e e filho, a amamenta\u00e7\u00e3o desempenha um papel fundamental na sa\u00fade e no desenvolvimento infantil. Em Maca\u00e9, a Ger\u00eancia de Alimenta\u00e7\u00e3o e Nutri\u00e7\u00e3o da Secretaria de Sa\u00fade preparou uma programa\u00e7\u00e3o especial pelo &#8220;Agosto Dourado&#8221;, m\u00eas do Aleitamento Materno no Brasil. A gerente de Alimenta\u00e7\u00e3o e Nutri\u00e7\u00e3o, Ver\u00f4nica Martins Guimar\u00e3es, [&hellip;]<\/p>\n","protected":false},"author":2,"featured_media":11982,"comment_status":"closed","ping_status":"closed","sticky":false,"template":"","format":"standard","meta":{"postBodyCss":"","postBodyMargin":[],"postBodyPadding":[],"postBodyBackground":{"backgroundType":"classic","gradient":""},"footnotes":""},"categories":[42],"tags":[694,693],"class_list":["post-11979","post","type-post","status-publish","format-standard","has-post-thumbnail","hentry","category-macae","tag-agosto-dourado","tag-aleitamento-materno"],"aioseo_notices":[],"_links":{"self":[{"href":"https:\/\/aconteceemmacaeeregiao.com.br\/index.php\/wp-json\/wp\/v2\/posts\/11979","targetHints":{"allow":["GET"]}}],"collection":[{"href":"https:\/\/aconteceemmacaeeregiao.com.br\/index.php\/wp-json\/wp\/v2\/posts"}],"about":[{"href":"https:\/\/aconteceemmacaeeregiao.com.br\/index.php\/wp-json\/wp\/v2\/types\/post"}],"author":[{"embeddable":true,"href":"https:\/\/aconteceemmacaeeregiao.com.br\/index.php\/wp-json\/wp\/v2\/users\/2"}],"replies":[{"embeddable":true,"href":"https:\/\/aconteceemmacaeeregiao.com.br\/index.php\/wp-json\/wp\/v2\/comments?post=11979"}],"version-history":[{"count":0,"href":"https:\/\/aconteceemmacaeeregiao.com.br\/index.php\/wp-json\/wp\/v2\/posts\/11979\/revisions"}],"wp:featuredmedia":[{"embeddable":true,"href":"https:\/\/aconteceemmacaeeregiao.com.br\/index.php\/wp-json\/wp\/v2\/media\/11982"}],"wp:attachment":[{"href":"https:\/\/aconteceemmacaeeregiao.com.br\/index.php\/wp-json\/wp\/v2\/media?parent=11979"}],"wp:term":[{"taxonomy":"category","embeddable":true,"href":"https:\/\/aconteceemmacaeeregiao.com.br\/index.php\/wp-json\/wp\/v2\/categories?post=11979"},{"taxonomy":"post_tag","embeddable":true,"href":"https:\/\/aconteceemmacaeeregiao.com.br\/index.php\/wp-json\/wp\/v2\/tags?post=11979"}],"curies":[{"name":"wp","href":"https:\/\/api.w.org\/{rel}","templated":true}]}}