{"id":12077,"date":"2023-08-14T20:34:12","date_gmt":"2023-08-14T23:34:12","guid":{"rendered":"https:\/\/aconteceemmacaeeregiao.com.br\/?p=12077"},"modified":"2023-08-14T20:34:12","modified_gmt":"2023-08-14T23:34:12","slug":"programa-de-estagio-da-firjan-inscricoes-abertas-para-estudantes","status":"publish","type":"post","link":"https:\/\/aconteceemmacaeeregiao.com.br\/index.php\/2023\/08\/14\/programa-de-estagio-da-firjan-inscricoes-abertas-para-estudantes\/","title":{"rendered":"Programa de Est\u00e1gio da Firjan: inscri\u00e7\u00f5es abertas para estudantes"},"content":{"rendered":"\n<p><strong><em>Inscri\u00e7\u00f5es est\u00e3o abertas para alunos da \u00e1rea t\u00e9cnica e do ensino universit\u00e1rio<\/em><\/strong><\/p>\n\n\n\n<p>Vagas para estudantes de diversas \u00e1reas, em uma grande empresa com todas as \u00e1reas eleg\u00edveis, \u00e9 o que oferece o Programa de Est\u00e1gio da Firjan para alunos da \u00e1rea t\u00e9cnica e do ensino universit\u00e1rio<a href=\"https:\/\/www.firjan.com.br\/trabalhe-conosco\/programa-estagio.htm\" target=\"_blank\" rel=\"noreferrer noopener\">. Com inscri\u00e7\u00f5es abertas at\u00e9 01\/09<\/a>, o est\u00e1gio tem dura\u00e7\u00e3o de seis meses a dois anos e carga hor\u00e1ria de quatro ou seis horas di\u00e1rias, com benef\u00edcios que incluem bolsa-aux\u00edlio, vale-refei\u00e7\u00e3o, aux\u00edlio-transporte, seguro de vida e recesso. O processo de sele\u00e7\u00e3o do programa come\u00e7a com a inscri\u00e7\u00e3o on-line no site da Firjan, seguida de entrevistas individuais, resolu\u00e7\u00e3o de cases, conversa de alinhamento e painel final.<\/p>\n\n\n\n<p>Estudantes de cursos t\u00e9cnicos, inclusive dos mais de 20 cursos da Firjan SENAI, e universit\u00e1rios est\u00e3o aptos a entrar no Programa de Est\u00e1gio, que engloba diversas \u00e1reas de atua\u00e7\u00e3o: Competitividade, Comunica\u00e7\u00e3o, Desenvolvimento e Inova\u00e7\u00e3o, Educa\u00e7\u00e3o, Gest\u00e3o de Pessoas, Integridade Corporativa, Jur\u00eddico, Neg\u00f3cios, Petr\u00f3leo, G\u00e1s e Naval, Planejamento e Finan\u00e7as, Planejamento Estrat\u00e9gico, Relacionamento, Rela\u00e7\u00f5es Institucionais, Sa\u00fade e Seguran\u00e7a do Trabalho, Suprimentos e Servi\u00e7os, Tecnologia da Informa\u00e7\u00e3o e Tecnologia e Inova\u00e7\u00e3o.<\/p>\n\n\n\n<p>O objetivo do programa, previsto para come\u00e7ar no m\u00eas de novembro, \u00e9 levar aos estudantes a oportunidade de complementar a sua forma\u00e7\u00e3o escolar, por meio de experi\u00eancias profissionais e de a\u00e7\u00f5es de desenvolvimento que promovam o aperfei\u00e7oamento t\u00e9cnico, cultural e de relacionamento humano.<\/p>\n\n\n\n<p>\u201cO Programa de Est\u00e1gio da Firjan contribui na forma\u00e7\u00e3o de novas gera\u00e7\u00f5es de profissionais e ajuda a criar e manter um ambiente de renova\u00e7\u00e3o, de oxigena\u00e7\u00e3o permanente para a Firjan e para as empresas, que posteriormente aproveitam nossos estagi\u00e1rios\u201d, enfatiza Cintia Miranda, gerente de Sele\u00e7\u00e3o e Administra\u00e7\u00e3o de Pessoal da Firjan.<\/p>\n\n\n\n<p><strong>Desenvolvimento<\/strong><\/p>\n\n\n\n<p>Para permitir um acompanhamento mais pr\u00f3ximo do estagi\u00e1rio, o programa prev\u00ea a realiza\u00e7\u00e3o de uma trilha de desenvolvimento, ou seja, momentos de capacita\u00e7\u00e3o sobre as tem\u00e1ticas mais atuais para o profissional. A Firjan ainda proporciona a roteiriza\u00e7\u00e3o de eventos, abordando fatores t\u00e9cnicos da forma\u00e7\u00e3o acad\u00eamica universit\u00e1ria ou da escola t\u00e9cnica, um canal de comunica\u00e7\u00e3o para discuss\u00f5es e sugest\u00f5es e, at\u00e9 mesmo, para rodas de di\u00e1logo com executivos da federa\u00e7\u00e3o.<\/p>\n\n\n\n<p>Cintia Miranda chama a aten\u00e7\u00e3o para o fato de o est\u00e1gio ser totalmente pr\u00e1tico e de o jovem se envolver em todas as tarefas. \u201cOs estagi\u00e1rios t\u00eam a oportunidade de vivenciar o dia a dia da profiss\u00e3o, por meio de experi\u00eancias pr\u00e1ticas, participando ativamente da rotina, dos processos e dos projetos da empresa\u201d, acrescenta.<\/p>\n\n\n\n<p>\u201cEstou tendo contato com uma parte pr\u00e1tica que complementa o meu conhecimento e isso tem sido maravilhoso. \u00c9 muito gratificante aprender cada dia mais, cuidar do pr\u00f3ximo e zelar pelo bem-estar das pessoas. Os dias s\u00e3o muito din\u00e2micos\u201d, destaca Caroline Albuquerque, estagi\u00e1ria em T\u00e9cnica de Seguran\u00e7a do Trabalho.<\/p>\n\n\n\n<p><em>Por Ascom Firjan<\/em><\/p>\n","protected":false},"excerpt":{"rendered":"<p>Inscri\u00e7\u00f5es est\u00e3o abertas para alunos da \u00e1rea t\u00e9cnica e do ensino universit\u00e1rio Vagas para estudantes de diversas \u00e1reas, em uma grande empresa com todas as \u00e1reas eleg\u00edveis, \u00e9 o que oferece o Programa de Est\u00e1gio da Firjan para alunos da \u00e1rea t\u00e9cnica e do ensino universit\u00e1rio. Com inscri\u00e7\u00f5es abertas at\u00e9 01\/09, o est\u00e1gio tem dura\u00e7\u00e3o [&hellip;]<\/p>\n","protected":false},"author":2,"featured_media":12079,"comment_status":"closed","ping_status":"closed","sticky":false,"template":"","format":"standard","meta":{"postBodyCss":"","postBodyMargin":[],"postBodyPadding":[],"postBodyBackground":{"backgroundType":"classic","gradient":""},"footnotes":""},"categories":[61,73,43],"tags":[194,75,82],"class_list":["post-12077","post","type-post","status-publish","format-standard","has-post-thumbnail","hentry","category-educacao","category-emprego","category-regiao","tag-estagio","tag-firjan","tag-oportunidade"],"aioseo_notices":[],"_links":{"self":[{"href":"https:\/\/aconteceemmacaeeregiao.com.br\/index.php\/wp-json\/wp\/v2\/posts\/12077","targetHints":{"allow":["GET"]}}],"collection":[{"href":"https:\/\/aconteceemmacaeeregiao.com.br\/index.php\/wp-json\/wp\/v2\/posts"}],"about":[{"href":"https:\/\/aconteceemmacaeeregiao.com.br\/index.php\/wp-json\/wp\/v2\/types\/post"}],"author":[{"embeddable":true,"href":"https:\/\/aconteceemmacaeeregiao.com.br\/index.php\/wp-json\/wp\/v2\/users\/2"}],"replies":[{"embeddable":true,"href":"https:\/\/aconteceemmacaeeregiao.com.br\/index.php\/wp-json\/wp\/v2\/comments?post=12077"}],"version-history":[{"count":0,"href":"https:\/\/aconteceemmacaeeregiao.com.br\/index.php\/wp-json\/wp\/v2\/posts\/12077\/revisions"}],"wp:featuredmedia":[{"embeddable":true,"href":"https:\/\/aconteceemmacaeeregiao.com.br\/index.php\/wp-json\/wp\/v2\/media\/12079"}],"wp:attachment":[{"href":"https:\/\/aconteceemmacaeeregiao.com.br\/index.php\/wp-json\/wp\/v2\/media?parent=12077"}],"wp:term":[{"taxonomy":"category","embeddable":true,"href":"https:\/\/aconteceemmacaeeregiao.com.br\/index.php\/wp-json\/wp\/v2\/categories?post=12077"},{"taxonomy":"post_tag","embeddable":true,"href":"https:\/\/aconteceemmacaeeregiao.com.br\/index.php\/wp-json\/wp\/v2\/tags?post=12077"}],"curies":[{"name":"wp","href":"https:\/\/api.w.org\/{rel}","templated":true}]}}