{"id":12085,"date":"2023-08-14T21:00:31","date_gmt":"2023-08-15T00:00:31","guid":{"rendered":"https:\/\/aconteceemmacaeeregiao.com.br\/?p=12085"},"modified":"2023-08-14T21:00:32","modified_gmt":"2023-08-15T00:00:32","slug":"escola-do-tribunal-de-contas-com-inscricoes-abertas","status":"publish","type":"post","link":"https:\/\/aconteceemmacaeeregiao.com.br\/index.php\/2023\/08\/14\/escola-do-tribunal-de-contas-com-inscricoes-abertas\/","title":{"rendered":"Escola do Tribunal de Contas com inscri\u00e7\u00f5es abertas"},"content":{"rendered":"\n<p>Al\u00e9m dos cursos presenciais, a Escola de Contas e Gest\u00e3o do Tribunal de Contas do Estado do Rio de Janeiro &#8211; ECG\/TCE tamb\u00e9m oferece a modalidade online. O objetivo \u00e9 fazer com que o servidor n\u00e3o precise se deslocar para estudar. Nesta perspectiva, o \u00f3rg\u00e3o est\u00e1 com inscri\u00e7\u00f5es abertas para oito cursos.<\/p>\n\n\n\n<p>A Controladoria Geral de Maca\u00e9 refor\u00e7a que a proposta \u00e9 otimizar as tomadas de decis\u00e3o e comunica\u00e7\u00e3o, preparando o profissional para realizar as atividades com mais autonomia e efici\u00eancia, refletindo positivamente no n\u00edvel de produtividade e na qualidade da entrega de resultados da organiza\u00e7\u00e3o.<br><br>A subcontroladora geral do munic\u00edpio, Fernanda Felix, lembra que os servidores que forem fazer os cursos na modalidade virtual n\u00e3o precisam enviar of\u00edcio para aprova\u00e7\u00e3o de matr\u00edcula. \u201cO profissional deve ficar atento para as informa\u00e7\u00f5es enviadas por e-mail pela Escola de Contas e Gest\u00e3o &#8211; ECG ap\u00f3s a pr\u00e9-inscri\u00e7\u00e3o\u201d, observou.<br><br>A Escola de Contas e Gest\u00e3o \u00e9 uma escola de capacita\u00e7\u00e3o de servidores promovida pelo Tribunal de Contas do Estado do Rio de Janeiro. O programa ECG Presente (escola itinerante) leva a capacita\u00e7\u00e3o at\u00e9 os munic\u00edpios jurisdicionados do Tribunal. Maca\u00e9 \u00e9 a sede do Polo da Regi\u00e3o dos Lagos, sendo refer\u00eancia para mais 16 munic\u00edpios. Mais informa\u00e7\u00f5es em:&nbsp;<a href=\"https:\/\/portal-br.tcerj.tc.br\/web\/ecg\"><strong>https:\/\/portal-br.tcerj.tc.br\/web\/ecg<\/strong><\/a>.<br><br><strong>Confiram os Cursos na Modalidade Ambiente Virtual de Aprendizagem (Online):<\/strong><\/p>\n\n\n\n<ul class=\"wp-block-list\">\n<li>A Fun\u00e7\u00e3o Fiscalizadora dos Tribunais de Contas &#8211; Curso on-line TCE-PR (2h)<\/li>\n\n\n\n<li>Atos de Pessoal: Teoria e Pr\u00e1tica &#8211; M\u00f3dulo ADMISS\u00c3O &#8211; Curso on-line TCE-PR (8h)<\/li>\n\n\n\n<li>Contrata\u00e7\u00e3o e Fiscaliza\u00e7\u00e3o de Obras P\u00fablicas &#8211; EAD\/ECG (30h)<\/li>\n\n\n\n<li>Fraudes em Licita\u00e7\u00f5es &#8211; Curso on-line TCE-PR (12h)<\/li>\n\n\n\n<li>Licita\u00e7\u00f5es: Quest\u00f5es Pr\u00e1ticas e Casos Concretos &#8211; Curso on-line TCE-PR (6h)<\/li>\n\n\n\n<li>M\u00eddias Sociais &#8211; Curso on-line TCE-PR (2h)<\/li>\n\n\n\n<li>A Nova Lei de Licita\u00e7\u00f5es e Contratos: aspectos gerais e pontos de aten\u00e7\u00e3o &#8211; EAD\/ECG (40h)<\/li>\n\n\n\n<li>Reda\u00e7\u00e3o na administra\u00e7\u00e3o p\u00fablica: elabora\u00e7\u00e3o de textos oficiais &#8211; EAD\/ECG (42h).<\/li>\n<\/ul>\n\n\n\n<p><em>Por jornalista <em>Genimarta Oliveira<\/em>\/ Secom Pref. de Maca\u00e9<\/em><\/p>\n","protected":false},"excerpt":{"rendered":"<p>Al\u00e9m dos cursos presenciais, a Escola de Contas e Gest\u00e3o do Tribunal de Contas do Estado do Rio de Janeiro &#8211; ECG\/TCE tamb\u00e9m oferece a modalidade online. O objetivo \u00e9 fazer com que o servidor n\u00e3o precise se deslocar para estudar. Nesta perspectiva, o \u00f3rg\u00e3o est\u00e1 com inscri\u00e7\u00f5es abertas para oito cursos. A Controladoria Geral [&hellip;]<\/p>\n","protected":false},"author":2,"featured_media":12087,"comment_status":"closed","ping_status":"closed","sticky":false,"template":"","format":"standard","meta":{"postBodyCss":"","postBodyMargin":[],"postBodyPadding":[],"postBodyBackground":{"backgroundType":"classic","gradient":""},"footnotes":""},"categories":[42],"tags":[82,74,544,543],"class_list":["post-12085","post","type-post","status-publish","format-standard","has-post-thumbnail","hentry","category-macae","tag-oportunidade","tag-rio-de-janeiro","tag-servidores","tag-tce"],"aioseo_notices":[],"_links":{"self":[{"href":"https:\/\/aconteceemmacaeeregiao.com.br\/index.php\/wp-json\/wp\/v2\/posts\/12085","targetHints":{"allow":["GET"]}}],"collection":[{"href":"https:\/\/aconteceemmacaeeregiao.com.br\/index.php\/wp-json\/wp\/v2\/posts"}],"about":[{"href":"https:\/\/aconteceemmacaeeregiao.com.br\/index.php\/wp-json\/wp\/v2\/types\/post"}],"author":[{"embeddable":true,"href":"https:\/\/aconteceemmacaeeregiao.com.br\/index.php\/wp-json\/wp\/v2\/users\/2"}],"replies":[{"embeddable":true,"href":"https:\/\/aconteceemmacaeeregiao.com.br\/index.php\/wp-json\/wp\/v2\/comments?post=12085"}],"version-history":[{"count":0,"href":"https:\/\/aconteceemmacaeeregiao.com.br\/index.php\/wp-json\/wp\/v2\/posts\/12085\/revisions"}],"wp:featuredmedia":[{"embeddable":true,"href":"https:\/\/aconteceemmacaeeregiao.com.br\/index.php\/wp-json\/wp\/v2\/media\/12087"}],"wp:attachment":[{"href":"https:\/\/aconteceemmacaeeregiao.com.br\/index.php\/wp-json\/wp\/v2\/media?parent=12085"}],"wp:term":[{"taxonomy":"category","embeddable":true,"href":"https:\/\/aconteceemmacaeeregiao.com.br\/index.php\/wp-json\/wp\/v2\/categories?post=12085"},{"taxonomy":"post_tag","embeddable":true,"href":"https:\/\/aconteceemmacaeeregiao.com.br\/index.php\/wp-json\/wp\/v2\/tags?post=12085"}],"curies":[{"name":"wp","href":"https:\/\/api.w.org\/{rel}","templated":true}]}}