{"id":12090,"date":"2023-08-14T21:36:08","date_gmt":"2023-08-15T00:36:08","guid":{"rendered":"https:\/\/aconteceemmacaeeregiao.com.br\/?p=12090"},"modified":"2023-08-14T21:36:09","modified_gmt":"2023-08-15T00:36:09","slug":"macae-realiza-cirurgias-de-catarata-e-devolve-visao-a-pacientes","status":"publish","type":"post","link":"https:\/\/aconteceemmacaeeregiao.com.br\/index.php\/2023\/08\/14\/macae-realiza-cirurgias-de-catarata-e-devolve-visao-a-pacientes\/","title":{"rendered":"Maca\u00e9 realiza cirurgias de catarata e devolve vis\u00e3o a pacientes"},"content":{"rendered":"\n<p>Na \u00faltima semana, a cidade de Maca\u00e9 deu in\u00edcio a um programa pioneiro de cirurgias de catarata, marcando um importante passo na \u00e1rea da sa\u00fade oftalmol\u00f3gica. Sob a coordena\u00e7\u00e3o da Secretaria de Sa\u00fade, 43 pacientes tiveram a oportunidade de passar pelo procedimento, transformando suas vidas e recuperando a qualidade visual.<\/p>\n\n\n\n<p>Dentre os beneficiados est\u00e1 Genaldo Gon\u00e7alves dos Santos, de 72 anos, que descreve a transforma\u00e7\u00e3o como significativa: &#8220;A vida agora est\u00e1 totalmente diferente!&#8221;, declarou ele, emocionado. A iniciativa da Prefeitura de Maca\u00e9 visa proporcionar acesso local a tratamentos de sa\u00fade essenciais, evitando a necessidade de deslocamento para outras localidades.<\/p>\n\n\n\n<p>A secret\u00e1ria de Aten\u00e7\u00e3o B\u00e1sica, Nat\u00e1lia Antunes, enfatizou o compromisso cont\u00ednuo com a sa\u00fade da popula\u00e7\u00e3o: &#8220;De julho at\u00e9 agora, j\u00e1 contabilizamos cerca de 500 procedimentos realizados nesta \u00e1rea, entre consultas, exames pr\u00e9-operat\u00f3rios, ultrassonografias e outros. Estamos avan\u00e7ando com o projeto do Hospital de Olhos para oferecer \u00e0 popula\u00e7\u00e3o o cuidado que ela merece quando o assunto \u00e9 a sa\u00fade&#8221;, disse.<\/p>\n\n\n\n<p>O m\u00e9dico oftalmologista, Davidson Louren\u00e7o Dias, explicou que a revis\u00e3o integra as avalia\u00e7\u00f5es que s\u00e3o feitas com todos os pacientes que passam por uma cirurgia como essa. \u201cEsta \u00e9 a segunda an\u00e1lise. A primeira aconteceu logo ap\u00f3s o procedimento, no s\u00e1bado. Nesta de hoje, checamos se j\u00e1 houve melhora na acuidade visual, se h\u00e1 algum edema na c\u00f3rnea, enfim, todo o quadro cl\u00ednico do paciente. A pr\u00f3xima ser\u00e1 no dia 29 de agosto, quando faremos a \u00faltima consulta para libera\u00e7\u00e3o total dos pacientes para o retorno de suas atividades cotidianas\u201d, detalhou.<\/p>\n\n\n\n<p><em>Por O Dia<\/em><\/p>\n","protected":false},"excerpt":{"rendered":"<p>Na \u00faltima semana, a cidade de Maca\u00e9 deu in\u00edcio a um programa pioneiro de cirurgias de catarata, marcando um importante passo na \u00e1rea da sa\u00fade oftalmol\u00f3gica. Sob a coordena\u00e7\u00e3o da Secretaria de Sa\u00fade, 43 pacientes tiveram a oportunidade de passar pelo procedimento, transformando suas vidas e recuperando a qualidade visual. Dentre os beneficiados est\u00e1 Genaldo [&hellip;]<\/p>\n","protected":false},"author":2,"featured_media":12092,"comment_status":"closed","ping_status":"closed","sticky":false,"template":"","format":"standard","meta":{"postBodyCss":"","postBodyMargin":[],"postBodyPadding":[],"postBodyBackground":{"backgroundType":"classic","gradient":""},"footnotes":""},"categories":[42],"tags":[707,391],"class_list":["post-12090","post","type-post","status-publish","format-standard","has-post-thumbnail","hentry","category-macae","tag-catarata","tag-cirurgia"],"aioseo_notices":[],"_links":{"self":[{"href":"https:\/\/aconteceemmacaeeregiao.com.br\/index.php\/wp-json\/wp\/v2\/posts\/12090","targetHints":{"allow":["GET"]}}],"collection":[{"href":"https:\/\/aconteceemmacaeeregiao.com.br\/index.php\/wp-json\/wp\/v2\/posts"}],"about":[{"href":"https:\/\/aconteceemmacaeeregiao.com.br\/index.php\/wp-json\/wp\/v2\/types\/post"}],"author":[{"embeddable":true,"href":"https:\/\/aconteceemmacaeeregiao.com.br\/index.php\/wp-json\/wp\/v2\/users\/2"}],"replies":[{"embeddable":true,"href":"https:\/\/aconteceemmacaeeregiao.com.br\/index.php\/wp-json\/wp\/v2\/comments?post=12090"}],"version-history":[{"count":0,"href":"https:\/\/aconteceemmacaeeregiao.com.br\/index.php\/wp-json\/wp\/v2\/posts\/12090\/revisions"}],"wp:featuredmedia":[{"embeddable":true,"href":"https:\/\/aconteceemmacaeeregiao.com.br\/index.php\/wp-json\/wp\/v2\/media\/12092"}],"wp:attachment":[{"href":"https:\/\/aconteceemmacaeeregiao.com.br\/index.php\/wp-json\/wp\/v2\/media?parent=12090"}],"wp:term":[{"taxonomy":"category","embeddable":true,"href":"https:\/\/aconteceemmacaeeregiao.com.br\/index.php\/wp-json\/wp\/v2\/categories?post=12090"},{"taxonomy":"post_tag","embeddable":true,"href":"https:\/\/aconteceemmacaeeregiao.com.br\/index.php\/wp-json\/wp\/v2\/tags?post=12090"}],"curies":[{"name":"wp","href":"https:\/\/api.w.org\/{rel}","templated":true}]}}