{"id":12145,"date":"2023-08-16T22:19:58","date_gmt":"2023-08-17T01:19:58","guid":{"rendered":"https:\/\/aconteceemmacaeeregiao.com.br\/?p=12145"},"modified":"2023-08-16T23:48:12","modified_gmt":"2023-08-17T02:48:12","slug":"atletismo-de-macae-com-resultados-historicos","status":"publish","type":"post","link":"https:\/\/aconteceemmacaeeregiao.com.br\/index.php\/2023\/08\/16\/atletismo-de-macae-com-resultados-historicos\/","title":{"rendered":"Atletismo de Maca\u00e9 com resultados hist\u00f3ricos"},"content":{"rendered":"\n<p>O programa Atletismo Maca\u00e9, do Ciep 455 Maring\u00e1, conquistou resultados hist\u00f3ricos. No \u00faltimo final de semana foram alcan\u00e7adas pontua\u00e7\u00f5es expressivas na disputa do Campeonato Brasileiro Interclubes Sub-18 de Atletismo, realizado em Aracaju (Sergipe). A aluna Hakelly de Souza Maximiano da Silva, uma das revela\u00e7\u00f5es, conquistou duas medalhas de ouro nas provas de 100 e 200 metros rasos. Ela foi reconhecida como &#8220;a menina mais veloz do Brasil&#8221; na categoria que vai at\u00e9 17 anos.<\/p>\n\n\n\n<p>O desempenho da representante de Maca\u00e9 \u00e9 motivo de comemora\u00e7\u00e3o: a aluna, que pratica atletismo h\u00e1 apenas um ano, ainda \u00e9 da categoria Sub-16 por ter somente 14 anos. Ela venceu a prova dos 100 metros surpreendendo e ultrapassando todas as advers\u00e1rias. Na pista, Hakelly reagiu \u00e0 dificuldade na largada e cruzou a linha de chegada em primeiro lugar. A conquista de Hakelly est\u00e1 sendo aplaudida pela comunidade escolar do Ciep Maring\u00e1, amantes e apoiadores do esporte em Maca\u00e9.<br><br>A estudante do 7\u00b0 ano, moradora do bairro Novo Horizonte, ainda fez mais: venceu tamb\u00e9m a prova dos 200 metros rasos, superando outras competidoras que j\u00e1 fazem parte da Sele\u00e7\u00e3o Brasileira de Atletismo e representaram o pa\u00eds em competi\u00e7\u00f5es internacionais, conquistando in\u00fameras medalhas. Esse fator, segundo o professor da equipe, Hiller Franco, valoriza ainda mais a conquista da Hakelly.<br><br>Outra conquista foi da atleta Nykolli Alves da Silva Rangel, que ganhou a medalha de bronze na prova dos 400 metros com barreiras. Ela \u00e9 moradora do bairro Virgem Santa, tem 17 anos e concluiu o Ensino Fundamental no Col\u00e9gio Municipal Generino Teot\u00f4nio de Luna, na Virgem Santa.<br><br>Atualmente estudante do Instituto Federal Fluminense (IFF-Maca\u00e9), esse ano a estudante tamb\u00e9m recebeu medalha de bronze nos Jogos Escolares Brasileiros de Atletismo, em Bras\u00edlia, no m\u00eas de mar\u00e7o. Ela tamb\u00e9m foi a primeira atleta representante do munic\u00edpio, treinando em Maca\u00e9, a disputar o Trof\u00e9u Brasil, em Cuiab\u00e1, no \u00faltimo m\u00eas de julho. A competi\u00e7\u00e3o \u00e9 considerada a maior e mais importante competi\u00e7\u00e3o do atletismo brasileiro.<br><\/p>\n\n\n\n<blockquote class=\"wp-block-quote is-layout-flow wp-block-quote-is-layout-flow\">\n<p>&#8220;Ela agora se coloca firme no cen\u00e1rio do Atletismo Brasileiro, se tornando tamb\u00e9m refer\u00eancia para outros jovens do munic\u00edpio e do estado&#8221;, pontua Hiller Franco. Nykolli tamb\u00e9m participou da prova dos 2.000 metros com obst\u00e1culos, em Aracaju, ficando em 7\u00b0 lugar.<\/p>\n<\/blockquote>\n\n\n\n<p>Hiller Franco salienta que a equipe de Maca\u00e9, a Associa\u00e7\u00e3o Esportiva Cidadania e Dignidade (AECD), entidade pr\u00e1tica pela qual os atletas macaenses s\u00e3o registrados na Confedera\u00e7\u00e3o Brasileira de Atletismo (CBAt), foi o clube do Estado do Rio que mais levou atletas para o Campeonato Brasileiro.<\/p>\n\n\n\n<blockquote class=\"wp-block-quote is-layout-flow wp-block-quote-is-layout-flow\">\n<p>&#8220;Levamos 13 atletas no total e tamb\u00e9m somos a equipe que mais conquistou medalhas pelo nosso estado. Em julho, a equipe j\u00e1 havia conquistado o t\u00edtulo de campe\u00e3 estadual da categoria. Isso \u00e9 maravilhoso e inesquec\u00edvel&#8221;, falou o professor.<\/p>\n<\/blockquote>\n\n\n\n<blockquote class=\"wp-block-quote is-layout-flow wp-block-quote-is-layout-flow\">\n<p>&#8220;Considero honroso o 14\u00b0 lugar. Disputamos com equipes de todo o pa\u00eds, v\u00e1rias com toda estrutura. Viajamos dois dias de Van para Aracaju, tanto na ida quanto na volta. Em Maca\u00e9 treinamos de forma adaptada, mas todos s\u00e3o muito comprometidos&#8221;, ressaltou Hiller.<\/p>\n<\/blockquote>\n\n\n\n<p>Outro importante resultado obtido pela equipe foi no revezamento misto 4 x 400 metros rasos. Nesta prova a equipe formada por Ryan Carvalho, Hakelly de Souza, Kaio \u00c1vila e Nykolli Alves ficou em 8\u00b0 lugar, numa competi\u00e7\u00e3o que contou com a participa\u00e7\u00e3o de 94 clubes de 22 estados do pa\u00eds. Os atletas Ryan Carvalho e Kaio \u00c1vila tamb\u00e9m participaram dos 110 metros com barreiras, 400 metros com barreiras e revezamento 4 x 100 metros rasos.<\/p>\n\n\n\n<p>Al\u00e9m deles, Davi Monteiro Campos participou das provas do Decatlo, ficando em 8\u00b0 lugar e tamb\u00e9m dos 110 metros com barreiras. Tamb\u00e9m participaram da competi\u00e7\u00e3o: Emily Couto &#8211; lan\u00e7amento do dardo e lan\u00e7amento do disco; Raison dos Santos e Edivan Valentim, ambos no salto em dist\u00e2ncia, salto triplo e integraram o revezamento 4&#215;100 metros rasos; Matheus Gomes de Souza e Vit\u00f3rio Bezerra Elias Taxa, ambos participaram dos 2.000 metros com obst\u00e1culos e 3.000 metros rasos; Valdir Gon\u00e7alves &#8211; lan\u00e7amento do dardo e lan\u00e7amento do disco; Cayo Bino Nani &#8211; lan\u00e7amento do dardo e arremesso do peso; e Luiz Henrique Nogueira &#8211; lan\u00e7amento do martelo.<\/p>\n\n\n\n<p>Para a participa\u00e7\u00e3o nas competi\u00e7\u00f5es, os atletas contam tamb\u00e9m com recursos da Bolsa Atleta Municipal da Prefeitura de Maca\u00e9, atrav\u00e9s da Secretaria de Esportes. O projeto Atletismo Maca\u00e9 \u00e9 uma parceria do CIEP 455 Maring\u00e1, Secretaria Municipal de Esportes, Secretaria de Educa\u00e7\u00e3o e patroc\u00ednio da Etesco Constru\u00e7\u00f5es e Com\u00e9rcio, com apoio da AECD.<\/p>\n\n\n\n<figure class=\"wp-block-image size-full\"><img fetchpriority=\"high\" decoding=\"async\" width=\"828\" height=\"600\" src=\"https:\/\/aconteceemmacaeeregiao.com.br\/wp-content\/uploads\/2023\/08\/1692252734.png\" alt=\"\" class=\"wp-image-12148\" srcset=\"https:\/\/aconteceemmacaeeregiao.com.br\/wp-content\/uploads\/2023\/08\/1692252734.png 828w, https:\/\/aconteceemmacaeeregiao.com.br\/wp-content\/uploads\/2023\/08\/1692252734-300x217.png 300w, https:\/\/aconteceemmacaeeregiao.com.br\/wp-content\/uploads\/2023\/08\/1692252734-768x557.png 768w\" sizes=\"(max-width: 828px) 100vw, 828px\" \/><\/figure>\n\n\n\n<p><strong>Novas disputas<br><\/strong>Os trabalhos do Atletismo Maca\u00e9 n\u00e3o param por a\u00ed. Os alunos est\u00e3o se preparando para outras competi\u00e7\u00f5es. A pr\u00f3xima ser\u00e1 o Gymnasiade Internacional. A programa\u00e7\u00e3o ser\u00e1 no per\u00edodo de 19 a 27 de setembro, na cidade do Rio de Janeiro, e visa resgatar uma importante mem\u00f3ria esportiva no Rio: as provas ser\u00e3o realizadas nos equipamentos onde aconteceram os Jogos Ol\u00edmpicos de 2016.<\/p>\n\n\n\n<p>Ao todo, ser\u00e3o 22 modalidades disputadas, sendo tr\u00eas do paradesporto. A expectativa \u00e9 que a competi\u00e7\u00e3o receba 4 mil participantes, sendo 2.100 estudantes-atletas, com idade entre 13 e 15 anos de escolas p\u00fablicas ou particulares. O evento ter\u00e1 entrada gratuita. Da equipe, o atleta Matheus Gomes de Souza Tavares, estudante de 15 anos, do 9\u00b0 ano do Ciep 455 Maring\u00e1, representa o Brasil na prova de 800 metros rasos.<\/p>\n\n\n\n<p>Logo ap\u00f3s, a equipe participa do Campeonato Estadual de Atletismo Sub-23, tamb\u00e9m no Rio de Janeiro. Na sequ\u00eancia, haver\u00e1 os Jogos Escolares da Juventude 2023, de primeiro a 16 de setembro em Ribeir\u00e3o Preto (S\u00e3o Paulo). A competi\u00e7\u00e3o reunir\u00e1 os melhores atletas de at\u00e9 17 anos do pa\u00eds. S\u00e3o esperados cerca de 4500 competidores, na disputa por medalhas em 18 modalidades.<\/p>\n\n\n\n<p>Esta competi\u00e7\u00e3o escolar nacional \u00e9 para atletas de 15 a 17 anos, e sete atletas da equipe macaense, que disputaram recentemente o Campeonato Brasileiro Sub-18, representar\u00e3o o Estado do Rio de Janeiro. S\u00e3o eles: Hakelly de Souza (100 e 200 metros rasos); Nykolli Alves (110 metros com barreiras e 400 metros rasos); Emilly de Souza (lan\u00e7amento do dardo e lan\u00e7amento do disco); Davi Monteiro (110 metros com barreiras e salto em altura); Cayo Bino (lan\u00e7amento do dardo e lan\u00e7amento do disco); Kaio \u00c1vila (110 metros com barreiras e 400 metros rasos); e Valdir Gon\u00e7alves (lan\u00e7amento do dardo e lan\u00e7amento do disco).<\/p>\n\n\n\n<blockquote class=\"wp-block-quote is-layout-flow wp-block-quote-is-layout-flow\">\n<p>&#8220;Em setembro ainda tem o Campeonato Estadual de Atletismo Sub-16. J\u00e1 em outubro haver\u00e1 o Campeonato Brasileiro de Atletismo Sub-16, e o Estadual Sub-14 para finalizar o ano. O momento do Atletismo Maca\u00e9 \u00e9 muito legal. Acredito que est\u00e1 sendo importante para a educa\u00e7\u00e3o e o esporte em Maca\u00e9 mostrar que um trabalho feito com dedica\u00e7\u00e3o e amor a partir da Educa\u00e7\u00e3o F\u00edsica escolar, dentro de uma escola municipal. Contamos com apoio da gest\u00e3o, dos professores e funcion\u00e1rios, al\u00e9m da comunidade e, principalmente, dos gestores das pol\u00edticas p\u00fablicas do munic\u00edpio. Podemos transformar vidas, afastar os jovens dos caminhos dif\u00edceis e contribuir para uma sociedade melhor. O nosso contribui tamb\u00e9m para a modalidade no estado, que n\u00e3o vem tendo resultados expressivos em competi\u00e7\u00f5es nacionais&#8221;, comenta Hiller.<\/p>\n<\/blockquote>\n\n\n\n<p>O professor acrescenta que &#8220;para a amplia\u00e7\u00e3o desse programa tamb\u00e9m \u00e9 importante que a iniciativa privada contribua, como faz a ETESCO Constru\u00e7\u00f5es e Com\u00e9rcio (a patrocinadora do projeto), sem a qual nada disso estaria acontecendo&#8221;, finaliza.<\/p>\n\n\n\n<p><em>Por jornalista <em>Genimarta Oliveira<\/em>\/ Secom Pref. de Maca\u00e9<\/em><\/p>\n","protected":false},"excerpt":{"rendered":"<p>O programa Atletismo Maca\u00e9, do Ciep 455 Maring\u00e1, conquistou resultados hist\u00f3ricos. No \u00faltimo final de semana foram alcan\u00e7adas pontua\u00e7\u00f5es expressivas na disputa do Campeonato Brasileiro Interclubes Sub-18 de Atletismo, realizado em Aracaju (Sergipe). A aluna Hakelly de Souza Maximiano da Silva, uma das revela\u00e7\u00f5es, conquistou duas medalhas de ouro nas provas de 100 e 200 [&hellip;]<\/p>\n","protected":false},"author":2,"featured_media":12147,"comment_status":"closed","ping_status":"closed","sticky":false,"template":"","format":"standard","meta":{"postBodyCss":"","postBodyMargin":[],"postBodyPadding":[],"postBodyBackground":{"backgroundType":"classic","gradient":""},"footnotes":""},"categories":[61,6,42],"tags":[395,709],"class_list":["post-12145","post","type-post","status-publish","format-standard","has-post-thumbnail","hentry","category-educacao","category-esporte","category-macae","tag-atletismo","tag-campeao"],"aioseo_notices":[],"_links":{"self":[{"href":"https:\/\/aconteceemmacaeeregiao.com.br\/index.php\/wp-json\/wp\/v2\/posts\/12145","targetHints":{"allow":["GET"]}}],"collection":[{"href":"https:\/\/aconteceemmacaeeregiao.com.br\/index.php\/wp-json\/wp\/v2\/posts"}],"about":[{"href":"https:\/\/aconteceemmacaeeregiao.com.br\/index.php\/wp-json\/wp\/v2\/types\/post"}],"author":[{"embeddable":true,"href":"https:\/\/aconteceemmacaeeregiao.com.br\/index.php\/wp-json\/wp\/v2\/users\/2"}],"replies":[{"embeddable":true,"href":"https:\/\/aconteceemmacaeeregiao.com.br\/index.php\/wp-json\/wp\/v2\/comments?post=12145"}],"version-history":[{"count":0,"href":"https:\/\/aconteceemmacaeeregiao.com.br\/index.php\/wp-json\/wp\/v2\/posts\/12145\/revisions"}],"wp:featuredmedia":[{"embeddable":true,"href":"https:\/\/aconteceemmacaeeregiao.com.br\/index.php\/wp-json\/wp\/v2\/media\/12147"}],"wp:attachment":[{"href":"https:\/\/aconteceemmacaeeregiao.com.br\/index.php\/wp-json\/wp\/v2\/media?parent=12145"}],"wp:term":[{"taxonomy":"category","embeddable":true,"href":"https:\/\/aconteceemmacaeeregiao.com.br\/index.php\/wp-json\/wp\/v2\/categories?post=12145"},{"taxonomy":"post_tag","embeddable":true,"href":"https:\/\/aconteceemmacaeeregiao.com.br\/index.php\/wp-json\/wp\/v2\/tags?post=12145"}],"curies":[{"name":"wp","href":"https:\/\/api.w.org\/{rel}","templated":true}]}}