{"id":12189,"date":"2023-08-17T21:10:33","date_gmt":"2023-08-18T00:10:33","guid":{"rendered":"https:\/\/aconteceemmacaeeregiao.com.br\/?p=12189"},"modified":"2023-08-17T21:10:34","modified_gmt":"2023-08-18T00:10:34","slug":"bicuda-pequena-agita-a-regiao-serrana-com-a-11a-festa-do-milho","status":"publish","type":"post","link":"https:\/\/aconteceemmacaeeregiao.com.br\/index.php\/2023\/08\/17\/bicuda-pequena-agita-a-regiao-serrana-com-a-11a-festa-do-milho\/","title":{"rendered":"Bicuda Pequena agita a regi\u00e3o serrana com a 11\u00aa Festa do Milho"},"content":{"rendered":"\n<p>A Regi\u00e3o Serrana de Maca\u00e9 ter\u00e1 este final de semana agitado com a realiza\u00e7\u00e3o da 11\u00aa Festa do Milho, que acontece na Bicuda Pequena, s\u00e1bado e domingo (19 e 20). O evento ter\u00e1 atra\u00e7\u00f5es musicais, comidas t\u00edpicas da ro\u00e7a, parquinho de divers\u00f5es, brincadeiras de pescaria, pau-de-sebo e leil\u00e3o de bezerros. A festa tamb\u00e9m apresentar\u00e1 largadas de Pedal e Velocross.<\/p>\n\n\n\n<p>As barracas da tradicional Festa do Milho ser\u00e3o abertas no s\u00e1bado, \u00e0s 18h. Em seguida, a queima de fogos dar\u00e1 in\u00edcio aos shows dos cantores William Soares, Andreia Fontes, Alex e Banda. Logo depois vem o Leil\u00e3o de bezerros e abertura do parquinho para divers\u00e3o da garotada.<br><br>E no domingo, as barracas ser\u00e3o reabertas a partir das 8h. A festa ter\u00e1 prosseguimento com a largada do 2\u00ba Pedal do Milho, estimada para come\u00e7ar \u00e0s 8h30. O pedal deste ano valer\u00e1 pontua\u00e7\u00e3o para contagem no ranking estadual da Federa\u00e7\u00e3o de Ciclistas do Estado do Rio de Janeiro &#8211; Fecierj. Ainda na parte da manh\u00e3, \u00e0s 10h30, haver\u00e1 apresenta\u00e7\u00e3o de show infantil com a cantora Vaneyse.<br><br>No 4\u00ba circuito de Velocross do Milho, no domingo, \u00e0s 13h, participam v\u00e1rias categorias oficiais. Os vencedores da competi\u00e7\u00e3o, que se tornou tradicional na regi\u00e3o serrana, receber\u00e3o premia\u00e7\u00e3o e trof\u00e9u. A modalidade de Velocross integra o universo dos esportes em pista de terra batida.<br><br>As barracas da festa v\u00e3o oferecer um card\u00e1pio variado \u00e0 base de milho de dar \u00e1gua na boca como pamonha, papa, canjica branca, broa, suco de milho, mousse e angu \u00e0 baiana. E tamb\u00e9m outros pratos apreciados por turistas e moradores, entre eles, feij\u00e3o tropeiro, caldo verde, dobradinha, mocot\u00f3, pastel e caldo de cana.<\/p>\n\n\n\n<p><em>Por jornalista <em>Genimarta Oliveira<\/em>\/ Secom Pref. de Maca\u00e9<\/em><\/p>\n","protected":false},"excerpt":{"rendered":"<p>A Regi\u00e3o Serrana de Maca\u00e9 ter\u00e1 este final de semana agitado com a realiza\u00e7\u00e3o da 11\u00aa Festa do Milho, que acontece na Bicuda Pequena, s\u00e1bado e domingo (19 e 20). O evento ter\u00e1 atra\u00e7\u00f5es musicais, comidas t\u00edpicas da ro\u00e7a, parquinho de divers\u00f5es, brincadeiras de pescaria, pau-de-sebo e leil\u00e3o de bezerros. A festa tamb\u00e9m apresentar\u00e1 largadas [&hellip;]<\/p>\n","protected":false},"author":2,"featured_media":12191,"comment_status":"closed","ping_status":"closed","sticky":false,"template":"","format":"standard","meta":{"postBodyCss":"","postBodyMargin":[],"postBodyPadding":[],"postBodyBackground":{"backgroundType":"classic","gradient":""},"footnotes":""},"categories":[200,42],"tags":[461,184,417],"class_list":["post-12189","post","type-post","status-publish","format-standard","has-post-thumbnail","hentry","category-evento","category-macae","tag-festival","tag-gastronomia","tag-regiao-serrana"],"aioseo_notices":[],"_links":{"self":[{"href":"https:\/\/aconteceemmacaeeregiao.com.br\/index.php\/wp-json\/wp\/v2\/posts\/12189","targetHints":{"allow":["GET"]}}],"collection":[{"href":"https:\/\/aconteceemmacaeeregiao.com.br\/index.php\/wp-json\/wp\/v2\/posts"}],"about":[{"href":"https:\/\/aconteceemmacaeeregiao.com.br\/index.php\/wp-json\/wp\/v2\/types\/post"}],"author":[{"embeddable":true,"href":"https:\/\/aconteceemmacaeeregiao.com.br\/index.php\/wp-json\/wp\/v2\/users\/2"}],"replies":[{"embeddable":true,"href":"https:\/\/aconteceemmacaeeregiao.com.br\/index.php\/wp-json\/wp\/v2\/comments?post=12189"}],"version-history":[{"count":0,"href":"https:\/\/aconteceemmacaeeregiao.com.br\/index.php\/wp-json\/wp\/v2\/posts\/12189\/revisions"}],"wp:featuredmedia":[{"embeddable":true,"href":"https:\/\/aconteceemmacaeeregiao.com.br\/index.php\/wp-json\/wp\/v2\/media\/12191"}],"wp:attachment":[{"href":"https:\/\/aconteceemmacaeeregiao.com.br\/index.php\/wp-json\/wp\/v2\/media?parent=12189"}],"wp:term":[{"taxonomy":"category","embeddable":true,"href":"https:\/\/aconteceemmacaeeregiao.com.br\/index.php\/wp-json\/wp\/v2\/categories?post=12189"},{"taxonomy":"post_tag","embeddable":true,"href":"https:\/\/aconteceemmacaeeregiao.com.br\/index.php\/wp-json\/wp\/v2\/tags?post=12189"}],"curies":[{"name":"wp","href":"https:\/\/api.w.org\/{rel}","templated":true}]}}