{"id":12198,"date":"2023-08-17T21:20:42","date_gmt":"2023-08-18T00:20:42","guid":{"rendered":"https:\/\/aconteceemmacaeeregiao.com.br\/?p=12198"},"modified":"2023-08-17T21:20:44","modified_gmt":"2023-08-18T00:20:44","slug":"pro-bem-caminha-com-os-pets-entrega-de-kits-sera-nesta-sexta-feira","status":"publish","type":"post","link":"https:\/\/aconteceemmacaeeregiao.com.br\/index.php\/2023\/08\/17\/pro-bem-caminha-com-os-pets-entrega-de-kits-sera-nesta-sexta-feira\/","title":{"rendered":"Pr\u00f3-bem caminha com os pets: entrega de kits ser\u00e1 nesta sexta-feira"},"content":{"rendered":"\n<p>Os inscritos para a caminhada do Pr\u00f3-bem com os Pets dever\u00e3o realizar a troca dos dois quilos de ra\u00e7\u00e3o pelos kits nesta sexta-feira (18), das 8h \u00e0s 19h, na Rua Dr Luiz Bellegard, 540 C, Imbetiba. A caminhada ser\u00e1 no s\u00e1bado (19), na Praia da Imbetiba, com sa\u00edda marcada \u00e0s 8h.<\/p>\n\n\n\n<blockquote class=\"wp-block-quote is-layout-flow wp-block-quote-is-layout-flow\">\n<p>&#8221;Estamos muito animados com o evento. Tivemos bastantes inscritos e com certeza vamos conseguir ajudar os abrigos e organiza\u00e7\u00f5es&#8221;, disse a primeira-dama e coordenadora do Pr\u00f3-bem, Quelen Rezende.<\/p>\n<\/blockquote>\n\n\n\n<p>O evento \u00e9 realizado pelo Programa de Sa\u00fade e Bem-Estar Social com o apoio da Secretaria de Prote\u00e7\u00e3o Animal e da Coordenadoria Especial de Vigil\u00e2ncia Ambiental em Sa\u00fade (CEVAS).<\/p>\n\n\n\n<p><em>Por jornalista <em>Genimarta Oliveira<\/em>\/ Secom Pref. de Maca\u00e9<\/em><\/p>\n\n\n\n<p><\/p>\n","protected":false},"excerpt":{"rendered":"<p>Os inscritos para a caminhada do Pr\u00f3-bem com os Pets dever\u00e3o realizar a troca dos dois quilos de ra\u00e7\u00e3o pelos kits nesta sexta-feira (18), das 8h \u00e0s 19h, na Rua Dr Luiz Bellegard, 540 C, Imbetiba. A caminhada ser\u00e1 no s\u00e1bado (19), na Praia da Imbetiba, com sa\u00edda marcada \u00e0s 8h. &#8221;Estamos muito animados com [&hellip;]<\/p>\n","protected":false},"author":2,"featured_media":12200,"comment_status":"closed","ping_status":"closed","sticky":false,"template":"","format":"standard","meta":{"postBodyCss":"","postBodyMargin":[],"postBodyPadding":[],"postBodyBackground":{"backgroundType":"classic","gradient":""},"footnotes":""},"categories":[200,42],"tags":[398,117],"class_list":["post-12198","post","type-post","status-publish","format-standard","has-post-thumbnail","hentry","category-evento","category-macae","tag-caminhada","tag-pets"],"aioseo_notices":[],"_links":{"self":[{"href":"https:\/\/aconteceemmacaeeregiao.com.br\/index.php\/wp-json\/wp\/v2\/posts\/12198","targetHints":{"allow":["GET"]}}],"collection":[{"href":"https:\/\/aconteceemmacaeeregiao.com.br\/index.php\/wp-json\/wp\/v2\/posts"}],"about":[{"href":"https:\/\/aconteceemmacaeeregiao.com.br\/index.php\/wp-json\/wp\/v2\/types\/post"}],"author":[{"embeddable":true,"href":"https:\/\/aconteceemmacaeeregiao.com.br\/index.php\/wp-json\/wp\/v2\/users\/2"}],"replies":[{"embeddable":true,"href":"https:\/\/aconteceemmacaeeregiao.com.br\/index.php\/wp-json\/wp\/v2\/comments?post=12198"}],"version-history":[{"count":0,"href":"https:\/\/aconteceemmacaeeregiao.com.br\/index.php\/wp-json\/wp\/v2\/posts\/12198\/revisions"}],"wp:featuredmedia":[{"embeddable":true,"href":"https:\/\/aconteceemmacaeeregiao.com.br\/index.php\/wp-json\/wp\/v2\/media\/12200"}],"wp:attachment":[{"href":"https:\/\/aconteceemmacaeeregiao.com.br\/index.php\/wp-json\/wp\/v2\/media?parent=12198"}],"wp:term":[{"taxonomy":"category","embeddable":true,"href":"https:\/\/aconteceemmacaeeregiao.com.br\/index.php\/wp-json\/wp\/v2\/categories?post=12198"},{"taxonomy":"post_tag","embeddable":true,"href":"https:\/\/aconteceemmacaeeregiao.com.br\/index.php\/wp-json\/wp\/v2\/tags?post=12198"}],"curies":[{"name":"wp","href":"https:\/\/api.w.org\/{rel}","templated":true}]}}