{"id":12220,"date":"2023-08-18T20:22:08","date_gmt":"2023-08-18T23:22:08","guid":{"rendered":"https:\/\/aconteceemmacaeeregiao.com.br\/?p=12220"},"modified":"2023-08-18T20:22:09","modified_gmt":"2023-08-18T23:22:09","slug":"enel-promove-acoes-de-consumo-consciente-e-atendimento-comercial-em-macae","status":"publish","type":"post","link":"https:\/\/aconteceemmacaeeregiao.com.br\/index.php\/2023\/08\/18\/enel-promove-acoes-de-consumo-consciente-e-atendimento-comercial-em-macae\/","title":{"rendered":"Enel promove a\u00e7\u00f5es de consumo consciente e atendimento comercial em Maca\u00e9"},"content":{"rendered":"\n<p><em><strong>Entre os dias 22 e 25 de agosto, clientes destes dois munic\u00edpios est\u00e3o convidados a participar de palestras e oficinas, com troca de l\u00e2mpadas por modelo LED.<\/strong><\/em><\/p>\n\n\n\n<p>Entre os dias 22 e 25 de agosto, a Enel Distribui\u00e7\u00e3o Rio promover\u00e1 atividades de Sustentabilidade e atendimento comercial em Maca\u00e9, no Norte do Estado, e em S\u00e3o Gon\u00e7alo, na Regi\u00e3o Metropolitana. Em Maca\u00e9, os clientes poder\u00e3o aproveitar o atendimento comercial da distribuidora para realizar servi\u00e7os como ades\u00f5es, troca de titularidade, parcelamentos, religa\u00e7\u00f5es, negocia\u00e7\u00f5es de d\u00e9bitos e liga\u00e7\u00f5es novas. Em S\u00e3o Gon\u00e7alo, ser\u00e3o oferecidas palestras com dicas de consumo consciente de energia, al\u00e9m de troca de l\u00e2mpadas.<\/p>\n\n\n<div class=\"wp-block-image\">\n<figure class=\"aligncenter size-large\"><img fetchpriority=\"high\" decoding=\"async\" width=\"1024\" height=\"682\" src=\"https:\/\/aconteceemmacaeeregiao.com.br\/wp-content\/uploads\/2023\/08\/WhatsApp-Image-2023-08-18-at-12.53.33-1-1024x682.jpeg\" alt=\"\" class=\"wp-image-12223\" srcset=\"https:\/\/aconteceemmacaeeregiao.com.br\/wp-content\/uploads\/2023\/08\/WhatsApp-Image-2023-08-18-at-12.53.33-1-1024x682.jpeg 1024w, https:\/\/aconteceemmacaeeregiao.com.br\/wp-content\/uploads\/2023\/08\/WhatsApp-Image-2023-08-18-at-12.53.33-1-300x200.jpeg 300w, https:\/\/aconteceemmacaeeregiao.com.br\/wp-content\/uploads\/2023\/08\/WhatsApp-Image-2023-08-18-at-12.53.33-1-768x512.jpeg 768w, https:\/\/aconteceemmacaeeregiao.com.br\/wp-content\/uploads\/2023\/08\/WhatsApp-Image-2023-08-18-at-12.53.33-1-1536x1023.jpeg 1536w, https:\/\/aconteceemmacaeeregiao.com.br\/wp-content\/uploads\/2023\/08\/WhatsApp-Image-2023-08-18-at-12.53.33-1-1200x800.jpeg 1200w, https:\/\/aconteceemmacaeeregiao.com.br\/wp-content\/uploads\/2023\/08\/WhatsApp-Image-2023-08-18-at-12.53.33-1.jpeg 1600w\" sizes=\"(max-width: 1024px) 100vw, 1024px\" \/><\/figure>\n<\/div>\n\n\n<p>Durante a a\u00e7\u00e3o em S\u00e3o Gon\u00e7alo, os participantes poder\u00e3o trocar l\u00e2mpadas incandescentes ou fluorescentes, que t\u00eam alto consumo de energia, por outras de LED &#8211; at\u00e9 80% mais econ\u00f4micas e 10 vezes mais dur\u00e1veis. Para participar, basta levar um documento com foto, a \u00faltima conta de energia paga e as l\u00e2mpadas usadas para troca por at\u00e9 duas de LED por unidade consumidora.<\/p>\n\n\n\n<p>Servi\u00e7o:<\/p>\n\n\n\n<p>S\u00e3o Gon\u00e7alo<\/p>\n\n\n\n<p>Dia: 23\/08 (quarta-feira)<\/p>\n\n\n\n<p>Hor\u00e1rio: 09h30 \u00e0s 11h30<\/p>\n\n\n\n<p>Local: Centro de Refer\u00eancia Especializada a Pessoa Idosa<\/p>\n\n\n\n<p>Endere\u00e7o: Av. Albino Imparato, 1501 \u2013 Jardim Catarina<\/p>\n\n\n\n<p>Maca\u00e9<\/p>\n\n\n\n<p>Dia: 22\/08 (ter\u00e7a-feira)<\/p>\n\n\n\n<p>Hor\u00e1rio: 08h \u00e0s 17h<\/p>\n\n\n\n<p>Endere\u00e7o: Rua Tancredo Neves, 14 \u2013 Aeroporto<\/p>\n\n\n\n<p>Dia: 23\/08 (quarta-feira)<\/p>\n\n\n\n<p>Hor\u00e1rio: 08h \u00e0s 17h<\/p>\n\n\n\n<p>Endere\u00e7o: Rua Raul Seixas, 91 &#8211; Barretos<\/p>\n\n\n\n<p>Dia: 24\/08 (quinta-feira)<\/p>\n\n\n\n<p>Hor\u00e1rio: 08 \u00e0s 17h<\/p>\n\n\n\n<p>Endere\u00e7o: Av. Pastor Edmundo da Silva, 37 \u2013 Ajuda de Baixo<\/p>\n\n\n\n<p>Dia: 25\/08 (sexta-feira)<\/p>\n\n\n\n<p>Hor\u00e1rio: 08 \u00e0s 17h<\/p>\n\n\n\n<p>Endere\u00e7o: Av. Pastor Edmundo da Silva, 37 \u2013 Ajuda de Baixo<\/p>\n","protected":false},"excerpt":{"rendered":"<p>Entre os dias 22 e 25 de agosto, clientes destes dois munic\u00edpios est\u00e3o convidados a participar de palestras e oficinas, com troca de l\u00e2mpadas por modelo LED. Entre os dias 22 e 25 de agosto, a Enel Distribui\u00e7\u00e3o Rio promover\u00e1 atividades de Sustentabilidade e atendimento comercial em Maca\u00e9, no Norte do Estado, e em S\u00e3o [&hellip;]<\/p>\n","protected":false},"author":2,"featured_media":12222,"comment_status":"closed","ping_status":"closed","sticky":false,"template":"","format":"standard","meta":{"postBodyCss":"","postBodyMargin":[],"postBodyPadding":[],"postBodyBackground":{"backgroundType":"classic","gradient":""},"footnotes":""},"categories":[45,42,43],"tags":[276,150,151],"class_list":["post-12220","post","type-post","status-publish","format-standard","has-post-thumbnail","hentry","category-economia","category-macae","category-regiao","tag-consumidor","tag-enel","tag-energia"],"aioseo_notices":[],"_links":{"self":[{"href":"https:\/\/aconteceemmacaeeregiao.com.br\/index.php\/wp-json\/wp\/v2\/posts\/12220","targetHints":{"allow":["GET"]}}],"collection":[{"href":"https:\/\/aconteceemmacaeeregiao.com.br\/index.php\/wp-json\/wp\/v2\/posts"}],"about":[{"href":"https:\/\/aconteceemmacaeeregiao.com.br\/index.php\/wp-json\/wp\/v2\/types\/post"}],"author":[{"embeddable":true,"href":"https:\/\/aconteceemmacaeeregiao.com.br\/index.php\/wp-json\/wp\/v2\/users\/2"}],"replies":[{"embeddable":true,"href":"https:\/\/aconteceemmacaeeregiao.com.br\/index.php\/wp-json\/wp\/v2\/comments?post=12220"}],"version-history":[{"count":0,"href":"https:\/\/aconteceemmacaeeregiao.com.br\/index.php\/wp-json\/wp\/v2\/posts\/12220\/revisions"}],"wp:featuredmedia":[{"embeddable":true,"href":"https:\/\/aconteceemmacaeeregiao.com.br\/index.php\/wp-json\/wp\/v2\/media\/12222"}],"wp:attachment":[{"href":"https:\/\/aconteceemmacaeeregiao.com.br\/index.php\/wp-json\/wp\/v2\/media?parent=12220"}],"wp:term":[{"taxonomy":"category","embeddable":true,"href":"https:\/\/aconteceemmacaeeregiao.com.br\/index.php\/wp-json\/wp\/v2\/categories?post=12220"},{"taxonomy":"post_tag","embeddable":true,"href":"https:\/\/aconteceemmacaeeregiao.com.br\/index.php\/wp-json\/wp\/v2\/tags?post=12220"}],"curies":[{"name":"wp","href":"https:\/\/api.w.org\/{rel}","templated":true}]}}