{"id":12319,"date":"2023-08-22T20:26:06","date_gmt":"2023-08-22T23:26:06","guid":{"rendered":"https:\/\/aconteceemmacaeeregiao.com.br\/?p=12319"},"modified":"2023-08-22T20:26:07","modified_gmt":"2023-08-22T23:26:07","slug":"campanha-de-multivacinacao-comeca-nesta-quarta-feira","status":"publish","type":"post","link":"https:\/\/aconteceemmacaeeregiao.com.br\/index.php\/2023\/08\/22\/campanha-de-multivacinacao-comeca-nesta-quarta-feira\/","title":{"rendered":"Campanha de Multivacina\u00e7\u00e3o come\u00e7a nesta quarta-feira"},"content":{"rendered":"\n<p>Com o objetivo de atualizar a carteira de vacina\u00e7\u00e3o de crian\u00e7as e adolescentes menores de 15 anos (de 0 a 14 anos, 11 meses e 29 dias), Maca\u00e9 come\u00e7a a Campanha de Multivacina\u00e7\u00e3o nesta quarta-feira (23). Todos os imunizantes previstos no calend\u00e1rio para esta faixa et\u00e1ria estar\u00e3o dispon\u00edveis ao p\u00fablico. A campanha segue at\u00e9 o dia 15 de setembro.<\/p>\n\n\n\n<p>A imuniza\u00e7\u00e3o acontecer\u00e1 nas Estrat\u00e9gias de Sa\u00fade de Fam\u00edlia, nas Unidades B\u00e1sicas de Sa\u00fade e na Casa de Vacina de acordo com o hor\u00e1rio de funcionamento da sala de vacina de cada unidade. &#8220;\u00c9 muito importante que os pais e respons\u00e1veis levem seus filhos para realizar a imuniza\u00e7\u00e3o. A vacina\u00e7\u00e3o controla e previne doen\u00e7as em toda comunidade. \u00c9 um ato de cuidado com si pr\u00f3prio e com o outro&#8221;, disse a gerente de Vigil\u00e2ncia em Sa\u00fade, Elenice Sales. No s\u00e1bado, dia dois de setembro, ser\u00e1 realizado o Dia D da Campanha de Multivacina\u00e7\u00e3o.<\/p>\n\n\n\n<p>Ser\u00e3o disponibilizadas vacinas como BCG, Pentavalente, Tr\u00edplice viral, Tetra viral, HPV, Pneumoc\u00f3cica 10, Meningoc\u00f3cica C, Meningoc\u00f3cica ACWY, e as contra febre amarela, hepatite B, hepatite A, rotav\u00edrus, Varicela, Influenza, Covid-19, entre outras.<\/p>\n\n\n\n<p><strong>Confira aqui todos os locais de vacina\u00e7\u00e3o:<\/strong><\/p>\n\n\n\n<ul class=\"wp-block-list\">\n<li>Casa da Vacina<\/li>\n\n\n\n<li>Sala de Vacina do Pronto Socorro do Aeroporto<\/li>\n\n\n\n<li>UBS Barramares<\/li>\n\n\n\n<li>UBS Novo Cavaleiros<\/li>\n\n\n\n<li>UBS Lagomar<\/li>\n\n\n\n<li>UBS Morro de Santana<\/li>\n\n\n\n<li>UBS Novo Horizonte<\/li>\n\n\n\n<li>UBS Imboassica<\/li>\n\n\n\n<li>ESF Ajuda A &#8211; Planalto da Ajuda<\/li>\n\n\n\n<li>ESF Ajuda B &#8211; Ajuda de Baixo<\/li>\n\n\n\n<li>ESF Ajuda C &#8211; Atlantico Norte<\/li>\n\n\n\n<li>ESF Areia Branca<\/li>\n\n\n\n<li>ESF Aroeira<\/li>\n\n\n\n<li>ESF Aterrado do Imburo<\/li>\n\n\n\n<li>ESF Barra\/Bras\u00edlia A\/B<\/li>\n\n\n\n<li>ESF Bicuda Grande<\/li>\n\n\n\n<li>ESF Bicuda Pequena<\/li>\n\n\n\n<li>ESF Bosque Azul<\/li>\n\n\n\n<li>ESF Botafogo<\/li>\n\n\n\n<li>ESF Cajueiros<\/li>\n\n\n\n<li>ESF Campo do Oeste<\/li>\n\n\n\n<li>ESF C\u00f3rrego do Ouro A\/B<\/li>\n\n\n\n<li>ESF Engenho da Praia<\/li>\n\n\n\n<li>ESF Frade\/Boa Alegria<\/li>\n\n\n\n<li>ESF Fronteira A\/B<\/li>\n\n\n\n<li>ESF Glic\u00e9rio<\/li>\n\n\n\n<li>ESF Imbetiba<\/li>\n\n\n\n<li>ESF Jardim Franco<\/li>\n\n\n\n<li>ESF Lagomar A\/D<\/li>\n\n\n\n<li>ESF Lagomar B\/C<\/li>\n\n\n\n<li>ESF Malvinas A\/C<\/li>\n\n\n\n<li>ESF Malvinas B<\/li>\n\n\n\n<li>ESF Morro de S\u00e3o Jorge<\/li>\n\n\n\n<li>ESF Nova Esperan\u00e7a A\/B<\/li>\n\n\n\n<li>ESF Nova Holanda A\/B<\/li>\n\n\n\n<li>ESF Praia Campista<\/li>\n\n\n\n<li>ESF Sana<\/li>\n\n\n\n<li>ESF Trapiche<\/li>\n\n\n\n<li>ESF Virgem Santa<\/li>\n\n\n\n<li>ESF Visconde<\/li>\n<\/ul>\n\n\n\n<p><em>Por jornalista <em>Genimarta Oliveira<\/em>\/ Secom Pref. de Maca\u00e9<\/em><\/p>\n","protected":false},"excerpt":{"rendered":"<p>Com o objetivo de atualizar a carteira de vacina\u00e7\u00e3o de crian\u00e7as e adolescentes menores de 15 anos (de 0 a 14 anos, 11 meses e 29 dias), Maca\u00e9 come\u00e7a a Campanha de Multivacina\u00e7\u00e3o nesta quarta-feira (23). Todos os imunizantes previstos no calend\u00e1rio para esta faixa et\u00e1ria estar\u00e3o dispon\u00edveis ao p\u00fablico. A campanha segue at\u00e9 o [&hellip;]<\/p>\n","protected":false},"author":2,"featured_media":12321,"comment_status":"closed","ping_status":"closed","sticky":false,"template":"","format":"standard","meta":{"postBodyCss":"","postBodyMargin":[],"postBodyPadding":[],"postBodyBackground":{"backgroundType":"classic","gradient":""},"footnotes":""},"categories":[42,78],"tags":[137],"class_list":["post-12319","post","type-post","status-publish","format-standard","has-post-thumbnail","hentry","category-macae","category-saude","tag-vacina"],"aioseo_notices":[],"_links":{"self":[{"href":"https:\/\/aconteceemmacaeeregiao.com.br\/index.php\/wp-json\/wp\/v2\/posts\/12319","targetHints":{"allow":["GET"]}}],"collection":[{"href":"https:\/\/aconteceemmacaeeregiao.com.br\/index.php\/wp-json\/wp\/v2\/posts"}],"about":[{"href":"https:\/\/aconteceemmacaeeregiao.com.br\/index.php\/wp-json\/wp\/v2\/types\/post"}],"author":[{"embeddable":true,"href":"https:\/\/aconteceemmacaeeregiao.com.br\/index.php\/wp-json\/wp\/v2\/users\/2"}],"replies":[{"embeddable":true,"href":"https:\/\/aconteceemmacaeeregiao.com.br\/index.php\/wp-json\/wp\/v2\/comments?post=12319"}],"version-history":[{"count":0,"href":"https:\/\/aconteceemmacaeeregiao.com.br\/index.php\/wp-json\/wp\/v2\/posts\/12319\/revisions"}],"wp:featuredmedia":[{"embeddable":true,"href":"https:\/\/aconteceemmacaeeregiao.com.br\/index.php\/wp-json\/wp\/v2\/media\/12321"}],"wp:attachment":[{"href":"https:\/\/aconteceemmacaeeregiao.com.br\/index.php\/wp-json\/wp\/v2\/media?parent=12319"}],"wp:term":[{"taxonomy":"category","embeddable":true,"href":"https:\/\/aconteceemmacaeeregiao.com.br\/index.php\/wp-json\/wp\/v2\/categories?post=12319"},{"taxonomy":"post_tag","embeddable":true,"href":"https:\/\/aconteceemmacaeeregiao.com.br\/index.php\/wp-json\/wp\/v2\/tags?post=12319"}],"curies":[{"name":"wp","href":"https:\/\/api.w.org\/{rel}","templated":true}]}}