{"id":12356,"date":"2023-08-23T20:44:24","date_gmt":"2023-08-23T23:44:24","guid":{"rendered":"https:\/\/aconteceemmacaeeregiao.com.br\/?p=12356"},"modified":"2023-08-23T20:44:25","modified_gmt":"2023-08-23T23:44:25","slug":"macae-recebe-a-43a-expo-nacional-do-campolina","status":"publish","type":"post","link":"https:\/\/aconteceemmacaeeregiao.com.br\/index.php\/2023\/08\/23\/macae-recebe-a-43a-expo-nacional-do-campolina\/","title":{"rendered":"Maca\u00e9 recebe a 43\u00aa Expo Nacional do Campolina"},"content":{"rendered":"\n<p>O Parque de Exposi\u00e7\u00e3o Latiff Mussi, em Maca\u00e9, receber\u00e1 de 3 a 9 de setembro, a 43\u00aa Expo Nacional do Campolina. O evento \u00e9 considerado o maior da ra\u00e7a, sendo realizado pela Associa\u00e7\u00e3o Brasileira de Criadores de Campolina em parceria com a prefeitura. Durante sete dias, criadores de todo o pa\u00eds estar\u00e3o reunidos em torno da programa\u00e7\u00e3o com competi\u00e7\u00f5es e apresenta\u00e7\u00f5es musicais. A entrada \u00e9 gratuita.<\/p>\n\n\n\n<p>Campolina \u00e9 uma ra\u00e7a de cavalos brasileira e, durante a Expo Nacional, cerca de 300 animais ser\u00e3o recebidos no Parque de Exposi\u00e7\u00f5es. A programa\u00e7\u00e3o come\u00e7a no domingo, 3 de setembro, a partir das 8h, com a realiza\u00e7\u00e3o de concursos. An\u00e1lise de marcha, morfologia, al\u00e9m de provas esportivas e sociais integram os trabalhos conduzidos por ju\u00edzes credenciados pela ABCC.<br><br>Os campeonatos com diferentes categorias seguem at\u00e9 o s\u00e1bado, 9 de setembro, sempre a partir das 8h. Na sexta, 8 de setembro, o evento ter\u00e1 ainda as provas esportiva e social, \u00e0s 15h, e um leil\u00e3o \u00e0s 19h.<br><br>O p\u00fablico poder\u00e1 acompanhar, al\u00e9m das competi\u00e7\u00f5es, as apresenta\u00e7\u00f5es musicais de cantores como: Glauco Zulo, Ces\u00e1rio Ramos, Edson Batata, da dupla Junior e Gustavo, al\u00e9m da presen\u00e7a da bateria da Escola de Samba Imperatriz Leopoldinense.<br><br><strong>Confira os hor\u00e1rios dos shows:<\/strong><br><strong>Domingo (3)<\/strong><br><br>21h &#8211; Roda de Viola Ac\u00fastica Campolina<br><br><strong>Segunda-feira (4)<\/strong><br><br>21h &#8211; Roda de Viola Ac\u00fastica Campolina<br><br><strong>Ter\u00e7a-feira (5)<\/strong><br><br>21h &#8211; Roda de Viola Ac\u00fastica Campolina<br><br><strong>Quarta-feira (6)<\/strong><br><br>21h &#8211; Edson Batata<br><br>23h &#8211; Bateria da Escola de Samba Imperatriz Leopoldinense<br><br><strong>Quinta-feira (7)<\/strong><br><br>21h &#8211; \u00c9rica Carvalho<br><br>23h &#8211; Ces\u00e1rio Ramos<br><br><strong>Sexta-feira (8)<\/strong><br><br>21h &#8211; Glauco Zulo<br><br><strong>S\u00e1bado (9)<\/strong><br><br>21h &#8211; Junior e Gustavo<\/p>\n\n\n\n<p><em>Por jornalista <em>Genimarta Oliveira<\/em>\/ Secom Pref. de Maca\u00e9<\/em><\/p>\n","protected":false},"excerpt":{"rendered":"<p>O Parque de Exposi\u00e7\u00e3o Latiff Mussi, em Maca\u00e9, receber\u00e1 de 3 a 9 de setembro, a 43\u00aa Expo Nacional do Campolina. O evento \u00e9 considerado o maior da ra\u00e7a, sendo realizado pela Associa\u00e7\u00e3o Brasileira de Criadores de Campolina em parceria com a prefeitura. Durante sete dias, criadores de todo o pa\u00eds estar\u00e3o reunidos em torno [&hellip;]<\/p>\n","protected":false},"author":2,"featured_media":12358,"comment_status":"closed","ping_status":"closed","sticky":false,"template":"","format":"standard","meta":{"postBodyCss":"","postBodyMargin":[],"postBodyPadding":[],"postBodyBackground":{"backgroundType":"classic","gradient":""},"footnotes":""},"categories":[200,42],"tags":[475,185,474,90],"class_list":["post-12356","post","type-post","status-publish","format-standard","has-post-thumbnail","hentry","category-evento","category-macae","tag-cavalo","tag-exposicao","tag-parque-de-exposicao","tag-shows"],"aioseo_notices":[],"_links":{"self":[{"href":"https:\/\/aconteceemmacaeeregiao.com.br\/index.php\/wp-json\/wp\/v2\/posts\/12356","targetHints":{"allow":["GET"]}}],"collection":[{"href":"https:\/\/aconteceemmacaeeregiao.com.br\/index.php\/wp-json\/wp\/v2\/posts"}],"about":[{"href":"https:\/\/aconteceemmacaeeregiao.com.br\/index.php\/wp-json\/wp\/v2\/types\/post"}],"author":[{"embeddable":true,"href":"https:\/\/aconteceemmacaeeregiao.com.br\/index.php\/wp-json\/wp\/v2\/users\/2"}],"replies":[{"embeddable":true,"href":"https:\/\/aconteceemmacaeeregiao.com.br\/index.php\/wp-json\/wp\/v2\/comments?post=12356"}],"version-history":[{"count":0,"href":"https:\/\/aconteceemmacaeeregiao.com.br\/index.php\/wp-json\/wp\/v2\/posts\/12356\/revisions"}],"wp:featuredmedia":[{"embeddable":true,"href":"https:\/\/aconteceemmacaeeregiao.com.br\/index.php\/wp-json\/wp\/v2\/media\/12358"}],"wp:attachment":[{"href":"https:\/\/aconteceemmacaeeregiao.com.br\/index.php\/wp-json\/wp\/v2\/media?parent=12356"}],"wp:term":[{"taxonomy":"category","embeddable":true,"href":"https:\/\/aconteceemmacaeeregiao.com.br\/index.php\/wp-json\/wp\/v2\/categories?post=12356"},{"taxonomy":"post_tag","embeddable":true,"href":"https:\/\/aconteceemmacaeeregiao.com.br\/index.php\/wp-json\/wp\/v2\/tags?post=12356"}],"curies":[{"name":"wp","href":"https:\/\/api.w.org\/{rel}","templated":true}]}}