{"id":12361,"date":"2023-08-23T20:59:54","date_gmt":"2023-08-23T23:59:54","guid":{"rendered":"https:\/\/aconteceemmacaeeregiao.com.br\/?p=12361"},"modified":"2023-08-23T20:59:54","modified_gmt":"2023-08-23T23:59:54","slug":"previdencia-do-servidor-macaeprev-podera-investir-em-fundos-privados","status":"publish","type":"post","link":"https:\/\/aconteceemmacaeeregiao.com.br\/index.php\/2023\/08\/23\/previdencia-do-servidor-macaeprev-podera-investir-em-fundos-privados\/","title":{"rendered":"Previd\u00eancia do servidor: Macaeprev poder\u00e1 investir em fundos privados"},"content":{"rendered":"\n<p>Nesta quarta-feira (23), a C\u00e2mara de Maca\u00e9 aprovou o Projeto de Lei (PL) 009\/2023, do Executivo, que autoriza a Macaeprev a aplicar recursos em institui\u00e7\u00f5es privadas. Atualmente, os investimentos s\u00f3 podem ser feitos na Caixa Econ\u00f4mica e no Banco do Brasil. Marlon Lima (PDT) elogiou a emenda da Mesa Diretora, tamb\u00e9m aprovada, que limita as opera\u00e7\u00f5es a 30%.<\/p>\n\n\n\n<p>O presidente Cesinha (Solidariedade) afirmou que a informa\u00e7\u00e3o sobre o PL pode ser \u201cum sinal de alerta\u201d para os dois bancos p\u00fablicos. \u201cO di\u00e1logo com eles era inexistente. Agora, v\u00e3o ficar atentos, com medo de perder recursos hoje aplicados por um de seus maiores clientes\u201d. Cesinha refere-se aos mais de R$ 1 bilh\u00e3o que futuramente poder\u00e3o ser aplicados em t\u00edtulos privados.<\/p>\n\n\n\n<p>O l\u00edder do governo Luciano Diniz (Cidadania) lembrou que a ideia de abrir o leque de institui\u00e7\u00f5es&nbsp;<a href=\"https:\/\/cmmacae.rj.gov.br\/legislativo-ouve-macaeprev-sobre-investimentos-em-instituicoes-privadas\/\">foi explicado recentemente, na C\u00e2mara<\/a>, pela diretoria da Macaeprev. Segundo ele, o PL conta com apoio de representantes dos servidores, no conselho da entidade. \u201cNuma reuni\u00e3o com a Macaprev, a Procuradoria do munic\u00edpio e o jur\u00eddico desta Casa, foi entendido que 30% \u00e9 uma margem segura\u201d.<\/p>\n\n\n\n<p>Reginaldo do Hospital (Podemos) falou sobre essa seguran\u00e7a. \u201cComo servidor p\u00fablico, tenho a preocupa\u00e7\u00e3o de n\u00e3o tomarmos um calote. Por mais que os gestores tenham explicado que o risco \u00e9 o mesmo nas institui\u00e7\u00f5es p\u00fablicas\u201d. O projeto emendado e aprovado segue para san\u00e7\u00e3o do Executivo.<\/p>\n\n\n\n<p><strong>Turismo: Embarque e desembarque em Imbetiba<br><\/strong>Entre outras proposi\u00e7\u00f5es dos parlamentares votadas, Marlon obteve apoio para uma indica\u00e7\u00e3o, oficializando a proposta ao governo, de construir um terminal de embarque e desembarque tur\u00edstico na praia de Imbetiba. \u201cSer\u00e1 uma oportunidade tamb\u00e9m de lazer para moradores da cidade\u201d. Luciano comentou: \u201cSer\u00e1 um marco para o nosso munic\u00edpio. As tratativas j\u00e1 est\u00e3o h\u00e1 quatro meses avan\u00e7ando na Secretaria de Obras\u201d.<\/p>\n\n\n\n<p><em><a href=\"https:\/\/cmmacae.rj.gov.br\/icms-ecologico-gera-debate-sobre-meio-ambiente\/\" title=\"\">Fonte Secom C\u00e2mara de Vereadores de Maca\u00e9<\/a><\/em><\/p>\n\n\n\n<p><a href=\"https:\/\/cmmacae.rj.gov.br\/2023\/08\/23\/\"><\/a><\/p>\n","protected":false},"excerpt":{"rendered":"<p>Nesta quarta-feira (23), a C\u00e2mara de Maca\u00e9 aprovou o Projeto de Lei (PL) 009\/2023, do Executivo, que autoriza a Macaeprev a aplicar recursos em institui\u00e7\u00f5es privadas. Atualmente, os investimentos s\u00f3 podem ser feitos na Caixa Econ\u00f4mica e no Banco do Brasil. Marlon Lima (PDT) elogiou a emenda da Mesa Diretora, tamb\u00e9m aprovada, que limita as [&hellip;]<\/p>\n","protected":false},"author":2,"featured_media":12363,"comment_status":"closed","ping_status":"closed","sticky":false,"template":"","format":"standard","meta":{"postBodyCss":"","postBodyMargin":[],"postBodyPadding":[],"postBodyBackground":{"backgroundType":"classic","gradient":""},"footnotes":""},"categories":[42,44],"tags":[94,718,544],"class_list":["post-12361","post","type-post","status-publish","format-standard","has-post-thumbnail","hentry","category-macae","category-politica","tag-camara-municipal-de-macae","tag-macaeprev","tag-servidores"],"aioseo_notices":[],"_links":{"self":[{"href":"https:\/\/aconteceemmacaeeregiao.com.br\/index.php\/wp-json\/wp\/v2\/posts\/12361","targetHints":{"allow":["GET"]}}],"collection":[{"href":"https:\/\/aconteceemmacaeeregiao.com.br\/index.php\/wp-json\/wp\/v2\/posts"}],"about":[{"href":"https:\/\/aconteceemmacaeeregiao.com.br\/index.php\/wp-json\/wp\/v2\/types\/post"}],"author":[{"embeddable":true,"href":"https:\/\/aconteceemmacaeeregiao.com.br\/index.php\/wp-json\/wp\/v2\/users\/2"}],"replies":[{"embeddable":true,"href":"https:\/\/aconteceemmacaeeregiao.com.br\/index.php\/wp-json\/wp\/v2\/comments?post=12361"}],"version-history":[{"count":0,"href":"https:\/\/aconteceemmacaeeregiao.com.br\/index.php\/wp-json\/wp\/v2\/posts\/12361\/revisions"}],"wp:featuredmedia":[{"embeddable":true,"href":"https:\/\/aconteceemmacaeeregiao.com.br\/index.php\/wp-json\/wp\/v2\/media\/12363"}],"wp:attachment":[{"href":"https:\/\/aconteceemmacaeeregiao.com.br\/index.php\/wp-json\/wp\/v2\/media?parent=12361"}],"wp:term":[{"taxonomy":"category","embeddable":true,"href":"https:\/\/aconteceemmacaeeregiao.com.br\/index.php\/wp-json\/wp\/v2\/categories?post=12361"},{"taxonomy":"post_tag","embeddable":true,"href":"https:\/\/aconteceemmacaeeregiao.com.br\/index.php\/wp-json\/wp\/v2\/tags?post=12361"}],"curies":[{"name":"wp","href":"https:\/\/api.w.org\/{rel}","templated":true}]}}