{"id":12417,"date":"2023-08-28T20:33:57","date_gmt":"2023-08-28T23:33:57","guid":{"rendered":"https:\/\/aconteceemmacaeeregiao.com.br\/?p=12417"},"modified":"2023-08-28T20:33:58","modified_gmt":"2023-08-28T23:33:58","slug":"energia-legal-da-enel-identifica-117-furtos-em-macae","status":"publish","type":"post","link":"https:\/\/aconteceemmacaeeregiao.com.br\/index.php\/2023\/08\/28\/energia-legal-da-enel-identifica-117-furtos-em-macae\/","title":{"rendered":"Energia legal da Enel identifica 117 furtos em Maca\u00e9"},"content":{"rendered":"\n<p><strong><em>Com apoio da pol\u00edcia, opera\u00e7\u00e3o terminou com cinco pris\u00f5es em flagrante e o registro de sete ocorr\u00eancias policiais por furto de energia;<\/em><\/strong><\/p>\n\n\n\n<p><strong><em>Companhia tamb\u00e9m ofereceu atendimento m\u00f3vel a 140 a clientes do munic\u00edpio para os mesmos servi\u00e7os dispon\u00edveis em loja.<\/em><\/strong><\/p>\n\n\n\n<p>O projeto Energia Legal, realizado pela Enel Distribui\u00e7\u00e3o Rio com o apoio da Pol\u00edcia Civil durante a semana passada em Maca\u00e9, identificou 117 irregularidades na medi\u00e7\u00e3o de energia de estabelecimentos comerciais e resid\u00eancias. A opera\u00e7\u00e3o terminou com cinco pris\u00f5es em flagrante e o registro de sete ocorr\u00eancias policiais relacionadas ao consumo irregular de energia, como liga\u00e7\u00f5es diretas na rede da distribuidora sem passar pelo aparelho de medi\u00e7\u00e3o e fraude no medidor de energia. Os cinco detidos s\u00e3o respons\u00e1veis por estabelecimentos comerciais: duas lojas de lava a jato, um dep\u00f3sito de bebidas, uma empresa de reboque e uma lanchonete.<\/p>\n\n\n\n<p>Durante o Energia Legal, para facilitar o acesso aos servi\u00e7os, a Enel ofereceu atendimento m\u00f3vel a 140 clientes do munic\u00edpio, que puderam solicitar segunda via de conta, liga\u00e7\u00e3o nova e troca de titularidade, por exemplo. Al\u00e9m disso, foram realizadas 23 negocia\u00e7\u00f5es de d\u00edvidas, permitindo aos clientes a regulariza\u00e7\u00e3o de seus d\u00e9bitos.<\/p>\n\n\n<div class=\"wp-block-image\">\n<figure class=\"aligncenter size-full\"><img fetchpriority=\"high\" decoding=\"async\" width=\"734\" height=\"426\" src=\"https:\/\/aconteceemmacaeeregiao.com.br\/wp-content\/uploads\/2023\/08\/WhatsApp-Image-2023-08-28-at-15.07.50-1.jpeg\" alt=\"\" class=\"wp-image-12422\" srcset=\"https:\/\/aconteceemmacaeeregiao.com.br\/wp-content\/uploads\/2023\/08\/WhatsApp-Image-2023-08-28-at-15.07.50-1.jpeg 734w, https:\/\/aconteceemmacaeeregiao.com.br\/wp-content\/uploads\/2023\/08\/WhatsApp-Image-2023-08-28-at-15.07.50-1-300x174.jpeg 300w\" sizes=\"(max-width: 734px) 100vw, 734px\" \/><\/figure>\n<\/div>\n\n\n<p>Com a inten\u00e7\u00e3o de combater irregularidades e furtos, o projeto, que est\u00e1 em sua 51\u00aa edi\u00e7\u00e3o, j\u00e1 identificou em torno de 21,5 mil furtos de energia, sendo 92% dos casos em resid\u00eancias e 8% em com\u00e9rcios nas 27 cidades por onde passou desde o fim de 2019. &#8220;O trabalho integrado entre as diversas \u00e1reas da empresa em conjunto com a Pol\u00edcia Civil promove resultados muito relevantes no combate ao furto de energia. Ao minimizar este tipo de ocorr\u00eancia em nossa \u00e1rea de concess\u00e3o, al\u00e9m de potencializar os bons resultados operacionais, geramos benef\u00edcios tanto para a companhia quanto aos clientes\u201d, afirmou Ricardo Lima, respons\u00e1vel por Opera\u00e7\u00f5es de Perdas da Enel Rio.<\/p>\n\n\n<div class=\"wp-block-image\">\n<figure class=\"aligncenter size-full\"><img decoding=\"async\" width=\"718\" height=\"406\" data-src=\"https:\/\/aconteceemmacaeeregiao.com.br\/wp-content\/uploads\/2023\/08\/WhatsApp-Image-2023-08-28-at-15.07.50.jpeg\" alt=\"\" class=\"wp-image-12419 lazyload\" data-srcset=\"https:\/\/aconteceemmacaeeregiao.com.br\/wp-content\/uploads\/2023\/08\/WhatsApp-Image-2023-08-28-at-15.07.50.jpeg 718w, https:\/\/aconteceemmacaeeregiao.com.br\/wp-content\/uploads\/2023\/08\/WhatsApp-Image-2023-08-28-at-15.07.50-300x170.jpeg 300w\" data-sizes=\"(max-width: 718px) 100vw, 718px\" src=\"data:image\/svg+xml;base64,PHN2ZyB3aWR0aD0iMSIgaGVpZ2h0PSIxIiB4bWxucz0iaHR0cDovL3d3dy53My5vcmcvMjAwMC9zdmciPjwvc3ZnPg==\" style=\"--smush-placeholder-width: 718px; --smush-placeholder-aspect-ratio: 718\/406;\" \/><\/figure>\n<\/div>\n\n<div class=\"wp-block-image is-style-default\">\n<figure class=\"aligncenter size-full\"><img decoding=\"async\" width=\"699\" height=\"356\" data-src=\"https:\/\/aconteceemmacaeeregiao.com.br\/wp-content\/uploads\/2023\/08\/WhatsApp-Image-2023-08-28-at-15.07.50-2.jpeg\" alt=\"\" class=\"wp-image-12421 lazyload\" data-srcset=\"https:\/\/aconteceemmacaeeregiao.com.br\/wp-content\/uploads\/2023\/08\/WhatsApp-Image-2023-08-28-at-15.07.50-2.jpeg 699w, https:\/\/aconteceemmacaeeregiao.com.br\/wp-content\/uploads\/2023\/08\/WhatsApp-Image-2023-08-28-at-15.07.50-2-300x153.jpeg 300w\" data-sizes=\"(max-width: 699px) 100vw, 699px\" src=\"data:image\/svg+xml;base64,PHN2ZyB3aWR0aD0iMSIgaGVpZ2h0PSIxIiB4bWxucz0iaHR0cDovL3d3dy53My5vcmcvMjAwMC9zdmciPjwvc3ZnPg==\" style=\"--smush-placeholder-width: 699px; --smush-placeholder-aspect-ratio: 699\/356;\" \/><\/figure>\n<\/div>\n\n\n<p>Combate ao furto de energia<\/p>\n\n\n\n<p>Al\u00e9m de ser crime com pena prevista de at\u00e9 oito anos de reclus\u00e3o, as liga\u00e7\u00f5es irregulares impactam negativamente a qualidade do servi\u00e7o prestado, prejudicam todos os consumidores da concession\u00e1ria, com maior n\u00famero de interrup\u00e7\u00f5es e, por vezes, dificultam o restabelecimento da energia el\u00e9trica. De acordo com estimativas da empresa, se n\u00e3o houvesse furto de energia, as tarifas de todos os clientes da Enel Rio poderiam ser reduzidas em cerca de 5%.<\/p>\n\n\n\n<p>Adotar a pr\u00e1tica popularmente conhecida como \u201cgato\u201d traz s\u00e9rios riscos tanto para quem pratica o ato quanto \u00e0 popula\u00e7\u00e3o de forma geral. Manipular um medidor de energia sem habilita\u00e7\u00e3o, ou fazer liga\u00e7\u00e3o direta na rede el\u00e9trica pode gerar choques e acidentes graves, inclusive fatais. Para denunciar furto de energia, basta acessar o site www.eneldistribuicao.com.br\/rj\/denuncie.aspx ou o aplicativo da Enel Rio ou ligar para 0800 280 0120. N\u00e3o \u00e9 necess\u00e1rio se identificar.<\/p>\n","protected":false},"excerpt":{"rendered":"<p>Com apoio da pol\u00edcia, opera\u00e7\u00e3o terminou com cinco pris\u00f5es em flagrante e o registro de sete ocorr\u00eancias policiais por furto de energia; Companhia tamb\u00e9m ofereceu atendimento m\u00f3vel a 140 a clientes do munic\u00edpio para os mesmos servi\u00e7os dispon\u00edveis em loja. O projeto Energia Legal, realizado pela Enel Distribui\u00e7\u00e3o Rio com o apoio da Pol\u00edcia Civil [&hellip;]<\/p>\n","protected":false},"author":2,"featured_media":12420,"comment_status":"closed","ping_status":"closed","sticky":false,"template":"","format":"standard","meta":{"postBodyCss":"","postBodyMargin":[],"postBodyPadding":[],"postBodyBackground":{"backgroundType":"classic","gradient":""},"footnotes":""},"categories":[42,47],"tags":[150,151,130],"class_list":["post-12417","post","type-post","status-publish","format-standard","has-post-thumbnail","hentry","category-macae","category-ocorrencias","tag-enel","tag-energia","tag-furto"],"aioseo_notices":[],"_links":{"self":[{"href":"https:\/\/aconteceemmacaeeregiao.com.br\/index.php\/wp-json\/wp\/v2\/posts\/12417","targetHints":{"allow":["GET"]}}],"collection":[{"href":"https:\/\/aconteceemmacaeeregiao.com.br\/index.php\/wp-json\/wp\/v2\/posts"}],"about":[{"href":"https:\/\/aconteceemmacaeeregiao.com.br\/index.php\/wp-json\/wp\/v2\/types\/post"}],"author":[{"embeddable":true,"href":"https:\/\/aconteceemmacaeeregiao.com.br\/index.php\/wp-json\/wp\/v2\/users\/2"}],"replies":[{"embeddable":true,"href":"https:\/\/aconteceemmacaeeregiao.com.br\/index.php\/wp-json\/wp\/v2\/comments?post=12417"}],"version-history":[{"count":0,"href":"https:\/\/aconteceemmacaeeregiao.com.br\/index.php\/wp-json\/wp\/v2\/posts\/12417\/revisions"}],"wp:featuredmedia":[{"embeddable":true,"href":"https:\/\/aconteceemmacaeeregiao.com.br\/index.php\/wp-json\/wp\/v2\/media\/12420"}],"wp:attachment":[{"href":"https:\/\/aconteceemmacaeeregiao.com.br\/index.php\/wp-json\/wp\/v2\/media?parent=12417"}],"wp:term":[{"taxonomy":"category","embeddable":true,"href":"https:\/\/aconteceemmacaeeregiao.com.br\/index.php\/wp-json\/wp\/v2\/categories?post=12417"},{"taxonomy":"post_tag","embeddable":true,"href":"https:\/\/aconteceemmacaeeregiao.com.br\/index.php\/wp-json\/wp\/v2\/tags?post=12417"}],"curies":[{"name":"wp","href":"https:\/\/api.w.org\/{rel}","templated":true}]}}