{"id":12432,"date":"2023-08-28T20:59:56","date_gmt":"2023-08-28T23:59:56","guid":{"rendered":"https:\/\/aconteceemmacaeeregiao.com.br\/?p=12432"},"modified":"2023-08-28T20:59:56","modified_gmt":"2023-08-28T23:59:56","slug":"programa-nova-vida-convoca-40-adolescentes","status":"publish","type":"post","link":"https:\/\/aconteceemmacaeeregiao.com.br\/index.php\/2023\/08\/28\/programa-nova-vida-convoca-40-adolescentes\/","title":{"rendered":"Programa &#8216;Nova Vida&#8217; convoca 40 adolescentes"},"content":{"rendered":"\n<p>Cerca de 40 adolescentes que foram convocados e habilitados no Processo Seletivo Simplificado do Programa &#8220;Nova Vida&#8221; participaram do encontro de boas vindas na sede do Pa\u00e7o Municipal, na \u00faltima sexta-feira (25). Os novos integrantes come\u00e7am a atuar nesta segunda-feira (28) nos \u00f3rg\u00e3os e secretarias operacionais. Na reuni\u00e3o, os participantes tiveram acesso ao regimento do programa, que atualmente conta com cerca de 240 jovens.<\/p>\n\n\n\n<blockquote class=\"wp-block-quote is-layout-flow wp-block-quote-is-layout-flow\">\n<p>&#8220;\u00c9 muito bom ver esta expectativa do primeiro emprego junto aos novos integrantes. Temos registros de pessoas que atuam nos \u00f3rg\u00e3os municipais que j\u00e1 passaram por este programa, que faz a diferen\u00e7a no munic\u00edpio&#8221;, ressaltou a Secret\u00e1ria de Desenvolvimento Social, Direitos Humanos e Acessibilidade, Sabrina Nunes.<\/p>\n<\/blockquote>\n\n\n\n<p>Na oportunidade, pais, respons\u00e1veis e participantes do programa puderam obter mais informa\u00e7\u00f5es, tirar d\u00favidas e saber mais a respeito das atividades que v\u00e3o exercer. Entre eles estavam Kaysa Silva, de 15 anos. Acompanhada da m\u00e3e, Ana Paula Silva, ela lembrou dos estudos para o processo seletivo. &#8220;Estou ansiosa, feliz e animada. Um sonho meu est\u00e1 sendo realizado: quero aprender bastante e fazer amizades&#8221;, contou.<\/p>\n\n\n\n<p>Da mesma opini\u00e3o \u00e9 Enzo Azevedo. &#8220;Sempre desejei integrar o &#8216;Nova Vida&#8217; e, agora, vou poder. Estou feliz e quero fazer o melhor pelo setor onde vou trabalhar&#8221;,disse, acompanhada pela m\u00e3e, Jaqueline Azevedo.<\/p>\n\n\n\n<p>Durante a programa\u00e7\u00e3o, o coordenador do programa Nova Vida, Douglas Fontes, repassou as principais recomenda\u00e7\u00f5es e o regimento do programa. &#8220;O objetivo \u00e9 que eles saibam se comportar no atendimento ao p\u00fablico e junto aos \u00f3rg\u00e3os municipais. Outras orienta\u00e7\u00f5es s\u00e3o: ter zelo com uniforme, assiduidade, pontualidade, asseio, participa\u00e7\u00e3o, interesse e cordialidade. Temos a honra de receber novos integrantes, e ser\u00e1 um aprendizado para toda vida. No entanto, as regras devem ser cumpridas e queremos contribuir com a vida dos integrantes da melhor forma&#8221;, ressaltou.<\/p>\n\n\n\n<p><strong>Programa<\/strong><\/p>\n\n\n\n<p>Os participantes s\u00e3o jovens de 14 a 17 anos de idade, moradores no munic\u00edpio, oriundos de fam\u00edlias de baixa renda e matriculados na rede p\u00fablica de ensino. A administra\u00e7\u00e3o municipal considera que o &#8220;Nova Vida&#8221; e a &#8220;Guarda Mirim&#8221; s\u00e3o programas sociais que oportunizam aos jovens a integra\u00e7\u00e3o nas atividades educacionais nos termos da Lei Municipal n\u00ba 2.606\/2005, em atendimento \u00e0s demandas apresentadas pelas Secretarias Municipais de Desenvolvimento Social, Direitos Humanos e Acessibilidade e de Ordem P\u00fablica.<\/p>\n\n\n\n<p>O objetivo dos programas sociais \u00e9 contribuir para a perman\u00eancia dos jovens nos espa\u00e7os escolares, como mecanismo de incentivo \u00e0 eleva\u00e7\u00e3o de sua escolaridade, oferecendo a eles oportunidades de aprendizagem para a qualifica\u00e7\u00e3o e profissionaliza\u00e7\u00e3o para o mercado de trabalho. Mais de tr\u00eas mil candidatos realizaram a prova objetiva para o Processo Seletivo Simplificado para os programas &#8220;Nova Vida&#8221; e &#8220;Guarda Mirim&#8221;.<\/p>\n\n\n\n<p><em>Por jornalista <em>Genimarta Oliveira<\/em>\/ Secom Pref. de Maca\u00e9<\/em><\/p>\n","protected":false},"excerpt":{"rendered":"<p>Cerca de 40 adolescentes que foram convocados e habilitados no Processo Seletivo Simplificado do Programa &#8220;Nova Vida&#8221; participaram do encontro de boas vindas na sede do Pa\u00e7o Municipal, na \u00faltima sexta-feira (25). Os novos integrantes come\u00e7am a atuar nesta segunda-feira (28) nos \u00f3rg\u00e3os e secretarias operacionais. Na reuni\u00e3o, os participantes tiveram acesso ao regimento do [&hellip;]<\/p>\n","protected":false},"author":2,"featured_media":12434,"comment_status":"closed","ping_status":"closed","sticky":false,"template":"","format":"standard","meta":{"postBodyCss":"","postBodyMargin":[],"postBodyPadding":[],"postBodyBackground":{"backgroundType":"classic","gradient":""},"footnotes":""},"categories":[42],"tags":[349,719,118],"class_list":["post-12432","post","type-post","status-publish","format-standard","has-post-thumbnail","hentry","category-macae","tag-adolescentes","tag-nova-vida","tag-social"],"aioseo_notices":[],"_links":{"self":[{"href":"https:\/\/aconteceemmacaeeregiao.com.br\/index.php\/wp-json\/wp\/v2\/posts\/12432","targetHints":{"allow":["GET"]}}],"collection":[{"href":"https:\/\/aconteceemmacaeeregiao.com.br\/index.php\/wp-json\/wp\/v2\/posts"}],"about":[{"href":"https:\/\/aconteceemmacaeeregiao.com.br\/index.php\/wp-json\/wp\/v2\/types\/post"}],"author":[{"embeddable":true,"href":"https:\/\/aconteceemmacaeeregiao.com.br\/index.php\/wp-json\/wp\/v2\/users\/2"}],"replies":[{"embeddable":true,"href":"https:\/\/aconteceemmacaeeregiao.com.br\/index.php\/wp-json\/wp\/v2\/comments?post=12432"}],"version-history":[{"count":0,"href":"https:\/\/aconteceemmacaeeregiao.com.br\/index.php\/wp-json\/wp\/v2\/posts\/12432\/revisions"}],"wp:featuredmedia":[{"embeddable":true,"href":"https:\/\/aconteceemmacaeeregiao.com.br\/index.php\/wp-json\/wp\/v2\/media\/12434"}],"wp:attachment":[{"href":"https:\/\/aconteceemmacaeeregiao.com.br\/index.php\/wp-json\/wp\/v2\/media?parent=12432"}],"wp:term":[{"taxonomy":"category","embeddable":true,"href":"https:\/\/aconteceemmacaeeregiao.com.br\/index.php\/wp-json\/wp\/v2\/categories?post=12432"},{"taxonomy":"post_tag","embeddable":true,"href":"https:\/\/aconteceemmacaeeregiao.com.br\/index.php\/wp-json\/wp\/v2\/tags?post=12432"}],"curies":[{"name":"wp","href":"https:\/\/api.w.org\/{rel}","templated":true}]}}