{"id":12521,"date":"2023-08-30T20:47:22","date_gmt":"2023-08-30T23:47:22","guid":{"rendered":"https:\/\/aconteceemmacaeeregiao.com.br\/?p=12521"},"modified":"2023-08-30T21:06:00","modified_gmt":"2023-08-31T00:06:00","slug":"patrulha-maria-da-penha-ganha-sede-propria-com-funcionamento-24-horas","status":"publish","type":"post","link":"https:\/\/aconteceemmacaeeregiao.com.br\/index.php\/2023\/08\/30\/patrulha-maria-da-penha-ganha-sede-propria-com-funcionamento-24-horas\/","title":{"rendered":"Patrulha Maria da Penha ganha sede pr\u00f3pria com funcionamento 24 horas"},"content":{"rendered":"\n<p>A Prefeitura de Maca\u00e9, com atua\u00e7\u00e3o da Secretaria de Ordem P\u00fablica, inaugurou nesta quarta-feira (30) a sede da Patrulha Maria da Penha, que vai funcionar 24 horas por dia na Travessa Carapebus, 39, Imbetiba. Esse \u00e9 o primeiro im\u00f3vel que abriga os agentes da patrulha. O prefeito Welberth Rezende participou da solenidade de entrega ao lado da primeira-dama Quelen Rezende.<\/p>\n\n\n\n<p>A pluralidade de institui\u00e7\u00f5es presentes foi destacada pelo prefeito. \u201cA patrulha tem feito um trabalho brilhante, a atua\u00e7\u00e3o em conjunto e a integra\u00e7\u00e3o est\u00e3o transformando a seguran\u00e7a p\u00fablica no munic\u00edpio, nossos n\u00fameros s\u00e3o outros\u201c, afirmou o prefeito, salientando a queda de 80% em homic\u00eddios na cidade, inclusive em feminic\u00eddios.<br><br>De acordo com o prefeito, novos equipamentos p\u00fablicos como o Batalh\u00e3o de Opera\u00e7\u00f5es com C\u00e3es, a sede da patrulha Maria da Penha, e a uni\u00e3o das institui\u00e7\u00f5es contribuem para as quedas nos \u00edndices. \u201cTivemos 25 novas inaugura\u00e7\u00f5es no anivers\u00e1rio de Maca\u00e9, abrimos CRAS e CREAS, a inaugura\u00e7\u00e3o de hoje \u00e9 importante para que consigamos impedir casos de viol\u00eancia\u201d, frisou o prefeito, citando todas as for\u00e7as de seguran\u00e7a que participaram da solenidade e fazendo refer\u00eancia ao Centro de Refer\u00eancia Especializado em Assist\u00eancia Social (CREAS) e ao Centro de Refer\u00eancia da Assist\u00eancia Social (CRAS).<br><\/p>\n\n\n\n<p><br>A casa recebeu o nome de Lidiane de Jesus Corr\u00eaa Martins. A homenagem se d\u00e1 por conta dela ter sido assistida pela Patrulha Maria da Penha entre 2017 e in\u00edcio de 2018, quando faleceu v\u00edtima de feminic\u00eddio por seu ex-companheiro. Lidiane foi homenageada na entrega.<br><br>\u201cA luta est\u00e1 em rede e est\u00e1 acontecendo. Vamos nesta luta juntos\u201d, mencionou a Secret\u00e1ria de Pol\u00edticas para as Mulheres, Sheila Juv\u00eancio.<br><br><strong>Patrulha contribui para 33 pris\u00f5es em tr\u00eas anos<\/strong><br><br>Segundo o secret\u00e1rio de Ordem P\u00fablica, Alan Oliveira, foram 33 pris\u00f5es nos \u00faltimos tr\u00eas anos feitas pela patrulha, tanto em flagrante quanto pessoas que descumpriram medidas protetivas. \u201cEm 2021, foram 11; em 2022 foram 9 e em 2023 foram 13\u201d, enumerou.<br><br>A vit\u00f3ria da pol\u00edtica de seguran\u00e7a p\u00fablica para a mulher foi enaltecida pela vereadora Iza Vicente. \u201cEssa casa \u00e9 voltada para salvar vidas, vemos que a presen\u00e7a das for\u00e7as de seguran\u00e7a mostra que a uni\u00e3o em prol da defesa da mulher \u00e9 o que faz a nossa cidade avan\u00e7ar\u201d, observou.<br><br>A presen\u00e7a da Guarda Municipal nas ruas da cidade e de for\u00e7as de seguran\u00e7a foi citada pelo vereador Luiz Matos. \u201cParabenizo a patrulha pela conquista e estamos sempre \u00e0 disposi\u00e7\u00e3o\u201d, exaltou o vereador.<br><br><strong>Vinte agentes operacionais atuam nas ruas<\/strong><br><br>S\u00e3o 20 agentes operacionais e quatro administrativos, sendo seis mulheres operacionais que atuam no Maria da Penha. \u201dRecebemos muitos contatos por WhatsApp porque a mulher pode estar ao lado do agressor, o que a impede de falar, mas n\u00e3o de digitar\u201d, informou a coordenadora da Patrulha Maria da Penha, a guarda municipal e psic\u00f3loga Laila Bastos. O WhatsApp para contato \u00e9 (22) 99826-6263.<br><br>A coordenadora da Patrulha destacou que quando a opera\u00e7\u00e3o \u00e9 em \u00e1rea de risco, tem apoio da Pol\u00edcia Militar. \u201cOs policiais est\u00e3o sempre prontos para atuar em conjunto\u201d, acrescentou, externando que os telefones para contato s\u00e3o o 0800 282 2108 e o 2796 1398.<br><br>Laila exaltou que o atendimento ser\u00e1 agora tamb\u00e9m presencial em Imbetiba, cont\u00ednuo e humanizado. \u201cAl\u00e9m da sala de instru\u00e7\u00e3o para capacita\u00e7\u00e3o constante, temos uma brinquedoteca para crian\u00e7as. Agora temos um espa\u00e7o digno\u201d, apontou.<br><br>\u201cA estrutura que Maca\u00e9 fornece para mulheres v\u00edtimas de viol\u00eancia \u00e9 \u00f3tima, todos os aparelhos s\u00e3o pr\u00f3ximo como o Ceam, a parceria com a Pol\u00edcia Civil e a Pol\u00edcia Militar contribui para a assist\u00eancia \u00e0 mulher e a verifica\u00e7\u00e3o das medidas protetivas\u201d, analisou a representante da 123\u00aa Delegacia de Pol\u00edcia, Carolina Barbosa.<br><br>Com atua\u00e7\u00e3o na defesa da mulher, a coordenadora da 8\u00aa regi\u00e3o da Defensoria P\u00fablica, Ana Clara Cardoso Correia real\u00e7ou a validade da parceria de todos os \u00f3rg\u00e3os. \u201cO contato com a patrulha \u00e9 frequente, parabenizo a preocupa\u00e7\u00e3o da gest\u00e3o com as pessoas em situa\u00e7\u00e3o de vulnerabilidade\u201d, enumerou.<br><br><strong>Autoridades destacam uni\u00e3o de poderes<br><\/strong>De acordo com o Promotor de Justi\u00e7a Criminal, Andr\u00e9 Lu\u00eds, a uni\u00e3o de todas as institui\u00e7\u00f5es \u00e9 fundamental para a mulher. \u201cTemos que andar no sentido da prote\u00e7\u00e3o das mulheres\u201d, sustentou.<br><br>A Patrulha Maria da Penha foi criada atrav\u00e9s da\u00a0<a href=\"https:\/\/sistemas.macae.rj.gov.br:840\/sim\/midia\/anexolegislacao\/1495815233.pdf\"><strong>Lei 4.350\/17<\/strong><\/a>. A casa ser\u00e1 um espa\u00e7o de acolhimento \u00e0 mulher v\u00edtima de viol\u00eancia dom\u00e9stica com um atendimento humanizado feito pelos agentes da Guarda Municipal preparados para a assist\u00eancia \u00e0 mulher.<br><br>A guarda municipal Rebeca Costa externou a alegria em poder ajudar as mulheres. \u201cFazemos monitoramento e estamos em constante estado de alerta\u201d, expressou.<br><br>O irm\u00e3o da v\u00edtima, Jenival de Jesus Corr\u00eaa Martins, recebeu a homenagem em nome da irm\u00e3.<br><br>Participaram da entrega representantes do Corpo de Bombeiros, do Ex\u00e9rcito Brasileiro, Pol\u00edcia Federal, OAB Maca\u00e9, Defensoria P\u00fablica e Promotoria, agentes do Grupo de Apoio Operacional (GAOp); do Programa Estadual de Integra\u00e7\u00e3o na Seguran\u00e7a (Proeis); da Educa\u00e7\u00e3o para o Tr\u00e2nsito; outros secret\u00e1rios e autoridades.<\/p>\n\n\n<div class=\"wp-block-image\">\n<figure class=\"aligncenter size-large is-resized\"><img fetchpriority=\"high\" decoding=\"async\" src=\"https:\/\/aconteceemmacaeeregiao.com.br\/wp-content\/uploads\/2023\/08\/1693504442-1024x683.jpg\" alt=\"\" class=\"wp-image-12523\" width=\"840\" height=\"560\" srcset=\"https:\/\/aconteceemmacaeeregiao.com.br\/wp-content\/uploads\/2023\/08\/1693504442-1024x683.jpg 1024w, https:\/\/aconteceemmacaeeregiao.com.br\/wp-content\/uploads\/2023\/08\/1693504442-300x200.jpg 300w, https:\/\/aconteceemmacaeeregiao.com.br\/wp-content\/uploads\/2023\/08\/1693504442-768x512.jpg 768w, https:\/\/aconteceemmacaeeregiao.com.br\/wp-content\/uploads\/2023\/08\/1693504442-1200x800.jpg 1200w, https:\/\/aconteceemmacaeeregiao.com.br\/wp-content\/uploads\/2023\/08\/1693504442.jpg 1417w\" sizes=\"(max-width: 840px) 100vw, 840px\" \/><figcaption class=\"wp-element-caption\"> Foto: Rui Porto Filho<\/figcaption><\/figure>\n<\/div>\n\n\n<p><em>Por jornalista <em>Genimarta Oliveira<\/em>\/ Secom Pref. de Maca\u00e9<\/em><\/p>\n","protected":false},"excerpt":{"rendered":"<p>A Prefeitura de Maca\u00e9, com atua\u00e7\u00e3o da Secretaria de Ordem P\u00fablica, inaugurou nesta quarta-feira (30) a sede da Patrulha Maria da Penha, que vai funcionar 24 horas por dia na Travessa Carapebus, 39, Imbetiba. Esse \u00e9 o primeiro im\u00f3vel que abriga os agentes da patrulha. O prefeito Welberth Rezende participou da solenidade de entrega ao [&hellip;]<\/p>\n","protected":false},"author":2,"featured_media":12531,"comment_status":"closed","ping_status":"open","sticky":false,"template":"","format":"standard","meta":{"postBodyCss":"","postBodyMargin":[],"postBodyPadding":[],"postBodyBackground":{"backgroundType":"classic","gradient":""},"footnotes":""},"categories":[42],"tags":[120,725,182],"class_list":["post-12521","post","type-post","status-publish","format-standard","has-post-thumbnail","hentry","category-macae","tag-mulher","tag-patrulha-maria-da-penha","tag-violencia"],"aioseo_notices":[],"_links":{"self":[{"href":"https:\/\/aconteceemmacaeeregiao.com.br\/index.php\/wp-json\/wp\/v2\/posts\/12521","targetHints":{"allow":["GET"]}}],"collection":[{"href":"https:\/\/aconteceemmacaeeregiao.com.br\/index.php\/wp-json\/wp\/v2\/posts"}],"about":[{"href":"https:\/\/aconteceemmacaeeregiao.com.br\/index.php\/wp-json\/wp\/v2\/types\/post"}],"author":[{"embeddable":true,"href":"https:\/\/aconteceemmacaeeregiao.com.br\/index.php\/wp-json\/wp\/v2\/users\/2"}],"replies":[{"embeddable":true,"href":"https:\/\/aconteceemmacaeeregiao.com.br\/index.php\/wp-json\/wp\/v2\/comments?post=12521"}],"version-history":[{"count":0,"href":"https:\/\/aconteceemmacaeeregiao.com.br\/index.php\/wp-json\/wp\/v2\/posts\/12521\/revisions"}],"wp:featuredmedia":[{"embeddable":true,"href":"https:\/\/aconteceemmacaeeregiao.com.br\/index.php\/wp-json\/wp\/v2\/media\/12531"}],"wp:attachment":[{"href":"https:\/\/aconteceemmacaeeregiao.com.br\/index.php\/wp-json\/wp\/v2\/media?parent=12521"}],"wp:term":[{"taxonomy":"category","embeddable":true,"href":"https:\/\/aconteceemmacaeeregiao.com.br\/index.php\/wp-json\/wp\/v2\/categories?post=12521"},{"taxonomy":"post_tag","embeddable":true,"href":"https:\/\/aconteceemmacaeeregiao.com.br\/index.php\/wp-json\/wp\/v2\/tags?post=12521"}],"curies":[{"name":"wp","href":"https:\/\/api.w.org\/{rel}","templated":true}]}}