{"id":12533,"date":"2023-08-30T21:08:32","date_gmt":"2023-08-31T00:08:32","guid":{"rendered":"https:\/\/aconteceemmacaeeregiao.com.br\/?p=12533"},"modified":"2023-08-30T21:08:32","modified_gmt":"2023-08-31T00:08:32","slug":"macae-segue-lider-na-regiao-ao-gerar-54-mil-novos-empregos","status":"publish","type":"post","link":"https:\/\/aconteceemmacaeeregiao.com.br\/index.php\/2023\/08\/30\/macae-segue-lider-na-regiao-ao-gerar-54-mil-novos-empregos\/","title":{"rendered":"Maca\u00e9 segue l\u00edder na regi\u00e3o ao gerar 5,4 mil novos empregos"},"content":{"rendered":"\n<p>Com exatos 5.483 novos postos de trabalho criados at\u00e9 julho, Maca\u00e9 segue l\u00edder na regi\u00e3o em gera\u00e7\u00e3o de empregos, mantendo-se tamb\u00e9m como o mais favor\u00e1vel ambiente de neg\u00f3cios do Estado do Rio de Janeiro.<\/p>\n\n\n\n<p>Os n\u00fameros, consolidados nesta quarta-feira (30) pelo Cadastro Geral de Empregados e Desempregados (Caged), marcam tamb\u00e9m a retomada da constru\u00e7\u00e3o civil como segmento que lidera o n\u00famero consolidado de novas contrata\u00e7\u00f5es acumuladas pela cidade em 2023.<\/p>\n\n\n\n<p>A ind\u00fastria offshore e o com\u00e9rcio tamb\u00e9m somam saldos positivos em cria\u00e7\u00e3o de novos postos de trabalho na cidade, segmentos beneficiados de forma direta pelos novos contratos celebrados pelas empresas que atuam no desenvolvimento de projetos de produ\u00e7\u00e3o na Bacia de Campos.<\/p>\n\n\n\n<p>No geral, Maca\u00e9 j\u00e1 alcan\u00e7a o total de 25.963 empregos gerados desde 2021, marco comemorado pelo prefeito Welberth Rezende.<\/p>\n\n\n\n<blockquote class=\"wp-block-quote is-layout-flow wp-block-quote-is-layout-flow\">\n<p>\u201cOs n\u00fameros refletem o compromisso em identificar e propor solu\u00e7\u00f5es para as demandas de todos os segmentos que comp\u00f5em o ambiente favor\u00e1vel de neg\u00f3cios da cidade, facilitando a tomada de decis\u00f5es sobre investimentos que reconhecem o potencial de Maca\u00e9 em tamb\u00e9m ofertar m\u00e3o de obra qualificada\u201d, destacou o prefeito.<\/p>\n<\/blockquote>\n\n\n\n<p><em>Por jornalista <em>Genimarta Oliveira<\/em>\/ Secom Pref. de Maca\u00e9<\/em><\/p>\n","protected":false},"excerpt":{"rendered":"<p>Com exatos 5.483 novos postos de trabalho criados at\u00e9 julho, Maca\u00e9 segue l\u00edder na regi\u00e3o em gera\u00e7\u00e3o de empregos, mantendo-se tamb\u00e9m como o mais favor\u00e1vel ambiente de neg\u00f3cios do Estado do Rio de Janeiro. Os n\u00fameros, consolidados nesta quarta-feira (30) pelo Cadastro Geral de Empregados e Desempregados (Caged), marcam tamb\u00e9m a retomada da constru\u00e7\u00e3o civil [&hellip;]<\/p>\n","protected":false},"author":2,"featured_media":10796,"comment_status":"closed","ping_status":"closed","sticky":false,"template":"","format":"standard","meta":{"postBodyCss":"","postBodyMargin":[],"postBodyPadding":[],"postBodyBackground":{"backgroundType":"classic","gradient":""},"footnotes":""},"categories":[45,42],"tags":[175,77],"class_list":["post-12533","post","type-post","status-publish","format-standard","has-post-thumbnail","hentry","category-economia","category-macae","tag-desenvolvimento","tag-emprego"],"aioseo_notices":[],"_links":{"self":[{"href":"https:\/\/aconteceemmacaeeregiao.com.br\/index.php\/wp-json\/wp\/v2\/posts\/12533","targetHints":{"allow":["GET"]}}],"collection":[{"href":"https:\/\/aconteceemmacaeeregiao.com.br\/index.php\/wp-json\/wp\/v2\/posts"}],"about":[{"href":"https:\/\/aconteceemmacaeeregiao.com.br\/index.php\/wp-json\/wp\/v2\/types\/post"}],"author":[{"embeddable":true,"href":"https:\/\/aconteceemmacaeeregiao.com.br\/index.php\/wp-json\/wp\/v2\/users\/2"}],"replies":[{"embeddable":true,"href":"https:\/\/aconteceemmacaeeregiao.com.br\/index.php\/wp-json\/wp\/v2\/comments?post=12533"}],"version-history":[{"count":0,"href":"https:\/\/aconteceemmacaeeregiao.com.br\/index.php\/wp-json\/wp\/v2\/posts\/12533\/revisions"}],"wp:featuredmedia":[{"embeddable":true,"href":"https:\/\/aconteceemmacaeeregiao.com.br\/index.php\/wp-json\/wp\/v2\/media\/10796"}],"wp:attachment":[{"href":"https:\/\/aconteceemmacaeeregiao.com.br\/index.php\/wp-json\/wp\/v2\/media?parent=12533"}],"wp:term":[{"taxonomy":"category","embeddable":true,"href":"https:\/\/aconteceemmacaeeregiao.com.br\/index.php\/wp-json\/wp\/v2\/categories?post=12533"},{"taxonomy":"post_tag","embeddable":true,"href":"https:\/\/aconteceemmacaeeregiao.com.br\/index.php\/wp-json\/wp\/v2\/tags?post=12533"}],"curies":[{"name":"wp","href":"https:\/\/api.w.org\/{rel}","templated":true}]}}