{"id":12537,"date":"2023-08-30T21:48:01","date_gmt":"2023-08-31T00:48:01","guid":{"rendered":"https:\/\/aconteceemmacaeeregiao.com.br\/?p=12537"},"modified":"2023-08-30T21:48:02","modified_gmt":"2023-08-31T00:48:02","slug":"autismo-inteligencia-artificial-e-comunicacao-alternativa-aumentativa","status":"publish","type":"post","link":"https:\/\/aconteceemmacaeeregiao.com.br\/index.php\/2023\/08\/30\/autismo-inteligencia-artificial-e-comunicacao-alternativa-aumentativa\/","title":{"rendered":"Autismo, Intelig\u00eancia Artificial e Comunica\u00e7\u00e3o Alternativa Aumentativa"},"content":{"rendered":"\n<p><em><strong>As Novas Tecnologias De Comunica\u00e7\u00e3o E Sua Rela\u00e7\u00e3o Com Os Indiv\u00edduos Com Transtorno Do Espectro Autista (TEA)<\/strong><\/em><\/p>\n\n\n\n<p>CAA \u00e9 a sigla para\u00a0<strong>Comunica\u00e7\u00e3o Alternativa Aumentativa<\/strong>\u00a0e \u00e9 toda pr\u00e1tica comunicativa que difere da fala. Muitas pessoas com\u00a0<strong>Transtorno do Espectro do Autismo (TEA)<\/strong>\u00a0apresentam algum tipo de dificuldade para se expressar ou falar e, nesses casos, a CAA pode ser bastante eficiente.<\/p>\n\n\n\n<p>Essa tecnologia oferece recursos para que o indiv\u00edduo consiga se comunicar de forma efetiva com as outras pessoas. Para isso, s\u00e3o usados sistemas de baixa e de alta tecnologia.&nbsp;<strong>Os sistemas de baixa tecnologia incluem cart\u00f5es, pranchas com figuras, quadros ou livros com fotos ou imagens que representam tarefas, a\u00e7\u00f5es ou objetos. J\u00e1 os sistemas de alta tecnologia s\u00e3o, por exemplo, os vocalizadores e aplicativos.<\/strong><\/p>\n\n\n\n<p><em>A CAA pode ser usada para melhorar a comunica\u00e7\u00e3o em todos os aspectos da vida do autista, nas rela\u00e7\u00f5es familiares, na escola e no trabalho. As pessoas com TEA podem aprender a usar essas ferramentas para entender o que as outras pessoas est\u00e3o dizendo, pedir o que precisam, fazer coment\u00e1rios e responder \u00e0s perguntas<\/em>&nbsp;\u2013 explica a&nbsp;<strong>Dra. Gesika Amorim<\/strong><strong>, Pediatra, P\u00f3s-graduada em Neurologia e Psiquiatria, especializada em Tratamento Integral do Autismo e Neurodesenvolvimento<\/strong>.<\/p>\n\n\n\n<p><strong>A Comunica\u00e7\u00e3o Alternativa e Aumentativa (CAA)<\/strong>&nbsp;\u00e9 uma das \u00e1reas da Tecnologia Assistiva que tem por objetivo a amplia\u00e7\u00e3o das habilidades orais e de escrita. Ela \u00e9 uma interven\u00e7\u00e3o que faz o uso de sistemas alternativos de comunica\u00e7\u00e3o que n\u00e3o sejam vocais, incluindo sistemas de Comunica\u00e7\u00e3o Assistida e N\u00e3o Assistida. Estudos t\u00eam demonstrado a efetividade da CAA para pessoas com Transtorno do Espectro Autista (TEA).<\/p>\n\n\n\n<p>Um exemplo de sistema de comunica\u00e7\u00e3o alternativa e aumentativa muito presente no contexto do autismo \u00e9 o PECS (Picture Exchange Communication System), que \u00e9 caracterizado por ser um sistema no qual a pessoa troca figuras por acesso a itens ou atividades. O PECS foi desenvolvido nos Estados Unidos em 1985 por Andy Bondy e Lori Frost, e foi implementado pela primeira vez com crian\u00e7as autistas de pr\u00e9-escola no Programa de Autismo de Delaware. Seu principal objetivo \u00e9 ensinar comunica\u00e7\u00e3o funcional.<\/p>\n\n\n\n<p><em>A CAA pode ser utilizada para possibilitar que pessoas que n\u00e3o conseguem se comunicar de maneira efetiva passem a ter como estabelecer rela\u00e7\u00f5es de aprendizado, sociais e afetivas mais produtivas e saud\u00e1veis. \u00c9 importante ressaltar que a implementa\u00e7\u00e3o da CAA deve ser feita por meio da avalia\u00e7\u00e3o por uma equipe multidisciplinar, interdisciplinar ou transdisciplinar, para garantir que as necessidades da pessoa no espectro sejam atendidas<\/em>&nbsp;\u2013 ressalta a&nbsp;<strong>Dra. Gesika Amorim<\/strong>.<\/p>\n\n\n\n<p>A CAA faz parte da \u00e1rea conhecida como Tecnologia Assistida. Segue abaixo exemplos de ferramentas que s\u00e3o usadas:<\/p>\n\n\n\n<p><strong>Cart\u00f5es de Comunica\u00e7\u00e3o:<\/strong>&nbsp;S\u00e3o v\u00e1rios cart\u00f5es de comunica\u00e7\u00e3o com s\u00edmbolos gr\u00e1ficos representativos de mensagens. Os cart\u00f5es est\u00e3o organizados por categorias de s\u00edmbolos e cada categoria se distingue por apresentar uma cor de moldura diferente. As cores s\u00e3o: rosa para cumprimentos e demais express\u00f5es sociais, amarelo para sujeitos, verde para verbos, laranja para substantivos, azul para adjetivos e branco para s\u00edmbolos diversos que n\u00e3o se enquadram nas categorias anteriormente citadas.<\/p>\n\n\n\n<p><strong>Prancha de comunica\u00e7\u00e3o com s\u00edmbolos, fotos ou figuras:<\/strong>&nbsp;\u00c9 uma pasta do tipo arquivo contendo v\u00e1rias p\u00e1ginas. Cada p\u00e1gina representa uma prancha de comunica\u00e7\u00e3o tem\u00e1tica.<\/p>\n\n\n\n<p><strong>Prancha de comunica\u00e7\u00e3o alfab\u00e9tica:<\/strong>&nbsp;\u00c9 uma pasta que cont\u00e9m as letras do alfabeto e os n\u00fameros.<\/p>\n\n\n\n<p>J\u00e1 a<strong>&nbsp;intelig\u00eancia artificial<\/strong>&nbsp;pode ajudar pessoas com transtorno do espectro autista de v\u00e1rias maneiras. Por exemplo, um aplicativo de comunica\u00e7\u00e3o por s\u00edmbolos chamado Snap Core First \u00e9 usado para a comunica\u00e7\u00e3o alternativa em um col\u00e9gio em S\u00e3o Paulo. Atualmente j\u00e1 existem muitos aplicativos voltados para a CAA, como por exemplo, o Matraquinha, o Expressia, Letmetalk e o Livox s\u00e3o alguns exemplos.<\/p>\n\n\n\n<p><em>Existem tamb\u00e9m aplicativos que ajudam a reconhecer imagens, r\u00f3tulos de produtos e c\u00e9dulas de dinheiro. Esses recursos v\u00e3o melhorando com o aperfei\u00e7oamento tecnol\u00f3gico. Al\u00e9m disso, a intelig\u00eancia artificial pode ser usada para detectar o autismo atrav\u00e9s do m\u00e9todo de aprendizagem de m\u00e1quina<\/em>&nbsp;\u2013 finaliza a&nbsp;<strong>Dra. Gesika Amorim<\/strong>.<\/p>\n\n\n<div class=\"wp-block-image\">\n<figure class=\"alignleft size-full is-resized\"><img fetchpriority=\"high\" decoding=\"async\" src=\"https:\/\/aconteceemmacaeeregiao.com.br\/wp-content\/uploads\/2023\/08\/WhatsApp-Image-2021-03-26-at-10.38.48-3-768x1024-1-.jpg\" alt=\"\" class=\"wp-image-12540\" width=\"223\" height=\"297\" srcset=\"https:\/\/aconteceemmacaeeregiao.com.br\/wp-content\/uploads\/2023\/08\/WhatsApp-Image-2021-03-26-at-10.38.48-3-768x1024-1-.jpg 768w, https:\/\/aconteceemmacaeeregiao.com.br\/wp-content\/uploads\/2023\/08\/WhatsApp-Image-2021-03-26-at-10.38.48-3-768x1024-1--225x300.jpg 225w\" sizes=\"(max-width: 223px) 100vw, 223px\" \/><\/figure>\n<\/div>\n\n\n<p><strong>Dra Gesika Amorim<\/strong>&nbsp;\u00e9 Mestre em Educa\u00e7\u00e3o m\u00e9dica, com Resid\u00eancia M\u00e9dica em Pediatria, P\u00f3s Graduada em Neurologia e Psiquiatria, com forma\u00e7\u00e3o em Homeopatia Detox (Holanda), Especialista em Tratamento Integral do Autismo. Possui extens\u00e3o em Psicofarmacologia e Neurologia Cl\u00ednica em Harvard. Especialista em Neurodesenvolvimento e Sa\u00fade Mental;&nbsp; Homeopata, P\u00f3s Graduada em Medicina Ortomolecular &#8211; (Medicina Integrativa) e Membro da Sociedade Brasileira de Neurologia Infantil.<\/p>\n","protected":false},"excerpt":{"rendered":"<p>As Novas Tecnologias De Comunica\u00e7\u00e3o E Sua Rela\u00e7\u00e3o Com Os Indiv\u00edduos Com Transtorno Do Espectro Autista (TEA) CAA \u00e9 a sigla para\u00a0Comunica\u00e7\u00e3o Alternativa Aumentativa\u00a0e \u00e9 toda pr\u00e1tica comunicativa que difere da fala. Muitas pessoas com\u00a0Transtorno do Espectro do Autismo (TEA)\u00a0apresentam algum tipo de dificuldade para se expressar ou falar e, nesses casos, a CAA pode [&hellip;]<\/p>\n","protected":false},"author":2,"featured_media":12539,"comment_status":"closed","ping_status":"closed","sticky":false,"template":"","format":"standard","meta":{"postBodyCss":"","postBodyMargin":[],"postBodyPadding":[],"postBodyBackground":{"backgroundType":"classic","gradient":""},"footnotes":""},"categories":[78],"tags":[430],"class_list":["post-12537","post","type-post","status-publish","format-standard","has-post-thumbnail","hentry","category-saude","tag-autismo"],"aioseo_notices":[],"_links":{"self":[{"href":"https:\/\/aconteceemmacaeeregiao.com.br\/index.php\/wp-json\/wp\/v2\/posts\/12537","targetHints":{"allow":["GET"]}}],"collection":[{"href":"https:\/\/aconteceemmacaeeregiao.com.br\/index.php\/wp-json\/wp\/v2\/posts"}],"about":[{"href":"https:\/\/aconteceemmacaeeregiao.com.br\/index.php\/wp-json\/wp\/v2\/types\/post"}],"author":[{"embeddable":true,"href":"https:\/\/aconteceemmacaeeregiao.com.br\/index.php\/wp-json\/wp\/v2\/users\/2"}],"replies":[{"embeddable":true,"href":"https:\/\/aconteceemmacaeeregiao.com.br\/index.php\/wp-json\/wp\/v2\/comments?post=12537"}],"version-history":[{"count":0,"href":"https:\/\/aconteceemmacaeeregiao.com.br\/index.php\/wp-json\/wp\/v2\/posts\/12537\/revisions"}],"wp:featuredmedia":[{"embeddable":true,"href":"https:\/\/aconteceemmacaeeregiao.com.br\/index.php\/wp-json\/wp\/v2\/media\/12539"}],"wp:attachment":[{"href":"https:\/\/aconteceemmacaeeregiao.com.br\/index.php\/wp-json\/wp\/v2\/media?parent=12537"}],"wp:term":[{"taxonomy":"category","embeddable":true,"href":"https:\/\/aconteceemmacaeeregiao.com.br\/index.php\/wp-json\/wp\/v2\/categories?post=12537"},{"taxonomy":"post_tag","embeddable":true,"href":"https:\/\/aconteceemmacaeeregiao.com.br\/index.php\/wp-json\/wp\/v2\/tags?post=12537"}],"curies":[{"name":"wp","href":"https:\/\/api.w.org\/{rel}","templated":true}]}}