{"id":12664,"date":"2023-09-05T20:10:24","date_gmt":"2023-09-05T23:10:24","guid":{"rendered":"https:\/\/aconteceemmacaeeregiao.com.br\/?p=12664"},"modified":"2023-09-05T20:10:24","modified_gmt":"2023-09-05T23:10:24","slug":"desfile-civico-da-independencia-sera-na-avenida-elias-agostinho","status":"publish","type":"post","link":"https:\/\/aconteceemmacaeeregiao.com.br\/index.php\/2023\/09\/05\/desfile-civico-da-independencia-sera-na-avenida-elias-agostinho\/","title":{"rendered":"Desfile c\u00edvico da Independ\u00eancia ser\u00e1 na Avenida Elias Agostinho"},"content":{"rendered":"\n<p>A comemora\u00e7\u00e3o pelos 201 anos da proclama\u00e7\u00e3o da Independ\u00eancia do Brasil ser\u00e1 marcada em Maca\u00e9 pelo desfile nesta quinta-feira (7), na Avenida Elias Agostinho, na Imbetiba. A concentra\u00e7\u00e3o come\u00e7a \u00e0s 8h30. E o in\u00edcio da passagem dos pelot\u00f5es ser\u00e1 \u00e0s 9h30. A inten\u00e7\u00e3o \u00e9 reunir um p\u00fablico expressivo no evento, organizado pelo Forte Marechal Hermes com parceria da Prefeitura de Maca\u00e9.<\/p>\n\n\n\n<p>Antes do in\u00edcio do desfile haver\u00e1 a cerim\u00f4nia de revista \u00e0 tropa com a presen\u00e7a de autoridades locais, entre elas o Capit\u00e3o Diego Rocha Miranda, comandante da 9\u00aa Bateria de Artilharia Antia\u00e9rea (Escola) do Forte Marechal Hermes, respons\u00e1vel pela organiza\u00e7\u00e3o do evento.<br><br>Far\u00e3o parte da programa\u00e7\u00e3o pelot\u00f5es com representantes da Capitania dos Portos; Ex\u00e9rcito Brasileiro; Pol\u00edcia Militar; Corpo de Bombeiros; Guarda Municipal; Guarda Ambiental; Defesa Civil; Grupamento de Escoteiros. Tamb\u00e9m v\u00e3o integrar o desfile, que j\u00e1 se tornou tradicional no munic\u00edpio, as corpora\u00e7\u00f5es musicais de escolas da rede municipal.<br><br>Para fazer bonito na avenida, as bandas est\u00e3o ensaiando nas depend\u00eancias das escolas municipais. A programa\u00e7\u00e3o contar\u00e1 com o apoio da Guarda Civil Municipal e Secretaria de Mobilidade Urbana e Sa\u00fade.<\/p>\n\n\n\n<p><em>Por jornalista <em>Genimarta Oliveira<\/em>\/ Secom Pref. de Maca\u00e9<\/em><\/p>\n","protected":false},"excerpt":{"rendered":"<p>A comemora\u00e7\u00e3o pelos 201 anos da proclama\u00e7\u00e3o da Independ\u00eancia do Brasil ser\u00e1 marcada em Maca\u00e9 pelo desfile nesta quinta-feira (7), na Avenida Elias Agostinho, na Imbetiba. A concentra\u00e7\u00e3o come\u00e7a \u00e0s 8h30. E o in\u00edcio da passagem dos pelot\u00f5es ser\u00e1 \u00e0s 9h30. A inten\u00e7\u00e3o \u00e9 reunir um p\u00fablico expressivo no evento, organizado pelo Forte Marechal Hermes [&hellip;]<\/p>\n","protected":false},"author":2,"featured_media":12665,"comment_status":"closed","ping_status":"closed","sticky":false,"template":"","format":"standard","meta":{"postBodyCss":"","postBodyMargin":[],"postBodyPadding":[],"postBodyBackground":{"backgroundType":"classic","gradient":""},"footnotes":""},"categories":[200,42],"tags":[],"class_list":["post-12664","post","type-post","status-publish","format-standard","has-post-thumbnail","hentry","category-evento","category-macae"],"aioseo_notices":[],"_links":{"self":[{"href":"https:\/\/aconteceemmacaeeregiao.com.br\/index.php\/wp-json\/wp\/v2\/posts\/12664","targetHints":{"allow":["GET"]}}],"collection":[{"href":"https:\/\/aconteceemmacaeeregiao.com.br\/index.php\/wp-json\/wp\/v2\/posts"}],"about":[{"href":"https:\/\/aconteceemmacaeeregiao.com.br\/index.php\/wp-json\/wp\/v2\/types\/post"}],"author":[{"embeddable":true,"href":"https:\/\/aconteceemmacaeeregiao.com.br\/index.php\/wp-json\/wp\/v2\/users\/2"}],"replies":[{"embeddable":true,"href":"https:\/\/aconteceemmacaeeregiao.com.br\/index.php\/wp-json\/wp\/v2\/comments?post=12664"}],"version-history":[{"count":0,"href":"https:\/\/aconteceemmacaeeregiao.com.br\/index.php\/wp-json\/wp\/v2\/posts\/12664\/revisions"}],"wp:featuredmedia":[{"embeddable":true,"href":"https:\/\/aconteceemmacaeeregiao.com.br\/index.php\/wp-json\/wp\/v2\/media\/12665"}],"wp:attachment":[{"href":"https:\/\/aconteceemmacaeeregiao.com.br\/index.php\/wp-json\/wp\/v2\/media?parent=12664"}],"wp:term":[{"taxonomy":"category","embeddable":true,"href":"https:\/\/aconteceemmacaeeregiao.com.br\/index.php\/wp-json\/wp\/v2\/categories?post=12664"},{"taxonomy":"post_tag","embeddable":true,"href":"https:\/\/aconteceemmacaeeregiao.com.br\/index.php\/wp-json\/wp\/v2\/tags?post=12664"}],"curies":[{"name":"wp","href":"https:\/\/api.w.org\/{rel}","templated":true}]}}