{"id":12689,"date":"2023-09-06T22:27:35","date_gmt":"2023-09-07T01:27:35","guid":{"rendered":"https:\/\/aconteceemmacaeeregiao.com.br\/?p=12689"},"modified":"2023-09-06T22:27:35","modified_gmt":"2023-09-07T01:27:35","slug":"cura-interior-chega-a-unamar-em-cabo-frio","status":"publish","type":"post","link":"https:\/\/aconteceemmacaeeregiao.com.br\/index.php\/2023\/09\/06\/cura-interior-chega-a-unamar-em-cabo-frio\/","title":{"rendered":"Cura Interior chega a Unamar em Cabo Frio"},"content":{"rendered":"\n<p><strong><em>Espa\u00e7o Fonte Primordial apresenta t\u00e9cnica xam\u00e2nica<\/em><\/strong><\/p>\n\n\n\n<p>Este \u00e9 um convite especial para voc\u00ea que gosta de conhecer terapias libertadoras e est\u00e1 em busca de autoconhecimento. No dia 12 de outubro, das 9 \u00e0s 18 horas, tem uma aula gratuita da terapia &#8220;Alinhamento Energ\u00e9tico \u2013 Cura Interior&#8221;, no Espa\u00e7o Terap\u00eautico Fonte Primodial em Unamar, no segundo distrito de Cabo Frio &#8211; RJ.<\/p>\n\n\n\n<p>A Prof\u00aa Maria Arminda Kacinskas, que vem de Jundia\u00ed-S\u00e3o Paulo, vai proporcionar aos participantes, um dia de pr\u00e1ticas e viv\u00eancias, com esta t\u00e9cnica proveniente dos povos origin\u00e1rios brasileiros. A terapia \u00e9 muito simples, mas promove mudan\u00e7a de padr\u00f5es e cren\u00e7as limitantes, e harmoniza o campo de energia.<\/p>\n\n\n\n<p>A t\u00e9cnica integra ainda conhecimentos orientais, conjugada a moderna Psicologia Transpessoal, a Constela\u00e7\u00e3o Familiar e ao Pensamento Sist\u00eamico, promovendo uma nova perspectiva em rela\u00e7\u00e3o a vida. O Alinhamento Energ\u00e9tico pode ser usado no seu dia a dia, com consci\u00eancia.<\/p>\n\n\n\n<p>Mem\u00f3rias e programa\u00e7\u00f5es neurais de dor e bloqueios s\u00e3o trabalhadas de forma segura e com apoio emocional. Se voc\u00ea se interessou, reserve seu lugar, j\u00e1 que as vagas s\u00e3o limitadas. A aula gratuita precede ao curso que ser\u00e1 ministrado no local. O Espa\u00e7o Fonte Primordial atua com atendimentos terap\u00eauticos, e\u00a0fica \u00e0 Rua Apolo 24, N\u00ba 10 \u2013 Condom\u00ednio Ver\u00e3o Vermelho 2 (portaria 3) \u2013 Unamar, Cabo Frio-RJ (<a href=\"https:\/\/fonteprimordial.com.br%29\/\" target=\"_blank\" rel=\"noreferrer noopener\">https:\/\/fonteprimordial.com.br)<\/a>. Mais informa\u00e7\u00f5es: Iva Maria (zap 22999083807) e Renata Di Napoli (zap 21996648860).\u00a0<\/p>\n\n\n\n<p><em>Por<\/em> <em>Iva Maria Comunica\u00e7\u00e3o<\/em><\/p>\n","protected":false},"excerpt":{"rendered":"<p>Espa\u00e7o Fonte Primordial apresenta t\u00e9cnica xam\u00e2nica Este \u00e9 um convite especial para voc\u00ea que gosta de conhecer terapias libertadoras e est\u00e1 em busca de autoconhecimento. No dia 12 de outubro, das 9 \u00e0s 18 horas, tem uma aula gratuita da terapia &#8220;Alinhamento Energ\u00e9tico \u2013 Cura Interior&#8221;, no Espa\u00e7o Terap\u00eautico Fonte Primodial em Unamar, no segundo [&hellip;]<\/p>\n","protected":false},"author":2,"featured_media":12691,"comment_status":"closed","ping_status":"closed","sticky":false,"template":"","format":"standard","meta":{"postBodyCss":"","postBodyMargin":[],"postBodyPadding":[],"postBodyBackground":{"backgroundType":"classic","gradient":""},"footnotes":""},"categories":[155,200,43],"tags":[132,173,331],"class_list":["post-12689","post","type-post","status-publish","format-standard","has-post-thumbnail","hentry","category-cabo-frio","category-evento","category-regiao","tag-cursos-gratuitos","tag-terapia","tag-unamar"],"aioseo_notices":[],"_links":{"self":[{"href":"https:\/\/aconteceemmacaeeregiao.com.br\/index.php\/wp-json\/wp\/v2\/posts\/12689","targetHints":{"allow":["GET"]}}],"collection":[{"href":"https:\/\/aconteceemmacaeeregiao.com.br\/index.php\/wp-json\/wp\/v2\/posts"}],"about":[{"href":"https:\/\/aconteceemmacaeeregiao.com.br\/index.php\/wp-json\/wp\/v2\/types\/post"}],"author":[{"embeddable":true,"href":"https:\/\/aconteceemmacaeeregiao.com.br\/index.php\/wp-json\/wp\/v2\/users\/2"}],"replies":[{"embeddable":true,"href":"https:\/\/aconteceemmacaeeregiao.com.br\/index.php\/wp-json\/wp\/v2\/comments?post=12689"}],"version-history":[{"count":0,"href":"https:\/\/aconteceemmacaeeregiao.com.br\/index.php\/wp-json\/wp\/v2\/posts\/12689\/revisions"}],"wp:featuredmedia":[{"embeddable":true,"href":"https:\/\/aconteceemmacaeeregiao.com.br\/index.php\/wp-json\/wp\/v2\/media\/12691"}],"wp:attachment":[{"href":"https:\/\/aconteceemmacaeeregiao.com.br\/index.php\/wp-json\/wp\/v2\/media?parent=12689"}],"wp:term":[{"taxonomy":"category","embeddable":true,"href":"https:\/\/aconteceemmacaeeregiao.com.br\/index.php\/wp-json\/wp\/v2\/categories?post=12689"},{"taxonomy":"post_tag","embeddable":true,"href":"https:\/\/aconteceemmacaeeregiao.com.br\/index.php\/wp-json\/wp\/v2\/tags?post=12689"}],"curies":[{"name":"wp","href":"https:\/\/api.w.org\/{rel}","templated":true}]}}