{"id":12699,"date":"2023-09-06T22:44:29","date_gmt":"2023-09-07T01:44:29","guid":{"rendered":"https:\/\/aconteceemmacaeeregiao.com.br\/?p=12699"},"modified":"2023-09-06T22:44:30","modified_gmt":"2023-09-07T01:44:30","slug":"detran-entrega-a-moradores-de-araruama-posto-mais-moderno-e-confortavel","status":"publish","type":"post","link":"https:\/\/aconteceemmacaeeregiao.com.br\/index.php\/2023\/09\/06\/detran-entrega-a-moradores-de-araruama-posto-mais-moderno-e-confortavel\/","title":{"rendered":"Detran entrega a moradores de Araruama posto mais moderno e confort\u00e1vel\u00a0\u00a0"},"content":{"rendered":"\n<p><em><strong>Cronograma de obras vai at\u00e9 novembro; 27 unidades j\u00e1 receberam melhorias<\/strong><\/em><\/p>\n\n\n\n<p>Os moradores de Araruama j\u00e1 t\u00eam \u00e0 disposi\u00e7\u00e3o uma unidade do Detran.RJ novinha em folha. Depois de passar por reforma completa no m\u00eas de agosto, o posto foi reaberto esta semana, oferecendo muito mais conforto e comodidade aos usu\u00e1rios. Os espa\u00e7os de atendimento ao p\u00fablico foram ampliados e renovados, resultando num ambiente muito mais iluminado e arejado. Toda a mob\u00edlia e os equipamentos s\u00e3o novos, incluindo mesas e cadeiras, guich\u00eas de atendimento e, principalmente, aparelhos de ar-condicionado e lumin\u00e1rias.<\/p>\n\n\n\n<p>&#8220;Mudou muito, e para melhor. Fiquei bem feliz com a reforma&#8221;, diz a atendente Yasmin Maciel, do setor de registro de ve\u00edculos. O vendedor Jos\u00e9 Ant\u00f4nio Lima, que agendou servi\u00e7os de habilita\u00e7\u00e3o e foi um dos primeiros a conhecer o novo posto, concorda: &#8220;O sal\u00e3o est\u00e1 mais espa\u00e7oso, com mais lugares para sentar, e bem mais fresco. Tanto para os clientes quanto para os funcion\u00e1rios, ficou excelente&#8221;.<\/p>\n\n\n<div class=\"wp-block-image\">\n<figure class=\"aligncenter size-large\"><img fetchpriority=\"high\" decoding=\"async\" width=\"1024\" height=\"682\" src=\"https:\/\/aconteceemmacaeeregiao.com.br\/wp-content\/uploads\/2023\/09\/Detran.RJ-posto-Araruama-2-1024x682.jpeg\" alt=\"\" class=\"wp-image-12702\" srcset=\"https:\/\/aconteceemmacaeeregiao.com.br\/wp-content\/uploads\/2023\/09\/Detran.RJ-posto-Araruama-2-1024x682.jpeg 1024w, https:\/\/aconteceemmacaeeregiao.com.br\/wp-content\/uploads\/2023\/09\/Detran.RJ-posto-Araruama-2-300x200.jpeg 300w, https:\/\/aconteceemmacaeeregiao.com.br\/wp-content\/uploads\/2023\/09\/Detran.RJ-posto-Araruama-2-768x512.jpeg 768w, https:\/\/aconteceemmacaeeregiao.com.br\/wp-content\/uploads\/2023\/09\/Detran.RJ-posto-Araruama-2-1536x1023.jpeg 1536w, https:\/\/aconteceemmacaeeregiao.com.br\/wp-content\/uploads\/2023\/09\/Detran.RJ-posto-Araruama-2-1200x800.jpeg 1200w, https:\/\/aconteceemmacaeeregiao.com.br\/wp-content\/uploads\/2023\/09\/Detran.RJ-posto-Araruama-2.jpeg 1600w\" sizes=\"(max-width: 1024px) 100vw, 1024px\" \/><\/figure>\n<\/div>\n\n\n<p>Uma mudan\u00e7a na arquitetura interna do espa\u00e7o eliminou um problema de exposi\u00e7\u00e3o direta de usu\u00e1rios e funcion\u00e1rios ao sol da tarde, durante o atendimento nos guich\u00eas. Mas n\u00e3o foi s\u00f3 o espa\u00e7o de atendimento ao p\u00fablico que melhorou. Os banheiros foram substitu\u00eddos, assim como as rampas que facilitam o acesso de pessoas com defici\u00eancia, os vesti\u00e1rios e o refeit\u00f3rio usados pelos atendentes. O posto foi pintado e est\u00e1 recebendo nova sinaliza\u00e7\u00e3o visual.<\/p>\n\n\n<div class=\"wp-block-image\">\n<figure class=\"aligncenter size-large\"><img decoding=\"async\" width=\"1024\" height=\"682\" data-src=\"https:\/\/aconteceemmacaeeregiao.com.br\/wp-content\/uploads\/2023\/09\/Detran.RJ-posto-Araruama-5-1024x682.jpeg\" alt=\"\" class=\"wp-image-12701 lazyload\" data-srcset=\"https:\/\/aconteceemmacaeeregiao.com.br\/wp-content\/uploads\/2023\/09\/Detran.RJ-posto-Araruama-5-1024x682.jpeg 1024w, https:\/\/aconteceemmacaeeregiao.com.br\/wp-content\/uploads\/2023\/09\/Detran.RJ-posto-Araruama-5-300x200.jpeg 300w, https:\/\/aconteceemmacaeeregiao.com.br\/wp-content\/uploads\/2023\/09\/Detran.RJ-posto-Araruama-5-768x512.jpeg 768w, https:\/\/aconteceemmacaeeregiao.com.br\/wp-content\/uploads\/2023\/09\/Detran.RJ-posto-Araruama-5-1536x1023.jpeg 1536w, https:\/\/aconteceemmacaeeregiao.com.br\/wp-content\/uploads\/2023\/09\/Detran.RJ-posto-Araruama-5-1200x800.jpeg 1200w, https:\/\/aconteceemmacaeeregiao.com.br\/wp-content\/uploads\/2023\/09\/Detran.RJ-posto-Araruama-5.jpeg 1600w\" data-sizes=\"(max-width: 1024px) 100vw, 1024px\" src=\"data:image\/svg+xml;base64,PHN2ZyB3aWR0aD0iMSIgaGVpZ2h0PSIxIiB4bWxucz0iaHR0cDovL3d3dy53My5vcmcvMjAwMC9zdmciPjwvc3ZnPg==\" style=\"--smush-placeholder-width: 1024px; --smush-placeholder-aspect-ratio: 1024\/682;\" \/><\/figure>\n<\/div>\n\n\n<p>&#8220;Ficou perfeito e os usu\u00e1rios est\u00e3o elogiando. Est\u00e1 dando para atender o p\u00fablico com muito mais qualidade, trabalhando at\u00e9 com mais prazer&#8221;, afirma o chefe do posto, Thiago Gouv\u00eaa.<\/p>\n\n\n\n<p><strong>Cronograma de reformas<\/strong><\/p>\n\n\n\n<p>O Detran.RJ deu in\u00edcio, em junho, a uma s\u00e9rie de obras em postos para oferecer mais conforto aos usu\u00e1rios e funcion\u00e1rios. J\u00e1 foram conclu\u00eddas interven\u00e7\u00f5es em 27 unidades; em nove, as reformas est\u00e3o em andamento. O cronograma ainda prev\u00ea melhorias em outros postos at\u00e9 novembro, sempre com o cuidado de concluir as obras no menor tempo poss\u00edvel, para minimizar os impactos para os usu\u00e1rios.<\/p>\n\n\n\n<p>Em Araruama, o Detran oferece, na mesma unidade (localizada na Avenida Getulio Vargas), servi\u00e7os de vistoria de ve\u00edculos, habilita\u00e7\u00e3o (com sala espec\u00edfica para provas de legisla\u00e7\u00e3o de tr\u00e2nsito) e identifica\u00e7\u00e3o civil, al\u00e9m da Ciretran. O posto tem tr\u00eas linhas de vistoria funcionando simultaneamente, o que faz com que seja procurado tamb\u00e9m por pessoas de cidades vizinhas. Na regi\u00e3o, tamb\u00e9m j\u00e1 foram reformados os postos de S\u00e3o Pedro da Aldeia e Rio das Ostras.<br><\/p>\n","protected":false},"excerpt":{"rendered":"<p>Cronograma de obras vai at\u00e9 novembro; 27 unidades j\u00e1 receberam melhorias Os moradores de Araruama j\u00e1 t\u00eam \u00e0 disposi\u00e7\u00e3o uma unidade do Detran.RJ novinha em folha. Depois de passar por reforma completa no m\u00eas de agosto, o posto foi reaberto esta semana, oferecendo muito mais conforto e comodidade aos usu\u00e1rios. Os espa\u00e7os de atendimento ao [&hellip;]<\/p>\n","protected":false},"author":2,"featured_media":12703,"comment_status":"closed","ping_status":"closed","sticky":false,"template":"","format":"standard","meta":{"postBodyCss":"","postBodyMargin":[],"postBodyPadding":[],"postBodyBackground":{"backgroundType":"classic","gradient":""},"footnotes":""},"categories":[279,43],"tags":[424,686],"class_list":["post-12699","post","type-post","status-publish","format-standard","has-post-thumbnail","hentry","category-araruama","category-regiao","tag-detranrj","tag-inauguracao"],"aioseo_notices":[],"_links":{"self":[{"href":"https:\/\/aconteceemmacaeeregiao.com.br\/index.php\/wp-json\/wp\/v2\/posts\/12699","targetHints":{"allow":["GET"]}}],"collection":[{"href":"https:\/\/aconteceemmacaeeregiao.com.br\/index.php\/wp-json\/wp\/v2\/posts"}],"about":[{"href":"https:\/\/aconteceemmacaeeregiao.com.br\/index.php\/wp-json\/wp\/v2\/types\/post"}],"author":[{"embeddable":true,"href":"https:\/\/aconteceemmacaeeregiao.com.br\/index.php\/wp-json\/wp\/v2\/users\/2"}],"replies":[{"embeddable":true,"href":"https:\/\/aconteceemmacaeeregiao.com.br\/index.php\/wp-json\/wp\/v2\/comments?post=12699"}],"version-history":[{"count":0,"href":"https:\/\/aconteceemmacaeeregiao.com.br\/index.php\/wp-json\/wp\/v2\/posts\/12699\/revisions"}],"wp:featuredmedia":[{"embeddable":true,"href":"https:\/\/aconteceemmacaeeregiao.com.br\/index.php\/wp-json\/wp\/v2\/media\/12703"}],"wp:attachment":[{"href":"https:\/\/aconteceemmacaeeregiao.com.br\/index.php\/wp-json\/wp\/v2\/media?parent=12699"}],"wp:term":[{"taxonomy":"category","embeddable":true,"href":"https:\/\/aconteceemmacaeeregiao.com.br\/index.php\/wp-json\/wp\/v2\/categories?post=12699"},{"taxonomy":"post_tag","embeddable":true,"href":"https:\/\/aconteceemmacaeeregiao.com.br\/index.php\/wp-json\/wp\/v2\/tags?post=12699"}],"curies":[{"name":"wp","href":"https:\/\/api.w.org\/{rel}","templated":true}]}}