{"id":12705,"date":"2023-09-06T22:57:05","date_gmt":"2023-09-07T01:57:05","guid":{"rendered":"https:\/\/aconteceemmacaeeregiao.com.br\/?p=12705"},"modified":"2023-09-06T22:57:06","modified_gmt":"2023-09-07T01:57:06","slug":"medicao-de-oculos-e-realizada-pela-secretaria-de-educacao","status":"publish","type":"post","link":"https:\/\/aconteceemmacaeeregiao.com.br\/index.php\/2023\/09\/06\/medicao-de-oculos-e-realizada-pela-secretaria-de-educacao\/","title":{"rendered":"Medi\u00e7\u00e3o de \u00f3culos \u00e9 realizada pela Secretaria de Educa\u00e7\u00e3o"},"content":{"rendered":"\n<p>A Secretaria de Educa\u00e7\u00e3o, por meio do Programa Sa\u00fade na Escola, realiza a medi\u00e7\u00e3o de \u00f3culos nesta ter\u00e7a-feira (5) e quarta-feira (6). Ser\u00e3o contemplados em m\u00e9dia 300 estudantes da rede municipal de ensino.<\/p>\n\n\n\n<p>A coordenadora de Educa\u00e7\u00e3o e Sa\u00fade, Teresa Hughet, explica que o programa vai beneficiar crian\u00e7as, adolescentes e tamb\u00e9m os estudantes do Ensino de Jovens e Adultos (EJA).<br><\/p>\n\n\n\n<blockquote class=\"wp-block-quote is-layout-flow wp-block-quote-is-layout-flow\">\n<p>&#8220;Eles s\u00e3o chamados a comparecer para medir o \u00f3culos, ver qual a arma\u00e7\u00e3o do seu gosto e depois s\u00e3o encaminhados para a \u00f3tica que ganhou a licita\u00e7\u00e3o para que eles sejam confeccionados&#8221;, explicou.<\/p>\n<\/blockquote>\n\n\n\n<p>Ela acrescentou ainda que os alunos que n\u00e3o foram nesta ter\u00e7a-feira (5) dever\u00e3o comparecer, nesta quarta-feira (6), de 9h \u00e0s 17h, sendo que h\u00e1 um intervalo para o almo\u00e7o de 13h \u00e0s 14h.<\/p>\n\n\n\n<p>A distribui\u00e7\u00e3o dos \u00f3culos e a medi\u00e7\u00e3o seguem a determina\u00e7\u00e3o da Lei Complementar n\u00ba 2874\/2007, institu\u00edda com a finalidade de levar \u00e0s escolas p\u00fablicas a\u00e7\u00f5es de promo\u00e7\u00e3o, preven\u00e7\u00e3o e aten\u00e7\u00e3o \u00e0 sa\u00fade, de forma a enfrentar vulnerabilidades que comprometem o pleno desenvolvimento de crian\u00e7as e jovens.<\/p>\n\n\n\n<p><em>Por jornalista <em>Genimarta Oliveira<\/em>\/ Secom Pref. de Maca\u00e9<\/em><\/p>\n","protected":false},"excerpt":{"rendered":"<p>A Secretaria de Educa\u00e7\u00e3o, por meio do Programa Sa\u00fade na Escola, realiza a medi\u00e7\u00e3o de \u00f3culos nesta ter\u00e7a-feira (5) e quarta-feira (6). Ser\u00e3o contemplados em m\u00e9dia 300 estudantes da rede municipal de ensino. A coordenadora de Educa\u00e7\u00e3o e Sa\u00fade, Teresa Hughet, explica que o programa vai beneficiar crian\u00e7as, adolescentes e tamb\u00e9m os estudantes do Ensino [&hellip;]<\/p>\n","protected":false},"author":2,"featured_media":12707,"comment_status":"closed","ping_status":"closed","sticky":false,"template":"","format":"standard","meta":{"postBodyCss":"","postBodyMargin":[],"postBodyPadding":[],"postBodyBackground":{"backgroundType":"classic","gradient":""},"footnotes":""},"categories":[61,42],"tags":[68,740,89],"class_list":["post-12705","post","type-post","status-publish","format-standard","has-post-thumbnail","hentry","category-educacao","category-macae","tag-escolas-publicas","tag-oculos","tag-prefeitura"],"aioseo_notices":[],"_links":{"self":[{"href":"https:\/\/aconteceemmacaeeregiao.com.br\/index.php\/wp-json\/wp\/v2\/posts\/12705","targetHints":{"allow":["GET"]}}],"collection":[{"href":"https:\/\/aconteceemmacaeeregiao.com.br\/index.php\/wp-json\/wp\/v2\/posts"}],"about":[{"href":"https:\/\/aconteceemmacaeeregiao.com.br\/index.php\/wp-json\/wp\/v2\/types\/post"}],"author":[{"embeddable":true,"href":"https:\/\/aconteceemmacaeeregiao.com.br\/index.php\/wp-json\/wp\/v2\/users\/2"}],"replies":[{"embeddable":true,"href":"https:\/\/aconteceemmacaeeregiao.com.br\/index.php\/wp-json\/wp\/v2\/comments?post=12705"}],"version-history":[{"count":0,"href":"https:\/\/aconteceemmacaeeregiao.com.br\/index.php\/wp-json\/wp\/v2\/posts\/12705\/revisions"}],"wp:featuredmedia":[{"embeddable":true,"href":"https:\/\/aconteceemmacaeeregiao.com.br\/index.php\/wp-json\/wp\/v2\/media\/12707"}],"wp:attachment":[{"href":"https:\/\/aconteceemmacaeeregiao.com.br\/index.php\/wp-json\/wp\/v2\/media?parent=12705"}],"wp:term":[{"taxonomy":"category","embeddable":true,"href":"https:\/\/aconteceemmacaeeregiao.com.br\/index.php\/wp-json\/wp\/v2\/categories?post=12705"},{"taxonomy":"post_tag","embeddable":true,"href":"https:\/\/aconteceemmacaeeregiao.com.br\/index.php\/wp-json\/wp\/v2\/tags?post=12705"}],"curies":[{"name":"wp","href":"https:\/\/api.w.org\/{rel}","templated":true}]}}