{"id":12759,"date":"2023-09-08T23:21:14","date_gmt":"2023-09-09T02:21:14","guid":{"rendered":"https:\/\/aconteceemmacaeeregiao.com.br\/?p=12759"},"modified":"2023-09-08T23:21:14","modified_gmt":"2023-09-09T02:21:14","slug":"prefeitura-participa-do-desfile-da-independencia-do-brasil","status":"publish","type":"post","link":"https:\/\/aconteceemmacaeeregiao.com.br\/index.php\/2023\/09\/08\/prefeitura-participa-do-desfile-da-independencia-do-brasil\/","title":{"rendered":"Prefeitura participa do desfile da Independ\u00eancia do Brasil"},"content":{"rendered":"\n<p>A Prefeitura de Maca\u00e9 participou com expressividade do tradicional desfile c\u00edvico em comemora\u00e7\u00e3o ao Dia da Independ\u00eancia do Brasil neste Sete de Setembro. A 9\u00aa Bateria de Artilharia Antia\u00e9rea (Escola) do Forte Marechal Hermes foi a respons\u00e1vel pela organiza\u00e7\u00e3o do evento, que reuniu institui\u00e7\u00f5es civis e militares para a comemora\u00e7\u00e3o dos 201 anos de Independ\u00eancia do Brasil. O prefeito em exerc\u00edcio, C\u00e9lio Chapeta, acompanhou o desfile ao lado das autoridades militares.<br><\/p>\n\n\n\n<p>&nbsp;&#8211; Esse \u00e9 um momento em que devemos celebrar o nosso pa\u00eds, exaltar os nossos s\u00edmbolos p\u00e1trios, os hinos de nossa identidade nacional e enaltecer nossa democracia \u2013 afirmou o prefeito em exerc\u00edcio, C\u00e9lio Chapeta.<\/p>\n\n\n\n<p>&#8211; Demonstrar o amor \u00e0 p\u00e1tria, o civismo neste anivers\u00e1rio da Independ\u00eancia do Brasil, a data m\u00e1xima do nosso pa\u00eds, \u00e9 muito importante \u2013 disse o comandante da 9\u00aa Bateria de Artilharia Antia\u00e9rea (Escola) do Forte Marechal Hermes, Capit\u00e3o Diego Rocha Miranda.<br>A guarda s\u00eanior Irahy Pereira Alves, de 87 anos, participou do desfile, que \u00e9 tradicional na cidade. \u201cAdorei o desfile, \u00e9 sempre bom refor\u00e7ar nosso compromisso com o pa\u00eds\u201d, salientou.<\/p>\n\n\n\n<p>Os escoteiros Lu\u00edza Iglesias e Vitor Iglesias estiveram no ato c\u00edvico. \u201cDesde pequenos, estudamos a import\u00e2ncia da soberania do nosso pa\u00eds\u201d, frisaram os representantes do Grupo Escoteiro Jos\u00e9 Passos de Souza J\u00fanior.<\/p>\n\n\n\n<p>A programa\u00e7\u00e3o foi realizada na Avenida Elias Agostinho, Imbetiba, com concentra\u00e7\u00e3o \u00e0s 8h30 e in\u00edcio \u00e0s 9h30 com ve\u00edculos e tropas de diversas organiza\u00e7\u00f5es civis e militares. A cerim\u00f4nia contou com dispositivo pronto \u00e0s 9 horas e revista da tropa \u00e0s 9h20.<\/p>\n\n\n\n<p>A Defesa Civil atuou com ve\u00edculos Pick-ups e Voyages Patrulheiros. Equipados com sirenes, giroflex e r\u00e1dio comunicadores, a institui\u00e7\u00e3o desfilou com cinco viaturas e dez agentes. \u201cEsse \u00e9 um momento que mostra a soberania nacional, o Brasil como na\u00e7\u00e3o independente. A Defesa Civil fica muito honrada em fazer parte deste momento que simboliza uma grande import\u00e2ncia para toda a na\u00e7\u00e3o\u201d, expressou o Secret\u00e1rio Adjunto de Defesa Civil, Joseferson de Jesus Flor\u00eancio.<\/p>\n\n\n\n<p>De acordo com o secret\u00e1rio de Ordem P\u00fablica, Alan de Oliveira, a presen\u00e7a da Guarda Municipal no desfile \u00e9 um reflexo do comprometimento das autoridades locais com a celebra\u00e7\u00e3o e o evento para a comunidade. \u201cA participa\u00e7\u00e3o da Guarda fortalece os la\u00e7os entre a institui\u00e7\u00e3o e a sociedade, demonstrando que eles est\u00e3o ativamente envolvidos em eventos c\u00edvicos. Isso n\u00e3o apenas refor\u00e7a a seguran\u00e7a e o controle durante o desfile, mas tamb\u00e9m promove um senso de pertencimento e coopera\u00e7\u00e3o, contribuindo para a uni\u00e3o e o orgulho c\u00edvico da comunidade local\u201d, pontuou o secret\u00e1rio.<\/p>\n\n\n\n<p><strong>Secretaria de Ordem P\u00fablica leva Guarda Mirim,&nbsp;S\u00eanior, Maria da Penha, GAOP e outras guarni\u00e7\u00f5es<br><\/strong>A Secretaria de Ordem P\u00fablica participou com 50 guardas municipais e ambientais; 70 guardas mirins e 80 integrantes da Guarda S\u00eanior.<\/p>\n\n\n\n<p>\u201c\u00c9 muito importante para n\u00f3s da Guarda Municipal nos apresentarmos para os cidad\u00e3os macaenses, que sempre nos prestigiam e apoiam, n\u00e3o s\u00f3 nos desfiles c\u00edvicos bem como no dia a dia\u201d, enalteceu o Comandante da Guarda Municipal, Alcino Claudino Junior.<\/p>\n\n\n<div class=\"wp-block-image\">\n<figure class=\"aligncenter size-large\"><img fetchpriority=\"high\" decoding=\"async\" width=\"1024\" height=\"682\" src=\"https:\/\/aconteceemmacaeeregiao.com.br\/wp-content\/uploads\/2023\/09\/1694157165-1024x682.jpg\" alt=\"\" class=\"wp-image-12762\" srcset=\"https:\/\/aconteceemmacaeeregiao.com.br\/wp-content\/uploads\/2023\/09\/1694157165-1024x682.jpg 1024w, https:\/\/aconteceemmacaeeregiao.com.br\/wp-content\/uploads\/2023\/09\/1694157165-300x200.jpg 300w, https:\/\/aconteceemmacaeeregiao.com.br\/wp-content\/uploads\/2023\/09\/1694157165-768x512.jpg 768w, https:\/\/aconteceemmacaeeregiao.com.br\/wp-content\/uploads\/2023\/09\/1694157165-1200x800.jpg 1200w, https:\/\/aconteceemmacaeeregiao.com.br\/wp-content\/uploads\/2023\/09\/1694157165.jpg 1417w\" sizes=\"(max-width: 1024px) 100vw, 1024px\" \/><\/figure>\n<\/div>\n\n\n<p>A Guarda Municipal teve um graduado comandando o desfile, que contou com a participa\u00e7\u00e3o de algumas guarni\u00e7\u00f5es: Guarda &#8211; bandeira, Banda Patrulhamento Comunit\u00e1rio, Maria da Penha, GAOP, Guarda Ambiental, Guarda S\u00eanior e Guarda Mirim com as respectivas viaturas.<\/p>\n\n\n\n<p><strong>Corpora\u00e7\u00f5es musicais mostram identidade&nbsp;com elementos art\u00edsticos-culturais<br><\/strong>Da rede municipal de educa\u00e7\u00e3o, participaram as corpora\u00e7\u00f5es musicais Col\u00e9gio Municipal Generino Teot\u00f4nio de Luna; Col\u00e9gio Municipal Jacyra Tavares Duval; Col\u00e9gio Municipal Maria Izabel Damasceno Sim\u00e3o e Col\u00e9gio Municipal Professora Elza Ibrahim.<\/p>\n\n\n\n<p>A secret\u00e1ria de Educa\u00e7\u00e3o, Leandra Lopes, mencionou que por meio das bandas, os discentes desenvolvem habilidades com reflexo em aspectos como melhoria da mem\u00f3ria e coordena\u00e7\u00e3o motora. \u201cHoje celebramos a Independ\u00eancia do Brasil neste ato de civismo com nossas corpora\u00e7\u00f5es musicais, que integram as diversas \u00e1reas de conhecimento do aluno, focando o desenvolvimento cognitivo e a socializa\u00e7\u00e3o\u201d, ressaltou.<\/p>\n\n\n\n<p>O coordenador das corpora\u00e7\u00f5es musicais, Luiz Carlos Pereira Silva, destacou que as bandas trabalham com naipes de instrumentos mel\u00f3dicos como escaletas e liras; percuss\u00e3o, pratos e caixas americanas. \u201cOs arranjos s\u00e3o variados conforme seus instrutores\u201d, explicou.<\/p>\n\n\n\n<p>Segundo o tamb\u00e9m coordenador das bandas e dos instrutores, Anderson Apr\u00edgio, o repert\u00f3rio musical apresentado foi diversificado, oriundo do trabalho pedag\u00f3gico musical que os instrutores desenvolvem ao longo do ano.<\/p>\n\n\n\n<p>&#8211; O Sete de Setembro \u00e9 uma data important\u00edssima, na qual proclamamos nossa Independ\u00eancia e junto comemoramos com alegria, paz e esperan\u00e7a, acreditando no potencial de cada aluno &#8211; analisou.<\/p>\n\n\n\n<p>Os coordenadores das bandas enfatizaram que as bandas despertam potencialidades como respeito, musicalidade, concentra\u00e7\u00e3o e autodom\u00ednio. \u201cEm um momento onde a educa\u00e7\u00e3o de Maca\u00e9 trabalha para formar cidad\u00e3os com valores humanizados\u201d, citou Apr\u00edgio.<\/p>\n\n\n\n<p>A Capitania dos Portos; o Ex\u00e9rcito Brasileiro; a Pol\u00edcia Militar; o Corpo de Bombeiros; o Grupamento de Escoteiros foram algumas outras institui\u00e7\u00f5es que participaram. O ato teve apoio da Pol\u00edcia Militar, Secretarias de Mobilidade Urbana e Sa\u00fade.<\/p>\n\n\n\n<p><em>Por jornalista <em>Genimarta Oliveira<\/em>\/ Secom Pref. de Maca\u00e9<\/em><\/p>\n","protected":false},"excerpt":{"rendered":"<p>A Prefeitura de Maca\u00e9 participou com expressividade do tradicional desfile c\u00edvico em comemora\u00e7\u00e3o ao Dia da Independ\u00eancia do Brasil neste Sete de Setembro. A 9\u00aa Bateria de Artilharia Antia\u00e9rea (Escola) do Forte Marechal Hermes foi a respons\u00e1vel pela organiza\u00e7\u00e3o do evento, que reuniu institui\u00e7\u00f5es civis e militares para a comemora\u00e7\u00e3o dos 201 anos de Independ\u00eancia [&hellip;]<\/p>\n","protected":false},"author":2,"featured_media":12761,"comment_status":"closed","ping_status":"closed","sticky":false,"template":"","format":"standard","meta":{"postBodyCss":"","postBodyMargin":[],"postBodyPadding":[],"postBodyBackground":{"backgroundType":"classic","gradient":""},"footnotes":""},"categories":[42],"tags":[302,737],"class_list":["post-12759","post","type-post","status-publish","format-standard","has-post-thumbnail","hentry","category-macae","tag-desfile","tag-independencia"],"aioseo_notices":[],"_links":{"self":[{"href":"https:\/\/aconteceemmacaeeregiao.com.br\/index.php\/wp-json\/wp\/v2\/posts\/12759","targetHints":{"allow":["GET"]}}],"collection":[{"href":"https:\/\/aconteceemmacaeeregiao.com.br\/index.php\/wp-json\/wp\/v2\/posts"}],"about":[{"href":"https:\/\/aconteceemmacaeeregiao.com.br\/index.php\/wp-json\/wp\/v2\/types\/post"}],"author":[{"embeddable":true,"href":"https:\/\/aconteceemmacaeeregiao.com.br\/index.php\/wp-json\/wp\/v2\/users\/2"}],"replies":[{"embeddable":true,"href":"https:\/\/aconteceemmacaeeregiao.com.br\/index.php\/wp-json\/wp\/v2\/comments?post=12759"}],"version-history":[{"count":0,"href":"https:\/\/aconteceemmacaeeregiao.com.br\/index.php\/wp-json\/wp\/v2\/posts\/12759\/revisions"}],"wp:featuredmedia":[{"embeddable":true,"href":"https:\/\/aconteceemmacaeeregiao.com.br\/index.php\/wp-json\/wp\/v2\/media\/12761"}],"wp:attachment":[{"href":"https:\/\/aconteceemmacaeeregiao.com.br\/index.php\/wp-json\/wp\/v2\/media?parent=12759"}],"wp:term":[{"taxonomy":"category","embeddable":true,"href":"https:\/\/aconteceemmacaeeregiao.com.br\/index.php\/wp-json\/wp\/v2\/categories?post=12759"},{"taxonomy":"post_tag","embeddable":true,"href":"https:\/\/aconteceemmacaeeregiao.com.br\/index.php\/wp-json\/wp\/v2\/tags?post=12759"}],"curies":[{"name":"wp","href":"https:\/\/api.w.org\/{rel}","templated":true}]}}