{"id":12765,"date":"2023-09-08T23:28:24","date_gmt":"2023-09-09T02:28:24","guid":{"rendered":"https:\/\/aconteceemmacaeeregiao.com.br\/?p=12765"},"modified":"2023-09-08T23:28:24","modified_gmt":"2023-09-09T02:28:24","slug":"cannabis-a-depressao-e-a-jornada-da-prevencao-ao-suicidio","status":"publish","type":"post","link":"https:\/\/aconteceemmacaeeregiao.com.br\/index.php\/2023\/09\/08\/cannabis-a-depressao-e-a-jornada-da-prevencao-ao-suicidio\/","title":{"rendered":"Cannabis, a depress\u00e3o e a jornada da preven\u00e7\u00e3o ao suic\u00eddio"},"content":{"rendered":"\n<p>O Setembro Amarelo, m\u00eas dedicado \u00e0 conscientiza\u00e7\u00e3o sobre a preven\u00e7\u00e3o ao suic\u00eddio, ilumina a import\u00e2ncia de discutir abertamente a sa\u00fade mental e buscar solu\u00e7\u00f5es para os desafios que muitos enfrentam.&nbsp;<\/p>\n\n\n\n<p>De acordo com a Organiza\u00e7\u00e3o Mundial da Sa\u00fade (OMS), a depress\u00e3o \u00e9 uma das principais causas do suic\u00eddio, afetando mais de 264 milh\u00f5es de pessoas. A ansiedade, muito associada \u00e0 depress\u00e3o, tamb\u00e9m \u00e9 uma preocupa\u00e7\u00e3o significativa, afetando cerca de 284 milh\u00f5es de indiv\u00edduos em todo o mundo.&nbsp;<\/p>\n\n\n\n<p>Juntas, essas condi\u00e7\u00f5es podem desencadear um ciclo de sofrimento emocional que, em alguns casos, pode levar a pensamentos suicidas. Estima-se que aproximadamente 800.000 pessoas tiram suas pr\u00f3prias vidas a cada ano, ressaltando a urg\u00eancia de abordagens eficazes para o tratamento e preven\u00e7\u00e3o.<\/p>\n\n\n\n<p>Nesse contexto, a cannabis medicinal emerge como um t\u00f3pico de discuss\u00e3o que traz novas perspectivas para o tratamentos de transtornos mentais e outras condi\u00e7\u00f5es relacionadas.<\/p>\n\n\n\n<p>\u201cEstamos vivendo uma \u00e9poca em que a pesquisa cient\u00edfica est\u00e1 desvendando os diversos potenciais benef\u00edcios da cannabis medicinal, especificamente o canabidiol (CBD), no tratamento da depress\u00e3o e de transtornos de ansiedade\u201d, comenta a Dra. Mariana Maciel,&nbsp; m\u00e9dica brasileira fundadora da Thronus Medical, biofarmac\u00eautica canadense pioneira em nano THC e nano CBD.<\/p>\n\n\n\n<p>Estudos t\u00eam indicado que a a\u00e7\u00e3o do CBD em receptores 5-HT1A no c\u00e9rebro est\u00e1 relacionada a fun\u00e7\u00f5es neuroprotetoras, antidepressivas e ansiol\u00edticas. Embora o mecanismo completo de sua a\u00e7\u00e3o ainda n\u00e3o tenha sido completamente desvendado, a evid\u00eancia acumulada sugere que o CBD tem a\u00e7\u00f5es ben\u00e9ficas no tratamento da ansiedade, estresse, humor, psicose e dist\u00farbios do sono.<\/p>\n\n\n\n<p>\u201cPesquisas destacaram que o CBD pode prolongar a dura\u00e7\u00e3o do sono, reduzir os n\u00edveis de cortisol (horm\u00f4nio do estresse) e atenuar a ativa\u00e7\u00e3o neuronal em \u00e1reas cerebrais associadas ao medo e \u00e0 ansiedade\u201d, continua a m\u00e9dica.<\/p>\n\n\n\n<p>A depress\u00e3o, uma condi\u00e7\u00e3o que requer tratamento cr\u00f4nico, tamb\u00e9m tem sido objeto de estudos relacionados \u00e0 cannabis medicinal.&nbsp;<\/p>\n\n\n\n<p>\u201cEvid\u00eancias sugerem que o CBD pode agir positivamente nos receptores relacionados a fun\u00e7\u00f5es neuroprotetoras. Nesses estudos, a administra\u00e7\u00e3o cr\u00f4nica de CBD foi capaz de prevenir mudan\u00e7as de comportamento associadas \u00e0 anedonia e \u00e0 ansiedade, sintomas frequentemente ligados \u00e0 depress\u00e3o, o que mostra o CBD com um papel importante no tratamento de dist\u00farbios de humor\u201d, diz a Dra. Mariana Maciel.<\/p>\n\n\n\n<p>As descobertas at\u00e9 o momento t\u00eam trazido esperan\u00e7a para aqueles que lutam contra essas e outras condi\u00e7\u00f5es debilitantes.<\/p>\n\n\n\n<p>\u201cNeste Setembro Amarelo, enquanto abordamos a import\u00e2ncia de conversas sobre sa\u00fade mental e preven\u00e7\u00e3o ao suic\u00eddio, tamb\u00e9m \u00e9 crucial manter-se atualizado sobre os avan\u00e7os na pesquisa e no tratamento de condi\u00e7\u00f5es como a depress\u00e3o\u201d, pontua a m\u00e9dica.&nbsp;<\/p>\n\n\n\n<p>\u201cA cannabis medicinal pode se tornar uma importante ferramenta adicional no arsenal terap\u00eautico, oferecendo esperan\u00e7a para aqueles que buscam al\u00edvio de seus sintomas emocionais e mentais. No entanto, \u00e9 fundamental buscar orienta\u00e7\u00e3o m\u00e9dica adequada e abordagens integrativas para tratar essas condi\u00e7\u00f5es de forma respons\u00e1vel e informada\u201d, completa.<\/p>\n\n\n\n<p><strong>Sobre a Thronus Medical INC.<\/strong><\/p>\n\n\n\n<p>Fundada no Canad\u00e1, a Thronus Medical \u00e9 uma biofarmac\u00eautica focada na produ\u00e7\u00e3o e no desenvolvimento de nanof\u00e1rmacos&nbsp; para tratamentos com cannabis medicinal. Com distribuidores na Am\u00e9rica do Norte, Am\u00e9rica Latina e Europa, a Thronus conta com nanotecnologia exclusiva, desenvolvida no Canad\u00e1 por uma m\u00e9dica brasileira, para aumentar a biodisponibilidade de \u00f3leos canabinoides, assim potencializando sua absor\u00e7\u00e3o pelo organismo. A linha de f\u00e1rmacos BISALIV com tecnologia PowerNano comprovadamente aumenta a absor\u00e7\u00e3o de fitocanabin\u00f3ides pelo corpo. A Thronus \u00e9 uma empresa com DNA brasileiro, sonhada e liderada pela Dra. Mariana Maciel, m\u00e9dica especialista em medicina canabinoide.<\/p>\n","protected":false},"excerpt":{"rendered":"<p>O Setembro Amarelo, m\u00eas dedicado \u00e0 conscientiza\u00e7\u00e3o sobre a preven\u00e7\u00e3o ao suic\u00eddio, ilumina a import\u00e2ncia de discutir abertamente a sa\u00fade mental e buscar solu\u00e7\u00f5es para os desafios que muitos enfrentam.&nbsp; De acordo com a Organiza\u00e7\u00e3o Mundial da Sa\u00fade (OMS), a depress\u00e3o \u00e9 uma das principais causas do suic\u00eddio, afetando mais de 264 milh\u00f5es de pessoas. [&hellip;]<\/p>\n","protected":false},"author":2,"featured_media":12767,"comment_status":"closed","ping_status":"closed","sticky":false,"template":"","format":"standard","meta":{"postBodyCss":"","postBodyMargin":[],"postBodyPadding":[],"postBodyBackground":{"backgroundType":"classic","gradient":""},"footnotes":""},"categories":[78],"tags":[576,410],"class_list":["post-12765","post","type-post","status-publish","format-standard","has-post-thumbnail","hentry","category-saude","tag-canabidiol","tag-depressao"],"aioseo_notices":[],"_links":{"self":[{"href":"https:\/\/aconteceemmacaeeregiao.com.br\/index.php\/wp-json\/wp\/v2\/posts\/12765","targetHints":{"allow":["GET"]}}],"collection":[{"href":"https:\/\/aconteceemmacaeeregiao.com.br\/index.php\/wp-json\/wp\/v2\/posts"}],"about":[{"href":"https:\/\/aconteceemmacaeeregiao.com.br\/index.php\/wp-json\/wp\/v2\/types\/post"}],"author":[{"embeddable":true,"href":"https:\/\/aconteceemmacaeeregiao.com.br\/index.php\/wp-json\/wp\/v2\/users\/2"}],"replies":[{"embeddable":true,"href":"https:\/\/aconteceemmacaeeregiao.com.br\/index.php\/wp-json\/wp\/v2\/comments?post=12765"}],"version-history":[{"count":0,"href":"https:\/\/aconteceemmacaeeregiao.com.br\/index.php\/wp-json\/wp\/v2\/posts\/12765\/revisions"}],"wp:featuredmedia":[{"embeddable":true,"href":"https:\/\/aconteceemmacaeeregiao.com.br\/index.php\/wp-json\/wp\/v2\/media\/12767"}],"wp:attachment":[{"href":"https:\/\/aconteceemmacaeeregiao.com.br\/index.php\/wp-json\/wp\/v2\/media?parent=12765"}],"wp:term":[{"taxonomy":"category","embeddable":true,"href":"https:\/\/aconteceemmacaeeregiao.com.br\/index.php\/wp-json\/wp\/v2\/categories?post=12765"},{"taxonomy":"post_tag","embeddable":true,"href":"https:\/\/aconteceemmacaeeregiao.com.br\/index.php\/wp-json\/wp\/v2\/tags?post=12765"}],"curies":[{"name":"wp","href":"https:\/\/api.w.org\/{rel}","templated":true}]}}