{"id":12774,"date":"2023-09-11T21:22:53","date_gmt":"2023-09-12T00:22:53","guid":{"rendered":"https:\/\/aconteceemmacaeeregiao.com.br\/?p=12774"},"modified":"2023-09-11T23:13:38","modified_gmt":"2023-09-12T02:13:38","slug":"estado-oferece-2-312-vagas-de-emprego-formal-estagio-e-jovem-aprendiz","status":"publish","type":"post","link":"https:\/\/aconteceemmacaeeregiao.com.br\/index.php\/2023\/09\/11\/estado-oferece-2-312-vagas-de-emprego-formal-estagio-e-jovem-aprendiz\/","title":{"rendered":"Estado oferece 2.312 vagas de emprego formal, est\u00e1gio e jovem aprendiz"},"content":{"rendered":"\n<p><strong><em>H\u00e1 vagas atraentes para diferentes ocupa\u00e7\u00f5es, com sal\u00e1rios at\u00e9 R$ 7.920<\/em><br><\/strong><\/p>\n\n\n\n<p>A Secretaria de Estado de Trabalho e Renda est\u00e1 oferecendo, esta semana, um total de 2.312 oportunidades de trabalho formal, est\u00e1gio e jovem aprendiz. As vagas foram captadas em diferentes regi\u00f5es do Rio de Janeiro e s\u00e3o disponibilizadas por meio do Sistema Nacional de Emprego (Sine).<\/p>\n\n\n\n<p>Os sal\u00e1rios podem chegar a R$ 7.920, no caso das 10 chances para coordenador de contabilidade, na Barra da Tijuca, ou para as 20 oportunidades para psic\u00f3logo PcD, no bairro da Gl\u00f3ria, na Zona Sul. As vagas de est\u00e1gio e jovem aprendiz somam 1.382 oportunidades, sendo 1.120 do Centro de Integra\u00e7\u00e3o Escola Empresa &#8211; CIEE e 262 da Funda\u00e7\u00e3o Mudes.<\/p>\n\n\n\n<p>A maioria das 930 vagas de emprego est\u00e1 concentrada na Regi\u00e3o Metropolitana (650), das quais 185 s\u00e3o direcionadas exclusivamente a pessoas com defici\u00eancia (PcD), em v\u00e1rias \u00e1reas, tais como psic\u00f3logo, operador de caixa, assistente administrativo, marceneiro, entre outras.<\/p>\n\n\n\n<p>A Regi\u00e3o Metropolitana oferece ainda vagas com sal\u00e1rios de at\u00e9 R$ 6.600, como a de comprador, que exige Ensino Superior completo e experi\u00eancia anterior; de at\u00e9 R$ 5.280 para as 10 vagas de gerente de supermercado ou para a de desenhista t\u00e9cnico naval, em Niter\u00f3i. Existem ainda 20 oportunidades para lavador de pratos em Ipanema, sem necessidade de experi\u00eancia e sal\u00e1rios de at\u00e9 R$ 3.960.<\/p>\n\n\n\n<p>Na regi\u00e3o do M\u00e9dio Para\u00edba, foram captadas 23 vagas, entre elas para gerente de farm\u00e1cia e analista de neg\u00f3cios, ambos para Volta Redonda e com sal\u00e1rios at\u00e9 &nbsp;R$ 3.960. Para quem n\u00e3o tem experi\u00eancia, existem oportunidades para auxiliar de cozinha e de estoque em Valen\u00e7a.<\/p>\n\n\n\n<p>A Regi\u00e3o Serrana, por sua vez, oferece 257 oportunidades para diferentes bairros de Teres\u00f3polis. Entre elas, h\u00e1 uma vaga para farmac\u00eautico, com remunera\u00e7\u00e3o em torno de R$ 4 mil. O candidato deve ter o Ensino Superior completo e experi\u00eancia anterior. H\u00e1 posi\u00e7\u00f5es para coordenador pedag\u00f3gico, no bairro da V\u00e1rzea, porteiro, em Bonsucesso, e padeiro, em Barra do Imbu\u00ed, entre outras.<\/p>\n\n\n\n<p>De acordo com o Observat\u00f3rio do Trabalho da Secretaria de Trabalho e Renda, o setor de servi\u00e7os \u00e9 respons\u00e1vel por 70,6% das 930 vagas disponibilizadas pelo Sine, seguido pelo Com\u00e9rcio, com 29,4%. Quanto \u00e0 escolaridade, 47,5% das oportunidades exigem Ensino M\u00e9dio completo e 81,9% com experi\u00eancia anterior.<\/p>\n\n\n\n<p>\u00c9 importante manter cadastro e curr\u00edculos atualizados no Sistema Nacional de Emprego, que analisa o perfil do candidato e a vaga cadastrada pelo empregador. Para se inscrever ou atualizar o cadastro, \u00e9 necess\u00e1rio ir a uma unidade do Sine levando os documentos de identifica\u00e7\u00e3o civil, carteira de trabalho, PIS\/PASEP\/NIT\/NIS e CPF. Para consultar o endere\u00e7o das unidades e os detalhes de todas as vagas oferecidas, basta acessar o Painel Interativo de Vagas da Secretaria de Trabalho e Renda do estado, dispon\u00edvel no site&nbsp;<a href=\"http:\/\/www.trabalho.rj.gov.br\/\" target=\"_blank\" rel=\"noreferrer noopener\">http:\/\/www.trabalho.rj.gov.br\/<\/a>.<\/p>\n\n\n\n<p>Em parceria com diferentes institui\u00e7\u00f5es, a Secretaria de Trabalho e Renda passa tamb\u00e9m a divulgar est\u00e1gios para diferentes n\u00edveis de escolaridade e oportunidades para jovens aprendizes. A Funda\u00e7\u00e3o Mudes est\u00e1 oferecendo 262 vagas de est\u00e1gio nos n\u00edveis superior, m\u00e9dio e t\u00e9cnico, com bolsa-aux\u00edlio que pode chegar a R$ 2 mil. As carreiras de Ensino Superior com maior n\u00famero de vagas s\u00e3o Administra\u00e7\u00e3o, Engenharia e Comunica\u00e7\u00e3o Social, e tamb\u00e9m os cursos de Arquitetura e Urbanismo, Biomedicina, Ci\u00eancias Cont\u00e1beis, Direito, Letras, Gastronomia, Inform\u00e1tica, Medicina, Pedagogia, Veterin\u00e1ria, e Sistemas de Informa\u00e7\u00e3o. Para se candidatar, basta acessar&nbsp;<a href=\"https:\/\/www.mudes.org.br\/\" target=\"_blank\" rel=\"noreferrer noopener\">https:\/\/www.mudes.org.br\/<\/a><\/p>\n\n\n\n<p>J\u00e1 o CIEE colocou \u00e0 disposi\u00e7\u00e3o da popula\u00e7\u00e3o do Estado do Rio 1.120 oportunidades de est\u00e1gio, 663 das quais para Ensino Superior e 457 para Ensino M\u00e9dio, t\u00e9cnico e jovem aprendiz. Informa\u00e7\u00f5es mais detalhadas podem ser obtidas em&nbsp;<a href=\"http:\/\/www.ciee.org.br\/\" target=\"_blank\" rel=\"noreferrer noopener\">http:\/\/www.ciee.org.br\/<\/a><\/p>\n","protected":false},"excerpt":{"rendered":"<p>H\u00e1 vagas atraentes para diferentes ocupa\u00e7\u00f5es, com sal\u00e1rios at\u00e9 R$ 7.920 A Secretaria de Estado de Trabalho e Renda est\u00e1 oferecendo, esta semana, um total de 2.312 oportunidades de trabalho formal, est\u00e1gio e jovem aprendiz. As vagas foram captadas em diferentes regi\u00f5es do Rio de Janeiro e s\u00e3o disponibilizadas por meio do Sistema Nacional de [&hellip;]<\/p>\n","protected":false},"author":2,"featured_media":12776,"comment_status":"closed","ping_status":"closed","sticky":false,"template":"","format":"standard","meta":{"postBodyCss":"","postBodyMargin":[],"postBodyPadding":[],"postBodyBackground":{"backgroundType":"classic","gradient":""},"footnotes":""},"categories":[45,73,43],"tags":[77,82,87],"class_list":["post-12774","post","type-post","status-publish","format-standard","has-post-thumbnail","hentry","category-economia","category-emprego","category-regiao","tag-emprego","tag-oportunidade","tag-vagas"],"aioseo_notices":[],"_links":{"self":[{"href":"https:\/\/aconteceemmacaeeregiao.com.br\/index.php\/wp-json\/wp\/v2\/posts\/12774","targetHints":{"allow":["GET"]}}],"collection":[{"href":"https:\/\/aconteceemmacaeeregiao.com.br\/index.php\/wp-json\/wp\/v2\/posts"}],"about":[{"href":"https:\/\/aconteceemmacaeeregiao.com.br\/index.php\/wp-json\/wp\/v2\/types\/post"}],"author":[{"embeddable":true,"href":"https:\/\/aconteceemmacaeeregiao.com.br\/index.php\/wp-json\/wp\/v2\/users\/2"}],"replies":[{"embeddable":true,"href":"https:\/\/aconteceemmacaeeregiao.com.br\/index.php\/wp-json\/wp\/v2\/comments?post=12774"}],"version-history":[{"count":0,"href":"https:\/\/aconteceemmacaeeregiao.com.br\/index.php\/wp-json\/wp\/v2\/posts\/12774\/revisions"}],"wp:featuredmedia":[{"embeddable":true,"href":"https:\/\/aconteceemmacaeeregiao.com.br\/index.php\/wp-json\/wp\/v2\/media\/12776"}],"wp:attachment":[{"href":"https:\/\/aconteceemmacaeeregiao.com.br\/index.php\/wp-json\/wp\/v2\/media?parent=12774"}],"wp:term":[{"taxonomy":"category","embeddable":true,"href":"https:\/\/aconteceemmacaeeregiao.com.br\/index.php\/wp-json\/wp\/v2\/categories?post=12774"},{"taxonomy":"post_tag","embeddable":true,"href":"https:\/\/aconteceemmacaeeregiao.com.br\/index.php\/wp-json\/wp\/v2\/tags?post=12774"}],"curies":[{"name":"wp","href":"https:\/\/api.w.org\/{rel}","templated":true}]}}