{"id":12778,"date":"2023-09-11T22:04:32","date_gmt":"2023-09-12T01:04:32","guid":{"rendered":"https:\/\/aconteceemmacaeeregiao.com.br\/?p=12778"},"modified":"2023-09-11T22:04:34","modified_gmt":"2023-09-12T01:04:34","slug":"prefeitura-fara-mutirao-para-cadastro-unico-bolsa-familia-nesta-semana","status":"publish","type":"post","link":"https:\/\/aconteceemmacaeeregiao.com.br\/index.php\/2023\/09\/11\/prefeitura-fara-mutirao-para-cadastro-unico-bolsa-familia-nesta-semana\/","title":{"rendered":"Prefeitura far\u00e1 mutir\u00e3o para Cadastro \u00danico\/Bolsa Fam\u00edlia nesta semana"},"content":{"rendered":"\n<p>As pessoas inscritas no Cadastro \u00danico (Cad\u00danico), categoria Unipessoal, que est\u00e3o com o Bolsa Fam\u00edlia bloqueado, ter\u00e3o a oportunidade de atualizar seu cadastro no mutir\u00e3o da Secretaria Municipal de Desenvolvimento Social, Direitos Humanos e Acessibilidade. A a\u00e7\u00e3o ir\u00e1 acontecer na quarta-feira (13) e quinta-feira (14), das 9h \u00e0s 18h, na Pra\u00e7a Ver\u00edssimo de Mello, Centro da Cidade.<\/p>\n\n\n\n<p>Para a atualiza\u00e7\u00e3o \u00e9 necess\u00e1rio comparecer ao mutir\u00e3o com os seguintes documentos: Identidade com foto original, CPF e comprovante de resid\u00eancia, preferencialmente a conta de luz. Este cadastramento \u00e9 oferecido regularmente nos Centros de Refer\u00eancia de Assist\u00eancia Social (Cras) e no Programa Bolsa Fam\u00edlia. N\u00e3o h\u00e1 prazo para esta inscri\u00e7\u00e3o.<\/p>\n\n\n\n<p>\u201cCom algumas mudan\u00e7as que vem acontecendo no governo federal, muitas fam\u00edlias ficaram com seus cadastros bloqueados, principalmente os de car\u00e1ter Unipessoal, com isso reunimos a equipe e entendemos que neste momento o mutir\u00e3o para essa finalidade ser\u00e1 necess\u00e1rio. Inicialmente faremos no centro e depois estaremos fazendo nos bairros,pr\u00f3ximo aos CRAS\u201d, informa a secret\u00e1ria Sabrina Nunes.<\/p>\n\n\n\n<p>Ela salienta que qualquer pessoa que esteja com o cadastro bloqueado e que seja Unipessoal poder\u00e1 se dirigir no dia e hor\u00e1rio especificado ao mutir\u00e3o de posse dos documentos originais citados. Neste primeiro momento ser\u00e3o atendidos somente os casos de bloqueio Unipessoal, mas a secretaria j\u00e1 est\u00e1 prevendo pr\u00f3ximos mutir\u00f5es para atender outras demandas de cadastro \u00fanico na cidade.<\/p>\n\n\n\n<p><em><a href=\"https:\/\/macae.rj.gov.br\/noticias\/leitura\/noticia\/macae-e-destaque-em-campeonato-estadual-de-kickboxing\" title=\"\">Fonte Secom C\u00e2mara de Maca\u00e9<\/a><\/em><\/p>\n","protected":false},"excerpt":{"rendered":"<p>As pessoas inscritas no Cadastro \u00danico (Cad\u00danico), categoria Unipessoal, que est\u00e3o com o Bolsa Fam\u00edlia bloqueado, ter\u00e3o a oportunidade de atualizar seu cadastro no mutir\u00e3o da Secretaria Municipal de Desenvolvimento Social, Direitos Humanos e Acessibilidade. A a\u00e7\u00e3o ir\u00e1 acontecer na quarta-feira (13) e quinta-feira (14), das 9h \u00e0s 18h, na Pra\u00e7a Ver\u00edssimo de Mello, Centro [&hellip;]<\/p>\n","protected":false},"author":2,"featured_media":12780,"comment_status":"closed","ping_status":"closed","sticky":false,"template":"","format":"standard","meta":{"postBodyCss":"","postBodyMargin":[],"postBodyPadding":[],"postBodyBackground":{"backgroundType":"classic","gradient":""},"footnotes":""},"categories":[42],"tags":[404,118],"class_list":["post-12778","post","type-post","status-publish","format-standard","has-post-thumbnail","hentry","category-macae","tag-bolsa-familia","tag-social"],"aioseo_notices":[],"_links":{"self":[{"href":"https:\/\/aconteceemmacaeeregiao.com.br\/index.php\/wp-json\/wp\/v2\/posts\/12778","targetHints":{"allow":["GET"]}}],"collection":[{"href":"https:\/\/aconteceemmacaeeregiao.com.br\/index.php\/wp-json\/wp\/v2\/posts"}],"about":[{"href":"https:\/\/aconteceemmacaeeregiao.com.br\/index.php\/wp-json\/wp\/v2\/types\/post"}],"author":[{"embeddable":true,"href":"https:\/\/aconteceemmacaeeregiao.com.br\/index.php\/wp-json\/wp\/v2\/users\/2"}],"replies":[{"embeddable":true,"href":"https:\/\/aconteceemmacaeeregiao.com.br\/index.php\/wp-json\/wp\/v2\/comments?post=12778"}],"version-history":[{"count":0,"href":"https:\/\/aconteceemmacaeeregiao.com.br\/index.php\/wp-json\/wp\/v2\/posts\/12778\/revisions"}],"wp:featuredmedia":[{"embeddable":true,"href":"https:\/\/aconteceemmacaeeregiao.com.br\/index.php\/wp-json\/wp\/v2\/media\/12780"}],"wp:attachment":[{"href":"https:\/\/aconteceemmacaeeregiao.com.br\/index.php\/wp-json\/wp\/v2\/media?parent=12778"}],"wp:term":[{"taxonomy":"category","embeddable":true,"href":"https:\/\/aconteceemmacaeeregiao.com.br\/index.php\/wp-json\/wp\/v2\/categories?post=12778"},{"taxonomy":"post_tag","embeddable":true,"href":"https:\/\/aconteceemmacaeeregiao.com.br\/index.php\/wp-json\/wp\/v2\/tags?post=12778"}],"curies":[{"name":"wp","href":"https:\/\/api.w.org\/{rel}","templated":true}]}}