{"id":12782,"date":"2023-09-11T22:13:39","date_gmt":"2023-09-12T01:13:39","guid":{"rendered":"https:\/\/aconteceemmacaeeregiao.com.br\/?p=12782"},"modified":"2023-09-11T22:13:40","modified_gmt":"2023-09-12T01:13:40","slug":"solar-dos-mellos-divulga-programacao-da-17a-primavera-dos-museus","status":"publish","type":"post","link":"https:\/\/aconteceemmacaeeregiao.com.br\/index.php\/2023\/09\/11\/solar-dos-mellos-divulga-programacao-da-17a-primavera-dos-museus\/","title":{"rendered":"Solar dos Mellos divulga programa\u00e7\u00e3o da 17\u00aa Primavera dos Museus"},"content":{"rendered":"\n<p>A \u201817\u00aa Primavera dos Museus\u2019 contar\u00e1 com a participa\u00e7\u00e3o do Solar dos Mellos \u2013 Museu da Cidade de Maca\u00e9. Os eventos, de 18 a 24, em institui\u00e7\u00f5es de mem\u00f3ria de todo o pa\u00eds s\u00e3o coordenados pelo Instituto Brasileiro de Museus (Ibram). O tema deste ano, \u2018Mem\u00f3rias e democracia: pessoas LGBT+, ind\u00edgenas e quilombolas\u2019, ressalta a import\u00e2ncia dos museus na promo\u00e7\u00e3o da inclus\u00e3o social e da diversidade, fundamentais \u00e0 democracia.<\/p>\n\n\n\n<p>Em Maca\u00e9, a \u201817\u00aa Primavera dos Museus\u2019 ser\u00e1 aberta, dia18 (pr\u00f3xima segunda-feira), \u00e0s10h, com a exposi\u00e7\u00e3o \u2018Da Realeza \u00e0 Escravid\u00e3o &#8211; Uma hist\u00f3ria sobre a desvaloriza\u00e7\u00e3o da cultura africana\u2019, do artista pl\u00e1stico Robson Fazolin. As pinturas acr\u00edlicas em tela de algod\u00e3o foram idealizadas especialmente para este evento, a primeira exposi\u00e7\u00e3o do artista no Solar dos Mellos.<\/p>\n\n\n\n<blockquote class=\"wp-block-quote is-layout-flow wp-block-quote-is-layout-flow\">\n<p>\u201cA exposi\u00e7\u00e3o \u00e9 in\u00e9dita, feita especialmente para o tema do museu, para contar um pouco da hist\u00f3ria e da cultura negra com foco na realeza africana\u201d, conta o artista que h\u00e1 dez anos reside na Regi\u00e3o dos Lagos.<\/p>\n<\/blockquote>\n\n\n\n<p>Robson Fazolin (35), nascido em Muria\u00e9-MG, tem atelier no bairro Costa Azul, munic\u00edpio de Rio das Ostras, onde atualmente reside. Ele mesmo confecciona suas telas em algod\u00e3o. Seu trabalho \u00e9 caracterizado pelas cores vivas e pelo silogismo, proposi\u00e7\u00f5es iniciais para se chegar a uma conclus\u00e3o.<\/p>\n\n\n\n<p>Al\u00e9m da exposi\u00e7\u00e3o, o museu da cidade oferecer\u00e1 \u00e0 sociedade uma programa\u00e7\u00e3o gratuita e variada durante toda a semana comemorativa, com destaque para duas palestras. No dia 19 (pr\u00f3xima ter\u00e7a-feira), das 18h \u00e0s 20h, o Doutor em Ci\u00eancias da Educa\u00e7\u00e3o, Marcelo Abreu, ministrar\u00e1 a palestra Quilombo de Carukango. Marcelo \u00e9 professor e escritor difusor da hist\u00f3ria, geografia e cultura do Norte Fluminense. No dia 21 (pr\u00f3xima quinta-feira), das 18h \u00e0s 20h, a coordenadora de Pol\u00edticas de Acesso e G\u00eanero de Maca\u00e9, Tayse Marinho Pinheiro, explanar\u00e1 sobre \u2018Pol\u00edticas sociais para o p\u00fablico LGBTQIA+\u2019, voltada para a diversidade de g\u00eanero.<\/p>\n\n\n\n<p>Haver\u00e1 ainda visita mediada \u00e0 exposi\u00e7\u00e3o, \u00e0 arquitetura do Solar e ao acervo permanente do museu; conta\u00e7\u00e3o de hist\u00f3rias e aul\u00e3o de capoeira, que prometem agradar a estudantes, turistas e ao p\u00fablico em geral. Os contatos para agendamento de visitas de grupos s\u00e3o o e-mail msolardosmellos@gmail.com e o telefone (22) 2759-5049.<\/p>\n\n\n\n<p>O secret\u00e1rio de Cultura, Leandro Mussi, faz um convite a participa\u00e7\u00e3o da sociedade. \u201cA \u201817\u00aa Primavera de Museus\u2019 ter\u00e1 in\u00edcio com uma emocionante exposi\u00e7\u00e3o do talentoso artista pl\u00e1stico Robson Fazolin. Esta \u00e9 uma oportunidade \u00fanica para celebrar a rica heran\u00e7a cultural africana. Contamos com a presen\u00e7a de cada um de voc\u00eas para tornar este evento ainda mais especial\u201d.<\/p>\n\n\n\n<p>A diretora do Solar dos Mellos, Patricia Barboza, destacou o tema desta \u201817\u00aa Primavera de Museus\u2019. \u201cEla se distingue por reconhecer que a democracia se faz por muitas m\u00e3os. Trazer \u00e0 tona exposi\u00e7\u00f5es como essa \u00e9 a retomada da constru\u00e7\u00e3o da democracia com a participa\u00e7\u00e3o de muitos de seus agentes, ainda hoje inviabilizados ou marginalizados. Museus s\u00e3o lugares que ecoam. E n\u00e3o podemos deixar nenhuma voz silenciada\u201d.<br><strong>Programa\u00e7\u00e3o<\/strong><br><strong>Dia 18, \u00e0s10h<\/strong>\u00a0&#8211; abertura da exposi\u00e7\u00e3o \u2018Da Realeza \u00e0 Escravid\u00e3o &#8211; Uma hist\u00f3ria sobre a desvaloriza\u00e7\u00e3o da cultura africana&#8221;, do artista pl\u00e1stico Robson Fazolin.<br><strong>Dia 19, das 9h \u00e0s 11h<\/strong>, visita mediada; das 14h30 \u00e0s 16h30, aul\u00e3o de capoeira, com Mestre Kiko e, das 18h \u00e0s 20h, palestra Quilombo de Carukango, ministrada por Marcelo Abreu.<br><strong>Dia 20, \u00e0s 14h<\/strong>, conta\u00e7\u00e3o de hist\u00f3ria e, das 13h30 \u00e0s 15h30, \u2018Lugares de Mem\u00f3ria\u2019, uma visita mediada aos pr\u00e9dios hist\u00f3ricos do Munic\u00edpio.<br><strong>Dia 21, das 9h \u00e0s 11h<\/strong>, visita mediada; das 14h30 \u00e0s 16h30, aul\u00e3o de capoeira e, das 18h \u00e0s 20h, Palestra \u2018Pol\u00edticas sociais para o p\u00fablico LGBTQIA+\u2019, ministrada pela coordenadora de Pol\u00edticas de Acesso e G\u00eanero de Maca\u00e9, Tayse Marinho Pinheiro.<br><strong>Dia 22, das 14h \u00e0s 16h<\/strong>\u00a0&#8211; conta\u00e7\u00e3o de hist\u00f3ria<\/p>\n\n\n\n<p><em>Por jornalista <em>Genimarta Oliveira<\/em>\/ Secom Pref. de Maca\u00e9<\/em><\/p>\n","protected":false},"excerpt":{"rendered":"<p>A \u201817\u00aa Primavera dos Museus\u2019 contar\u00e1 com a participa\u00e7\u00e3o do Solar dos Mellos \u2013 Museu da Cidade de Maca\u00e9. Os eventos, de 18 a 24, em institui\u00e7\u00f5es de mem\u00f3ria de todo o pa\u00eds s\u00e3o coordenados pelo Instituto Brasileiro de Museus (Ibram). O tema deste ano, \u2018Mem\u00f3rias e democracia: pessoas LGBT+, ind\u00edgenas e quilombolas\u2019, ressalta a [&hellip;]<\/p>\n","protected":false},"author":2,"featured_media":9099,"comment_status":"closed","ping_status":"closed","sticky":false,"template":"","format":"standard","meta":{"postBodyCss":"","postBodyMargin":[],"postBodyPadding":[],"postBodyBackground":{"backgroundType":"classic","gradient":""},"footnotes":""},"categories":[86,200,42],"tags":[158,334],"class_list":["post-12782","post","type-post","status-publish","format-standard","has-post-thumbnail","hentry","category-cultura","category-evento","category-macae","tag-museu","tag-solar-dos-mellos"],"aioseo_notices":[],"_links":{"self":[{"href":"https:\/\/aconteceemmacaeeregiao.com.br\/index.php\/wp-json\/wp\/v2\/posts\/12782","targetHints":{"allow":["GET"]}}],"collection":[{"href":"https:\/\/aconteceemmacaeeregiao.com.br\/index.php\/wp-json\/wp\/v2\/posts"}],"about":[{"href":"https:\/\/aconteceemmacaeeregiao.com.br\/index.php\/wp-json\/wp\/v2\/types\/post"}],"author":[{"embeddable":true,"href":"https:\/\/aconteceemmacaeeregiao.com.br\/index.php\/wp-json\/wp\/v2\/users\/2"}],"replies":[{"embeddable":true,"href":"https:\/\/aconteceemmacaeeregiao.com.br\/index.php\/wp-json\/wp\/v2\/comments?post=12782"}],"version-history":[{"count":0,"href":"https:\/\/aconteceemmacaeeregiao.com.br\/index.php\/wp-json\/wp\/v2\/posts\/12782\/revisions"}],"wp:featuredmedia":[{"embeddable":true,"href":"https:\/\/aconteceemmacaeeregiao.com.br\/index.php\/wp-json\/wp\/v2\/media\/9099"}],"wp:attachment":[{"href":"https:\/\/aconteceemmacaeeregiao.com.br\/index.php\/wp-json\/wp\/v2\/media?parent=12782"}],"wp:term":[{"taxonomy":"category","embeddable":true,"href":"https:\/\/aconteceemmacaeeregiao.com.br\/index.php\/wp-json\/wp\/v2\/categories?post=12782"},{"taxonomy":"post_tag","embeddable":true,"href":"https:\/\/aconteceemmacaeeregiao.com.br\/index.php\/wp-json\/wp\/v2\/tags?post=12782"}],"curies":[{"name":"wp","href":"https:\/\/api.w.org\/{rel}","templated":true}]}}