{"id":12809,"date":"2023-09-12T21:49:28","date_gmt":"2023-09-13T00:49:28","guid":{"rendered":"https:\/\/aconteceemmacaeeregiao.com.br\/?p=12809"},"modified":"2023-09-12T21:49:29","modified_gmt":"2023-09-13T00:49:29","slug":"votacoes-sobre-pcd-e-perigo-no-transito-marcam-sessao-da-camara","status":"publish","type":"post","link":"https:\/\/aconteceemmacaeeregiao.com.br\/index.php\/2023\/09\/12\/votacoes-sobre-pcd-e-perigo-no-transito-marcam-sessao-da-camara\/","title":{"rendered":"Vota\u00e7\u00f5es sobre PcD e perigo no tr\u00e2nsito marcam sess\u00e3o da C\u00e2mara"},"content":{"rendered":"\n<p>A C\u00e2mara de Maca\u00e9 aprovou, nesta ter\u00e7a-feira (12), requerimento do presidente Cesinha (Solidariedade) propondo ao governo a realiza\u00e7\u00e3o de um cadastro \u00fanico dos registros sobre Pessoas com Defici\u00eancia (PcD). \u201cQueremos unificar informa\u00e7\u00f5es das secretarias de Educa\u00e7\u00e3o, Sa\u00fade e Desenvolvimento Social. A ideia \u00e9 chegar a um n\u00famero mais real do que o obtido pelo censo feito recentemente.\u201d<\/p>\n\n\n\n<p><a href=\"https:\/\/cmmacae.rj.gov.br\/primeira-amostragem-do-censo-pcd-e-apresentada-na-camara\/\">O levantamento realizado pela pasta da Sa\u00fade<\/a>&nbsp;detectou uma quantidade de PcD menor do que a efetiva, porque muitas fam\u00edlias n\u00e3o responderam, com medo de perder aux\u00edlios federais. \u201cPrecisamos desses dados para planejar as pol\u00edticas p\u00fablicas voltadas para esse grupo\u201d, continuou Cesinha. A proposi\u00e7\u00e3o resultou de uma reuni\u00e3o do Executivo com a Frente Parlamentar e os conselhos municipais de Sa\u00fade e da Pessoa com Defici\u00eancia.<\/p>\n\n\n\n<p>Marlon Lima (PDT) voltou&nbsp; a defender a cria\u00e7\u00e3o Secretaria de Acessibilidade e Inclus\u00e3o para as pessoas com defici\u00eancia. Segundo ele, a prefeitura de Niter\u00f3i \u00e9 refer\u00eancia na pauta e mant\u00e9m uma pasta exclusiva para o tema. \u201cPoderiam ser absorvidos nela os funcion\u00e1rios que j\u00e1 atuam em coordenadorias isoladas em outras secretarias\u201d.<\/p>\n\n\n\n<p><strong>Perigo na Linha Azul<\/strong><\/p>\n\n\n\n<p>Outra proposi\u00e7\u00e3o de Cesinha aprovada foi a indica\u00e7\u00e3o ao Executivo para que sejam colocados&nbsp;<em>guard rails<\/em>&nbsp;(sistema de prote\u00e7\u00e3o met\u00e1lica para absorver impactos de ve\u00edculos em vias p\u00fablicas) na Linha Azul. \u201cH\u00e1 pontos com muito ac\u00famulo de \u00e1gua nos canteiros e que podem at\u00e9 resultar no afogamento de pessoas em carros que percam o controle e saiam da pista\u201d.<\/p>\n\n\n\n<p>Marlon acrescentou que a sinaliza\u00e7\u00e3o \u00e9 muito ruim, gerando mais riscos ainda durante a noite. Jos\u00e9 Prestes (PTB) prop\u00f4s que sejam refeitas as pinturas de sinaliza\u00e7\u00e3o. \u201cVidas ser\u00e3o poupadas\u201d, afirmou, em refer\u00eancia a frequentes acidentes fatais que ocorrem na via.<\/p>\n\n\n\n<p><em><a href=\"https:\/\/cmmacae.rj.gov.br\/icms-ecologico-gera-debate-sobre-meio-ambiente\/\" title=\"\">Fonte Secom C\u00e2mara de Vereadores de Maca\u00e9<\/a><\/em><\/p>\n\n\n\n<p><a href=\"https:\/\/cmmacae.rj.gov.br\/2023\/09\/12\/\"><\/a><\/p>\n","protected":false},"excerpt":{"rendered":"<p>A C\u00e2mara de Maca\u00e9 aprovou, nesta ter\u00e7a-feira (12), requerimento do presidente Cesinha (Solidariedade) propondo ao governo a realiza\u00e7\u00e3o de um cadastro \u00fanico dos registros sobre Pessoas com Defici\u00eancia (PcD). \u201cQueremos unificar informa\u00e7\u00f5es das secretarias de Educa\u00e7\u00e3o, Sa\u00fade e Desenvolvimento Social. A ideia \u00e9 chegar a um n\u00famero mais real do que o obtido pelo censo [&hellip;]<\/p>\n","protected":false},"author":2,"featured_media":12811,"comment_status":"closed","ping_status":"closed","sticky":false,"template":"","format":"standard","meta":{"postBodyCss":"","postBodyMargin":[],"postBodyPadding":[],"postBodyBackground":{"backgroundType":"classic","gradient":""},"footnotes":""},"categories":[42,44],"tags":[94,616,466],"class_list":["post-12809","post","type-post","status-publish","format-standard","has-post-thumbnail","hentry","category-macae","category-politica","tag-camara-municipal-de-macae","tag-pessoas-com-deficiencia","tag-transito-2"],"aioseo_notices":[],"_links":{"self":[{"href":"https:\/\/aconteceemmacaeeregiao.com.br\/index.php\/wp-json\/wp\/v2\/posts\/12809","targetHints":{"allow":["GET"]}}],"collection":[{"href":"https:\/\/aconteceemmacaeeregiao.com.br\/index.php\/wp-json\/wp\/v2\/posts"}],"about":[{"href":"https:\/\/aconteceemmacaeeregiao.com.br\/index.php\/wp-json\/wp\/v2\/types\/post"}],"author":[{"embeddable":true,"href":"https:\/\/aconteceemmacaeeregiao.com.br\/index.php\/wp-json\/wp\/v2\/users\/2"}],"replies":[{"embeddable":true,"href":"https:\/\/aconteceemmacaeeregiao.com.br\/index.php\/wp-json\/wp\/v2\/comments?post=12809"}],"version-history":[{"count":0,"href":"https:\/\/aconteceemmacaeeregiao.com.br\/index.php\/wp-json\/wp\/v2\/posts\/12809\/revisions"}],"wp:featuredmedia":[{"embeddable":true,"href":"https:\/\/aconteceemmacaeeregiao.com.br\/index.php\/wp-json\/wp\/v2\/media\/12811"}],"wp:attachment":[{"href":"https:\/\/aconteceemmacaeeregiao.com.br\/index.php\/wp-json\/wp\/v2\/media?parent=12809"}],"wp:term":[{"taxonomy":"category","embeddable":true,"href":"https:\/\/aconteceemmacaeeregiao.com.br\/index.php\/wp-json\/wp\/v2\/categories?post=12809"},{"taxonomy":"post_tag","embeddable":true,"href":"https:\/\/aconteceemmacaeeregiao.com.br\/index.php\/wp-json\/wp\/v2\/tags?post=12809"}],"curies":[{"name":"wp","href":"https:\/\/api.w.org\/{rel}","templated":true}]}}