{"id":12814,"date":"2023-09-12T22:03:41","date_gmt":"2023-09-13T01:03:41","guid":{"rendered":"https:\/\/aconteceemmacaeeregiao.com.br\/?p=12814"},"modified":"2023-09-12T22:03:42","modified_gmt":"2023-09-13T01:03:42","slug":"campeonato-macaense-de-tres-tambores-comeca-nesta-quinta-feira","status":"publish","type":"post","link":"https:\/\/aconteceemmacaeeregiao.com.br\/index.php\/2023\/09\/12\/campeonato-macaense-de-tres-tambores-comeca-nesta-quinta-feira\/","title":{"rendered":"Campeonato Macaense de Tr\u00eas Tambores come\u00e7a nesta quinta-feira"},"content":{"rendered":"\n<p>O Campeonato Macaense de Tr\u00eas Tambores come\u00e7a nesta quinta-feira (14), no Parque de Exposi\u00e7\u00f5es Latiff Mussi. O evento \u00e9 organizado pela Associa\u00e7\u00e3o Brasileira de Quarto de Milha (ABQM) e tem o apoio da Prefeitura Municipal. A programa\u00e7\u00e3o segue at\u00e9 domingo (17) e ser\u00e3o realizadas competi\u00e7\u00f5es para todas as idades, do iniciante ao profissional.<\/p>\n\n\n\n<p>As organizadoras do evento, Gabriela Neves e Nanachara Souza, explicam que os interessados em participar das competi\u00e7\u00f5es ter\u00e3o que fazer as inscri\u00e7\u00f5es at\u00e9 quinta-feira (14). &#8220;Quem quiser participar poder\u00e1 entrar em contato por meio do telefone whatsapp: (22) 99776-7549&#8221;, informou Gabriela.<\/p>\n\n\n\n<p>Ela acrescentou ainda que o objetivo \u00e9 dar oportunidade aos atletas de Maca\u00e9, para que possam participar das competi\u00e7\u00f5es. Gabriela explicou ainda que haver\u00e1 a categoria paratleta, que contar\u00e1 com a participa\u00e7\u00e3o de alguns alunos da equoterapia.<\/p>\n\n\n\n<p>&#8220;No primeiro evento tivemos 96 animais e 63 competidores, gerando uma m\u00e9dia de 360 inscri\u00e7\u00f5es e agora, sendo um campeonato, estamos esperando atingir mais pessoas, inclusive mais p\u00fablico macaense que n\u00e3o conhece o esporte. Teremos pra\u00e7a de alimenta\u00e7\u00e3o, brinquedos, e, na sexta e s\u00e1bado, a partir das 20h, teremos show de Juliano e Mariano&#8221;, contou.<\/p>\n\n\n\n<p>A entrada dos animais ser\u00e1 nesta quinta-feira (14), a partir das 7h, com pista liberada para treino. J\u00e1 na sexta-feira (15), a partir das 10h, haver\u00e1 o Test Horse, Rodeio Mirim, Rodeio Jovem, Masculino, Feminino, entre outras atra\u00e7\u00f5es.<\/p>\n\n\n\n<p>S\u00e1bado (16), a abertura oficial do evento ser\u00e1 \u00e0s 8h. Em seguida, est\u00e1 programada o Test Horse seis Balizas; seis balizas categoria Aberta; seis balizas categoria Mirim; Test Horse Tambor; categoria Aberta Feminino; Profissional Light, entre outras competi\u00e7\u00f5es.<\/p>\n\n\n\n<p>No domingo (17), \u00faltimo dia do evento, \u00e0s 10h, ser\u00e1 a vez do Paratleta, em seguida, haver\u00e1 escolinha, Jovem A, B, e C; final dos rodeios Mirim, Jovem, Masculino e Feminino. Ser\u00e3o distribu\u00eddos R$ 38 mil em pr\u00eamios.<\/p>\n\n\n\n<p><em>Por jornalista <em>Genimarta Oliveira<\/em>\/ Secom Pref. de Maca\u00e9<\/em><\/p>\n","protected":false},"excerpt":{"rendered":"<p>O Campeonato Macaense de Tr\u00eas Tambores come\u00e7a nesta quinta-feira (14), no Parque de Exposi\u00e7\u00f5es Latiff Mussi. O evento \u00e9 organizado pela Associa\u00e7\u00e3o Brasileira de Quarto de Milha (ABQM) e tem o apoio da Prefeitura Municipal. A programa\u00e7\u00e3o segue at\u00e9 domingo (17) e ser\u00e3o realizadas competi\u00e7\u00f5es para todas as idades, do iniciante ao profissional. As organizadoras [&hellip;]<\/p>\n","protected":false},"author":2,"featured_media":12816,"comment_status":"closed","ping_status":"closed","sticky":false,"template":"","format":"standard","meta":{"postBodyCss":"","postBodyMargin":[],"postBodyPadding":[],"postBodyBackground":{"backgroundType":"classic","gradient":""},"footnotes":""},"categories":[6,42],"tags":[746,475],"class_list":["post-12814","post","type-post","status-publish","format-standard","has-post-thumbnail","hentry","category-esporte","category-macae","tag-campeonato","tag-cavalo"],"aioseo_notices":[],"_links":{"self":[{"href":"https:\/\/aconteceemmacaeeregiao.com.br\/index.php\/wp-json\/wp\/v2\/posts\/12814","targetHints":{"allow":["GET"]}}],"collection":[{"href":"https:\/\/aconteceemmacaeeregiao.com.br\/index.php\/wp-json\/wp\/v2\/posts"}],"about":[{"href":"https:\/\/aconteceemmacaeeregiao.com.br\/index.php\/wp-json\/wp\/v2\/types\/post"}],"author":[{"embeddable":true,"href":"https:\/\/aconteceemmacaeeregiao.com.br\/index.php\/wp-json\/wp\/v2\/users\/2"}],"replies":[{"embeddable":true,"href":"https:\/\/aconteceemmacaeeregiao.com.br\/index.php\/wp-json\/wp\/v2\/comments?post=12814"}],"version-history":[{"count":0,"href":"https:\/\/aconteceemmacaeeregiao.com.br\/index.php\/wp-json\/wp\/v2\/posts\/12814\/revisions"}],"wp:featuredmedia":[{"embeddable":true,"href":"https:\/\/aconteceemmacaeeregiao.com.br\/index.php\/wp-json\/wp\/v2\/media\/12816"}],"wp:attachment":[{"href":"https:\/\/aconteceemmacaeeregiao.com.br\/index.php\/wp-json\/wp\/v2\/media?parent=12814"}],"wp:term":[{"taxonomy":"category","embeddable":true,"href":"https:\/\/aconteceemmacaeeregiao.com.br\/index.php\/wp-json\/wp\/v2\/categories?post=12814"},{"taxonomy":"post_tag","embeddable":true,"href":"https:\/\/aconteceemmacaeeregiao.com.br\/index.php\/wp-json\/wp\/v2\/tags?post=12814"}],"curies":[{"name":"wp","href":"https:\/\/api.w.org\/{rel}","templated":true}]}}