{"id":12831,"date":"2023-09-12T23:03:28","date_gmt":"2023-09-13T02:03:28","guid":{"rendered":"https:\/\/aconteceemmacaeeregiao.com.br\/?p=12831"},"modified":"2023-09-12T23:03:29","modified_gmt":"2023-09-13T02:03:29","slug":"projeto-mar-sem-lixo-realiza-clean-up-day-neste-sabado","status":"publish","type":"post","link":"https:\/\/aconteceemmacaeeregiao.com.br\/index.php\/2023\/09\/12\/projeto-mar-sem-lixo-realiza-clean-up-day-neste-sabado\/","title":{"rendered":"Projeto Mar Sem Lixo realiza &#8220;Clean Up Day&#8221; neste s\u00e1bado,"},"content":{"rendered":"\n<p><strong><em>A\u00e7\u00e3o de limpeza dos mares, que tem apoio do\u00a0Cabo Frio Convention &amp; Visitors Bureau, acontece em 15 praias da cidade, simultaneamente<\/em><\/strong><\/p>\n\n\n\n<p>O Projeto Mar Sem Lixo realiza neste s\u00e1bado, 16 de setembro, \u00e0s 9h, o evento&nbsp;<em>&#8220;Cabo Frio, da Praia do Foguete \u00e0 Praia do Pontal do Per\u00f3 e Tamoios &#8211; Clean Up Day&#8221;<\/em>. A a\u00e7\u00e3o de limpeza, de conscientiza\u00e7\u00e3o sobre o impacto do lixo nos oceanos e de prote\u00e7\u00e3o aos animais marinhos, acontece em 15 praias da cidade, simultaneamente, incluindo as praias do Forte, das Dunas, Siqueira e Brava, al\u00e9m da Ilha do Japon\u00eas e Dormit\u00f3rio das Gar\u00e7as Per\u00f3.&nbsp; O evento conta com o apoio do Cabo Frio Convention &amp; Visitors Bureau.<\/p>\n\n\n\n<p>&#8220;\u00c9 uma honra e uma obriga\u00e7\u00e3o para o Convention contribuir com a\u00e7\u00f5es como essa, que est\u00e1 totalmente em sintonia com nosso prop\u00f3sito, que \u00e9 a conscientiza\u00e7\u00e3o para a preserva\u00e7\u00e3o da natureza, dos nossos cart\u00f5es-postais. Essa \u00e9 a nossa bandeira, independente de sermos um destino tur\u00edstico&#8221;, comenta Maria In\u00eas Oliveros, presidente do Cabo Frio CVB. &nbsp;<\/p>\n\n\n<div class=\"wp-block-image\">\n<figure class=\"aligncenter size-large\"><img fetchpriority=\"high\" decoding=\"async\" width=\"1024\" height=\"835\" src=\"https:\/\/aconteceemmacaeeregiao.com.br\/wp-content\/uploads\/2023\/09\/Mar-Sem-Lixo-CF-Semana-Nacional-2021-Divulgacao-1024x835.jpeg\" alt=\"\" class=\"wp-image-12833\" srcset=\"https:\/\/aconteceemmacaeeregiao.com.br\/wp-content\/uploads\/2023\/09\/Mar-Sem-Lixo-CF-Semana-Nacional-2021-Divulgacao-1024x835.jpeg 1024w, https:\/\/aconteceemmacaeeregiao.com.br\/wp-content\/uploads\/2023\/09\/Mar-Sem-Lixo-CF-Semana-Nacional-2021-Divulgacao-300x245.jpeg 300w, https:\/\/aconteceemmacaeeregiao.com.br\/wp-content\/uploads\/2023\/09\/Mar-Sem-Lixo-CF-Semana-Nacional-2021-Divulgacao-768x626.jpeg 768w, https:\/\/aconteceemmacaeeregiao.com.br\/wp-content\/uploads\/2023\/09\/Mar-Sem-Lixo-CF-Semana-Nacional-2021-Divulgacao.jpeg 1280w\" sizes=\"(max-width: 1024px) 100vw, 1024px\" \/><figcaption class=\"wp-element-caption\">Mar Sem Lixo &#8211; CF &#8211; Semana Nacional 2021 &#8211; Divulga\u00e7\u00e3o<\/figcaption><\/figure>\n<\/div>\n\n\n<p>Diversas equipes, coordenadas pelos organizadores, estar\u00e3o distribu\u00eddas nos diferentes trechos das praias para realizar o mutir\u00e3o. O objetivo do evento \u00e9 contribuir para a melhoria da qualidade de vida nas \u00e1reas litor\u00e2neas e chamar a aten\u00e7\u00e3o para a problem\u00e1tica do lixo nas praias. Al\u00e9m das atividades pr\u00e1ticas de limpeza da orla, a a\u00e7\u00e3o contar\u00e1 com mini palestras, com o intuito de conscientizar o p\u00fablico sobre a import\u00e2ncia de preservar os oceanos.<\/p>\n\n\n\n<p>O evento tem como p\u00fablico-alvo escolas, condom\u00ednios, associa\u00e7\u00f5es, atletas, quiosques, escoteiros e a popula\u00e7\u00e3o em geral, visando alcan\u00e7ar um amplo engajamento e conscientiza\u00e7\u00e3o.<\/p>\n","protected":false},"excerpt":{"rendered":"<p>A\u00e7\u00e3o de limpeza dos mares, que tem apoio do\u00a0Cabo Frio Convention &amp; Visitors Bureau, acontece em 15 praias da cidade, simultaneamente O Projeto Mar Sem Lixo realiza neste s\u00e1bado, 16 de setembro, \u00e0s 9h, o evento&nbsp;&#8220;Cabo Frio, da Praia do Foguete \u00e0 Praia do Pontal do Per\u00f3 e Tamoios &#8211; Clean Up Day&#8221;. A a\u00e7\u00e3o [&hellip;]<\/p>\n","protected":false},"author":2,"featured_media":12834,"comment_status":"closed","ping_status":"closed","sticky":false,"template":"","format":"standard","meta":{"postBodyCss":"","postBodyMargin":[],"postBodyPadding":[],"postBodyBackground":{"backgroundType":"classic","gradient":""},"footnotes":""},"categories":[155,200,67,43],"tags":[747,234,225],"class_list":["post-12831","post","type-post","status-publish","format-standard","has-post-thumbnail","hentry","category-cabo-frio","category-evento","category-meio-ambiente","category-regiao","tag-limpeza","tag-praia","tag-turismo"],"aioseo_notices":[],"_links":{"self":[{"href":"https:\/\/aconteceemmacaeeregiao.com.br\/index.php\/wp-json\/wp\/v2\/posts\/12831","targetHints":{"allow":["GET"]}}],"collection":[{"href":"https:\/\/aconteceemmacaeeregiao.com.br\/index.php\/wp-json\/wp\/v2\/posts"}],"about":[{"href":"https:\/\/aconteceemmacaeeregiao.com.br\/index.php\/wp-json\/wp\/v2\/types\/post"}],"author":[{"embeddable":true,"href":"https:\/\/aconteceemmacaeeregiao.com.br\/index.php\/wp-json\/wp\/v2\/users\/2"}],"replies":[{"embeddable":true,"href":"https:\/\/aconteceemmacaeeregiao.com.br\/index.php\/wp-json\/wp\/v2\/comments?post=12831"}],"version-history":[{"count":0,"href":"https:\/\/aconteceemmacaeeregiao.com.br\/index.php\/wp-json\/wp\/v2\/posts\/12831\/revisions"}],"wp:featuredmedia":[{"embeddable":true,"href":"https:\/\/aconteceemmacaeeregiao.com.br\/index.php\/wp-json\/wp\/v2\/media\/12834"}],"wp:attachment":[{"href":"https:\/\/aconteceemmacaeeregiao.com.br\/index.php\/wp-json\/wp\/v2\/media?parent=12831"}],"wp:term":[{"taxonomy":"category","embeddable":true,"href":"https:\/\/aconteceemmacaeeregiao.com.br\/index.php\/wp-json\/wp\/v2\/categories?post=12831"},{"taxonomy":"post_tag","embeddable":true,"href":"https:\/\/aconteceemmacaeeregiao.com.br\/index.php\/wp-json\/wp\/v2\/tags?post=12831"}],"curies":[{"name":"wp","href":"https:\/\/api.w.org\/{rel}","templated":true}]}}