{"id":12935,"date":"2023-09-15T22:41:41","date_gmt":"2023-09-16T01:41:41","guid":{"rendered":"https:\/\/aconteceemmacaeeregiao.com.br\/?p=12935"},"modified":"2023-09-15T22:41:41","modified_gmt":"2023-09-16T01:41:41","slug":"unidades-odontologicas-de-emergencia-atingem-a-marca-de-4-mil-atendimentos","status":"publish","type":"post","link":"https:\/\/aconteceemmacaeeregiao.com.br\/index.php\/2023\/09\/15\/unidades-odontologicas-de-emergencia-atingem-a-marca-de-4-mil-atendimentos\/","title":{"rendered":"Unidades odontol\u00f3gicas de emerg\u00eancia atingem a marca de 4 mil atendimentos"},"content":{"rendered":"\n<p>Com o objetivo de humanizar e descentralizar o servi\u00e7o de odontologia, a rede municipal de sa\u00fade est\u00e1 conseguindo superar o n\u00famero de atendimentos nas tr\u00eas unidades odontol\u00f3gicas de emerg\u00eancia 24 horas de Maca\u00e9. Os espa\u00e7os que funcionam no Centro, Aeroporto e na regi\u00e3o serrana, em Trapiche, atingiram a marca de cerca de 4 mil atendimentos no m\u00eas de agosto. Com isso, a Secretaria Municipal de Sa\u00fade, por meio da Coordena\u00e7\u00e3o Especial de Odontologia, vem ampliando o acesso da popula\u00e7\u00e3o ao servi\u00e7o odontol\u00f3gico no Centro, Pronto de Socorro do Aeroporto e Hospital do Trapiche.<\/p>\n\n\n\n<p>Os registros abrangem servi\u00e7os direcionados ao p\u00fablico infantil e adulto, que ao necessitar recebem atendimento por ordem de chegada. De acordo com a coordenadora de Odontopediatria, Carla Bittencourt, os n\u00fameros comprovam a credibilidade. &#8220;O atendimento humanizado \u00e9 a prioridade, pois a sa\u00fade bucal est\u00e1 ficando cada vez mais pr\u00f3xima da popula\u00e7\u00e3o. A expectativa \u00e9 atender cada vez mais pessoas. Mas continuamos com a prioridade de levar a preven\u00e7\u00e3o por meio de cerca de consult\u00f3rios odontol\u00f3gicos&#8221;, ressalta.<\/p>\n\n\n\n<p>As unidades 24 horas atendem o p\u00fablico diante de atendimentos espec\u00edficos como; dor odontol\u00f3gica aguda;pericoronarite ou dor relacionada a processos infecciosos envolvendo os terceiros molares retidos; alveolite p\u00f3s-operat\u00f3ria e remo\u00e7\u00e3o de suturas. Na lista tamb\u00e9m est\u00e3o abscessos (dent\u00e1rio ou periodontal) ou infec\u00e7\u00e3o bacteriana, resultando em dor localizada e edema; fratura de dente; cimenta\u00e7\u00e3o ou fixa\u00e7\u00e3o de coroas ou pr\u00f3teses fixas se a restaura\u00e7\u00e3o provis\u00f3ria ou definitiva estiver solta e intacta; ajuste ou reparo de pr\u00f3teses remov\u00edveis que estejam causando dor ou com a fun\u00e7\u00e3o mastigat\u00f3ria comprometida; c\u00e1ries extensas ou restaura\u00e7\u00f5es com problemas que estejam causando dor e trauma dent\u00e1rio.<\/p>\n\n\n\n<p>Tamb\u00e9m, a Coordenadoria Especial de Odontologia funciona na Rua Velho Campos, 566, no Centro. No mesmo endere\u00e7o funciona o Centro de Especialidades Odontol\u00f3gicas, que conta com 11 consult\u00f3rios e uma sala de Fretonomia. O local atende com as especialidades de endodontia, pr\u00f3tese, estomatologia, cirurgia, odontopediatria, periodontia, al\u00e9m de emerg\u00eancia &#8211; que funciona 24 horas.<\/p>\n\n\n\n<p>Al\u00e9m disso, a Coordenadoria Especial de Odontologia, da Prefeitura de Maca\u00e9, continua visitando escolas municipais com a unidade m\u00f3vel. A finalidade \u00e9 levar a rede municipal de ensino o tratamento atrav\u00e9s do consult\u00f3rio odontol\u00f3gico motorizado, ap\u00f3s os estudantes passarem pela triagem da equipe de Odontologia Coletiva. Neste primeiro semestre, j\u00e1 foram atendidas 24 unidades municipais, sendo que cinco delas j\u00e1 tiveram os atendimentos conclu\u00eddos com registro de altas nos procedimentos. Ao todo 1054 crian\u00e7as j\u00e1 passaram por tratamento.<\/p>\n\n\n\n<p><em>Por jornalista <em>Genimarta Oliveira<\/em>\/ Secom Pref. de Maca\u00e9<\/em><\/p>\n","protected":false},"excerpt":{"rendered":"<p>Com o objetivo de humanizar e descentralizar o servi\u00e7o de odontologia, a rede municipal de sa\u00fade est\u00e1 conseguindo superar o n\u00famero de atendimentos nas tr\u00eas unidades odontol\u00f3gicas de emerg\u00eancia 24 horas de Maca\u00e9. Os espa\u00e7os que funcionam no Centro, Aeroporto e na regi\u00e3o serrana, em Trapiche, atingiram a marca de cerca de 4 mil atendimentos [&hellip;]<\/p>\n","protected":false},"author":2,"featured_media":12937,"comment_status":"closed","ping_status":"closed","sticky":false,"template":"","format":"standard","meta":{"postBodyCss":"","postBodyMargin":[],"postBodyPadding":[],"postBodyBackground":{"backgroundType":"classic","gradient":""},"footnotes":""},"categories":[42],"tags":[254,89,135],"class_list":["post-12935","post","type-post","status-publish","format-standard","has-post-thumbnail","hentry","category-macae","tag-dentistas","tag-prefeitura","tag-saude"],"aioseo_notices":[],"_links":{"self":[{"href":"https:\/\/aconteceemmacaeeregiao.com.br\/index.php\/wp-json\/wp\/v2\/posts\/12935","targetHints":{"allow":["GET"]}}],"collection":[{"href":"https:\/\/aconteceemmacaeeregiao.com.br\/index.php\/wp-json\/wp\/v2\/posts"}],"about":[{"href":"https:\/\/aconteceemmacaeeregiao.com.br\/index.php\/wp-json\/wp\/v2\/types\/post"}],"author":[{"embeddable":true,"href":"https:\/\/aconteceemmacaeeregiao.com.br\/index.php\/wp-json\/wp\/v2\/users\/2"}],"replies":[{"embeddable":true,"href":"https:\/\/aconteceemmacaeeregiao.com.br\/index.php\/wp-json\/wp\/v2\/comments?post=12935"}],"version-history":[{"count":0,"href":"https:\/\/aconteceemmacaeeregiao.com.br\/index.php\/wp-json\/wp\/v2\/posts\/12935\/revisions"}],"wp:featuredmedia":[{"embeddable":true,"href":"https:\/\/aconteceemmacaeeregiao.com.br\/index.php\/wp-json\/wp\/v2\/media\/12937"}],"wp:attachment":[{"href":"https:\/\/aconteceemmacaeeregiao.com.br\/index.php\/wp-json\/wp\/v2\/media?parent=12935"}],"wp:term":[{"taxonomy":"category","embeddable":true,"href":"https:\/\/aconteceemmacaeeregiao.com.br\/index.php\/wp-json\/wp\/v2\/categories?post=12935"},{"taxonomy":"post_tag","embeddable":true,"href":"https:\/\/aconteceemmacaeeregiao.com.br\/index.php\/wp-json\/wp\/v2\/tags?post=12935"}],"curies":[{"name":"wp","href":"https:\/\/api.w.org\/{rel}","templated":true}]}}