{"id":12975,"date":"2023-09-18T21:08:52","date_gmt":"2023-09-19T00:08:52","guid":{"rendered":"https:\/\/aconteceemmacaeeregiao.com.br\/?p=12975"},"modified":"2023-09-18T21:08:52","modified_gmt":"2023-09-19T00:08:52","slug":"homem-e-preso-ao-tentar-usar-selo-de-cartorio-falso-para-retirar-veiculo-apreendido","status":"publish","type":"post","link":"https:\/\/aconteceemmacaeeregiao.com.br\/index.php\/2023\/09\/18\/homem-e-preso-ao-tentar-usar-selo-de-cartorio-falso-para-retirar-veiculo-apreendido\/","title":{"rendered":"Homem \u00e9 preso ao tentar usar selo de cart\u00f3rio falso para retirar ve\u00edculo apreendido"},"content":{"rendered":"\n<p>Agentes da 125\u00aa DP (S\u00e3o Pedro da Aldeia) prenderam em flagrante, nesta segunda-feira (18\/09), um homem que apresentou recibo com selo de cart\u00f3rio falso para retirar um ve\u00edculo apreendido que estava na delegacia. Ele foi capturado no interior da unidade, ap\u00f3s levantamento de dados de intelig\u00eancia.<\/p>\n\n\n\n<p>Segundo os policiais, o ve\u00edculo havia sido apreendido por suspeita de adultera\u00e7\u00e3o, conforme registro de ocorr\u00eancia. O autor apresentou o documento do ve\u00edculo no nome de sua companheira e a equipe realizou consulta no selo de autentica\u00e7\u00e3o do reconhecimento de firma por autenticidade.<\/p>\n\n\n\n<p>A an\u00e1lise confirmou que se tratava de um selo falso, usado com outro prop\u00f3sito.<\/p>\n\n\n\n<p><em>Por PCERJ<\/em><\/p>\n","protected":false},"excerpt":{"rendered":"<p>Agentes da 125\u00aa DP (S\u00e3o Pedro da Aldeia) prenderam em flagrante, nesta segunda-feira (18\/09), um homem que apresentou recibo com selo de cart\u00f3rio falso para retirar um ve\u00edculo apreendido que estava na delegacia. Ele foi capturado no interior da unidade, ap\u00f3s levantamento de dados de intelig\u00eancia. Segundo os policiais, o ve\u00edculo havia sido apreendido por [&hellip;]<\/p>\n","protected":false},"author":2,"featured_media":12977,"comment_status":"closed","ping_status":"closed","sticky":false,"template":"","format":"standard","meta":{"postBodyCss":"","postBodyMargin":[],"postBodyPadding":[],"postBodyBackground":{"backgroundType":"classic","gradient":""},"footnotes":""},"categories":[47,43,420],"tags":[533,751,575],"class_list":["post-12975","post","type-post","status-publish","format-standard","has-post-thumbnail","hentry","category-ocorrencias","category-regiao","category-sao-pedro-da-aldeia","tag-125-dp","tag-fraude","tag-preso"],"aioseo_notices":[],"_links":{"self":[{"href":"https:\/\/aconteceemmacaeeregiao.com.br\/index.php\/wp-json\/wp\/v2\/posts\/12975","targetHints":{"allow":["GET"]}}],"collection":[{"href":"https:\/\/aconteceemmacaeeregiao.com.br\/index.php\/wp-json\/wp\/v2\/posts"}],"about":[{"href":"https:\/\/aconteceemmacaeeregiao.com.br\/index.php\/wp-json\/wp\/v2\/types\/post"}],"author":[{"embeddable":true,"href":"https:\/\/aconteceemmacaeeregiao.com.br\/index.php\/wp-json\/wp\/v2\/users\/2"}],"replies":[{"embeddable":true,"href":"https:\/\/aconteceemmacaeeregiao.com.br\/index.php\/wp-json\/wp\/v2\/comments?post=12975"}],"version-history":[{"count":0,"href":"https:\/\/aconteceemmacaeeregiao.com.br\/index.php\/wp-json\/wp\/v2\/posts\/12975\/revisions"}],"wp:featuredmedia":[{"embeddable":true,"href":"https:\/\/aconteceemmacaeeregiao.com.br\/index.php\/wp-json\/wp\/v2\/media\/12977"}],"wp:attachment":[{"href":"https:\/\/aconteceemmacaeeregiao.com.br\/index.php\/wp-json\/wp\/v2\/media?parent=12975"}],"wp:term":[{"taxonomy":"category","embeddable":true,"href":"https:\/\/aconteceemmacaeeregiao.com.br\/index.php\/wp-json\/wp\/v2\/categories?post=12975"},{"taxonomy":"post_tag","embeddable":true,"href":"https:\/\/aconteceemmacaeeregiao.com.br\/index.php\/wp-json\/wp\/v2\/tags?post=12975"}],"curies":[{"name":"wp","href":"https:\/\/api.w.org\/{rel}","templated":true}]}}