{"id":13104,"date":"2023-09-21T22:14:12","date_gmt":"2023-09-22T01:14:12","guid":{"rendered":"https:\/\/aconteceemmacaeeregiao.com.br\/?p=13104"},"modified":"2023-09-21T22:14:12","modified_gmt":"2023-09-22T01:14:12","slug":"cerca-de-70-vagas-de-emprego-abertas-nas-cidades-do-norte-e-noroeste-fluminense","status":"publish","type":"post","link":"https:\/\/aconteceemmacaeeregiao.com.br\/index.php\/2023\/09\/21\/cerca-de-70-vagas-de-emprego-abertas-nas-cidades-do-norte-e-noroeste-fluminense\/","title":{"rendered":"Cerca de 70 vagas de emprego abertas nas cidades do Norte e Noroeste fluminense"},"content":{"rendered":"\n<p><em><strong>Oportunidades de trabalho s\u00e3o oferecidas por empresas parceiras da HR Tech S\u00f3lides, l\u00edder no pa\u00eds em gest\u00e3o de pessoas para PMEs<\/strong><\/em><\/p>\n\n\n\n<p><strong>Setembro de 2023 &#8211;<\/strong>&nbsp;O&nbsp;<a href=\"https:\/\/portaldevagas.solides.jobs\/\" target=\"_blank\" rel=\"noreferrer noopener\">Portal de Vagas<\/a>&nbsp;da S\u00f3lides, empresa de tecnologia&nbsp;l\u00edder no Brasil em gest\u00e3o de pessoas para pequenas e m\u00e9dias empresas (PMEs), est\u00e1 com cerca de 70 vagas&nbsp;abertas atualmente para as cidades do Norte e Noroeste do Rio de Janeiro. As vagas s\u00e3o de diversas empresas parceiras da S\u00f3lides.<\/p>\n\n\n\n<p>V\u00e1rias \u00e1reas de atua\u00e7\u00e3o est\u00e3o contempladas nas oportunidades de emprego, que possuem modalidades de trabalho presencial, h\u00edbrido e remoto. H\u00e1 vagas para todas as senioridades, de estagi\u00e1rio a especialista.&nbsp;<a href=\"https:\/\/vagas.solides.com.br\/vagas?page=1&amp;locals=Bom+Jesus+do+Itabapoana+-+RJ%2CCampos+dos+Goytacazes+-+RJ%2CConcei%C3%A7%C3%A3o+de+Macabu+-+RJ%2CItaocara+-+RJ%2CItaperuna+-+RJ%2CMaca%C3%A9+-+RJ%2CMiracema+-+RJ%2CQuissam%C3%A3+-+RJ%2CSanto+Ant%C3%B4nio+de+P%C3%A1dua+-+RJ%2CS%C3%A3o+Fid%C3%A9lis+-+RJ%2CS%C3%A3o+Francisco+de+Itabapoana+-+RJ%2CS%C3%A3o+Jo%C3%A3o+da+Barra+-+RJ&amp;title=\" target=\"_blank\" rel=\"noreferrer noopener\">Os interessados encontram as vagas dispon\u00edveis&nbsp;<\/a><a href=\"https:\/\/vagas.solides.com.br\/vagas?page=1&amp;locals=Bom+Jesus+do+Itabapoana+-+RJ%2CCampos+dos+Goytacazes+-+RJ%2CConcei%C3%A7%C3%A3o+de+Macabu+-+RJ%2CItaocara+-+RJ%2CItaperuna+-+RJ%2CMaca%C3%A9+-+RJ%2CMiracema+-+RJ%2CQuissam%C3%A3+-+RJ%2CSanto+Ant%C3%B4nio+de+P%C3%A1dua+-+RJ%2CS%C3%A3o+Fid%C3%A9lis+-+RJ%2CS%C3%A3o+Francisco+de+Itabapoana+-+RJ%2CS%C3%A3o+Jo%C3%A3o+da+Barra+-+RJ&amp;title=\" target=\"_blank\" rel=\"noreferrer noopener\">aqui<\/a>.<\/p>\n\n\n\n<p>\u201cEm um pa\u00eds onde as PMEs respondem por mais de 70% dos novos empregos formais criados, o nosso Portal de Vagas usa a for\u00e7a da marca S\u00f3lides para melhorar a efici\u00eancia do processo de sele\u00e7\u00e3o e facilitar a aquisi\u00e7\u00e3o de talentos pelas PMEs brasileiras\u201d, afirma M\u00f4nica Hauck, cofundadora e CEO da S\u00f3lides.<\/p>\n\n\n\n<p><strong>Curso gratuito de empregabilidade<br><\/strong>O Portal de Vagas da S\u00f3lides oferece ainda um curso gratuito com o objetivo de tornar as pessoas mais empreg\u00e1veis. O p\u00fablico-alvo s\u00e3o pessoas que est\u00e3o ingressando no mercado de trabalho ou encontram-se desempregadas, al\u00e9m dos que tamb\u00e9m buscam novas oportunidades. A ideia \u00e9 auxiliar os profissionais a desenvolverem quest\u00f5es comportamentais para se destacarem nos processos de sele\u00e7\u00e3o.<\/p>\n\n\n\n<p>O curso gratuito de empregabilidade tem quatro m\u00f3dulos focados na prepara\u00e7\u00e3o do candidato e mais um m\u00f3dulo que aborda a gest\u00e3o comportamental. Os interessados podem se inscrever por&nbsp;<a href=\"https:\/\/conteudo.solides.com.br\/curso-gratuito-empregabilidade\/\" target=\"_blank\" rel=\"noreferrer noopener\">aqui<\/a>.<\/p>\n\n\n\n<p><strong>Sobre a S\u00f3lides<br><\/strong>A S\u00f3lides \u00e9 uma empresa de tecnologia, l\u00edder no Brasil na gest\u00e3o de pessoas de pequenas e m\u00e9dias empresas (PMEs). A companhia oferece solu\u00e7\u00f5es inovadoras e metodologias exclusivas que ajudam na atra\u00e7\u00e3o, desenvolvimento e reten\u00e7\u00e3o de talentos \u2014 reduzindo a taxa de rotatividade e aumentando as vantagens competitivas dos neg\u00f3cios. Em 2022 recebeu o maior aporte j\u00e1 feito em uma HR Tech na Am\u00e9rica Latina, R$ 530 milh\u00f5es \u2014 liderado pelo fundo Warburg Pincus, e expandiu seu neg\u00f3cio com a compra do Tangerino, solu\u00e7\u00e3o completa para automa\u00e7\u00e3o de processos de Departamento Pessoal. Atualmente, contabiliza mais de 25 mil clientes, totalizando mais de cinco milh\u00f5es de vidas impactadas pela plataforma e desponta na lideran\u00e7a do grupo de empresas de alto crescimento no Brasil.<\/p>\n","protected":false},"excerpt":{"rendered":"<p>Oportunidades de trabalho s\u00e3o oferecidas por empresas parceiras da HR Tech S\u00f3lides, l\u00edder no pa\u00eds em gest\u00e3o de pessoas para PMEs Setembro de 2023 &#8211;&nbsp;O&nbsp;Portal de Vagas&nbsp;da S\u00f3lides, empresa de tecnologia&nbsp;l\u00edder no Brasil em gest\u00e3o de pessoas para pequenas e m\u00e9dias empresas (PMEs), est\u00e1 com cerca de 70 vagas&nbsp;abertas atualmente para as cidades do Norte [&hellip;]<\/p>\n","protected":false},"author":2,"featured_media":13106,"comment_status":"closed","ping_status":"closed","sticky":false,"template":"","format":"standard","meta":{"postBodyCss":"","postBodyMargin":[],"postBodyPadding":[],"postBodyBackground":{"backgroundType":"classic","gradient":""},"footnotes":""},"categories":[93,73,43],"tags":[77,255,82,87],"class_list":["post-13104","post","type-post","status-publish","format-standard","has-post-thumbnail","hentry","category-campos-dos-goytacases","category-emprego","category-regiao","tag-emprego","tag-norte-fluminense","tag-oportunidade","tag-vagas"],"aioseo_notices":[],"_links":{"self":[{"href":"https:\/\/aconteceemmacaeeregiao.com.br\/index.php\/wp-json\/wp\/v2\/posts\/13104","targetHints":{"allow":["GET"]}}],"collection":[{"href":"https:\/\/aconteceemmacaeeregiao.com.br\/index.php\/wp-json\/wp\/v2\/posts"}],"about":[{"href":"https:\/\/aconteceemmacaeeregiao.com.br\/index.php\/wp-json\/wp\/v2\/types\/post"}],"author":[{"embeddable":true,"href":"https:\/\/aconteceemmacaeeregiao.com.br\/index.php\/wp-json\/wp\/v2\/users\/2"}],"replies":[{"embeddable":true,"href":"https:\/\/aconteceemmacaeeregiao.com.br\/index.php\/wp-json\/wp\/v2\/comments?post=13104"}],"version-history":[{"count":0,"href":"https:\/\/aconteceemmacaeeregiao.com.br\/index.php\/wp-json\/wp\/v2\/posts\/13104\/revisions"}],"wp:featuredmedia":[{"embeddable":true,"href":"https:\/\/aconteceemmacaeeregiao.com.br\/index.php\/wp-json\/wp\/v2\/media\/13106"}],"wp:attachment":[{"href":"https:\/\/aconteceemmacaeeregiao.com.br\/index.php\/wp-json\/wp\/v2\/media?parent=13104"}],"wp:term":[{"taxonomy":"category","embeddable":true,"href":"https:\/\/aconteceemmacaeeregiao.com.br\/index.php\/wp-json\/wp\/v2\/categories?post=13104"},{"taxonomy":"post_tag","embeddable":true,"href":"https:\/\/aconteceemmacaeeregiao.com.br\/index.php\/wp-json\/wp\/v2\/tags?post=13104"}],"curies":[{"name":"wp","href":"https:\/\/api.w.org\/{rel}","templated":true}]}}