{"id":13170,"date":"2023-09-25T21:19:00","date_gmt":"2023-09-26T00:19:00","guid":{"rendered":"https:\/\/aconteceemmacaeeregiao.com.br\/?p=13170"},"modified":"2023-09-25T21:19:01","modified_gmt":"2023-09-26T00:19:01","slug":"odontologia-do-municipio-alcanca-pacientes-acamados","status":"publish","type":"post","link":"https:\/\/aconteceemmacaeeregiao.com.br\/index.php\/2023\/09\/25\/odontologia-do-municipio-alcanca-pacientes-acamados\/","title":{"rendered":"Odontologia do munic\u00edpio alcan\u00e7a pacientes acamados"},"content":{"rendered":"\n<p>Com a\u00e7\u00f5es pautadas na integralidade na aten\u00e7\u00e3o \u00e0 sa\u00fade da popula\u00e7\u00e3o, a Prefeitura de Maca\u00e9 &#8211; por meio da Coordena\u00e7\u00e3o Especial de Odontologia\/Secretaria de Sa\u00fade &#8211; vem oferecendo servi\u00e7os espec\u00edficos para atender \u00e0s necessidades dos usu\u00e1rios. Nesta perspectiva, o \u00f3rg\u00e3o conta com o atendimento domiciliar odontol\u00f3gico para pacientes acamados.<\/p>\n\n\n\n<p>Quem recebeu este atendimento foi o filho de Ant\u00f4nia Jana\u00edna Tem\u00f3teo, o jovem Iorram Carlos Tim\u00f3teo, 18 anos. Aos nove meses de idade, ele teve meningite e, desde ent\u00e3o, ficou com v\u00e1rias sequelas. \u201cTinha um tempo que o Iorram n\u00e3o ia ao dentista, por ter ficado totalmente impossibilitado. E este atendimento domiciliar \u00e9 uma ben\u00e7\u00e3o para aqueles que precisam. Mesmo n\u00e3o se alimentando por via oral, estava com algumas c\u00e1ries e a equipe veio fazer todo tratamento necess\u00e1rio. As profissionais s\u00e3o atenciosas e cuidaram com muito carinho do meu filho\u201d, contou.<\/p>\n\n\n\n<p>Segundo a coordenadora de Odontopediatria, Carla Bittencourt, v\u00e1rios servi\u00e7os s\u00e3o oferecidos a esses pacientes e, no caso do Iorram, foi realizado o tratamento periodontal (gengiva) e de restaura\u00e7\u00e3o por meio da t\u00e9cnica de Tratamento Restaurador Atraum\u00e1tico (TRA), que promove a remo\u00e7\u00e3o da c\u00e1rie dental utilizando somente instrumentos manuais, sem uso de brocas ou turbinas.<\/p>\n\n\n\n<p>\u201cO atendimento odontol\u00f3gico domiciliar devolve muito al\u00e9m da fun\u00e7\u00e3o mastigat\u00f3ria do paciente, mas esse atendimento traz um conforto mental e a melhora da sua qualidade de vida\u201d, pontuou Carla.<\/p>\n\n\n\n<p>Carla ressalta que o atendimento domiciliar conta com o aux\u00edlio de equipamentos port\u00e1teis e \u00e9 direcionado a pessoas com limita\u00e7\u00f5es importantes de deslocamentos permanentes ou temporariamente at\u00e9 o consult\u00f3rio fixo: idosos, pacientes em cuidados paliativos e pessoas internadas em cl\u00ednicas para desintoxica\u00e7\u00e3o.<\/p>\n\n\n\n<p>Quem deseja receber o atendimento domiciliar pode ligar de segunda \u00e0 sexta-feira, das 8h \u00e0s 16h30, atrav\u00e9s dos telefones: 2762-0539; 2772-0040 e 2772-0235. O agendamento \u00e9 de acordo com o n\u00famero de vagas dispon\u00edveis e, antes de efetivar o atendimento, a equipe realiza uma triagem. \u00c9 importante apresentar cart\u00e3o SUS, comprovante de resid\u00eancia e laudo m\u00e9dico do paciente.<\/p>\n\n\n\n<p>Os acamados recebem atendimento odontol\u00f3gico uma vez na semana, que pode ser limpeza, extra\u00e7\u00e3o e reabilita\u00e7\u00e3o. Ap\u00f3s o encerramento do trabalho, visitas de rotina acontecem a cada tr\u00eas meses.<\/p>\n\n\n\n<p><em>Por jornalista <em>Genimarta Oliveira<\/em>\/ Secom Pref. de Maca\u00e9<\/em><\/p>\n","protected":false},"excerpt":{"rendered":"<p>Com a\u00e7\u00f5es pautadas na integralidade na aten\u00e7\u00e3o \u00e0 sa\u00fade da popula\u00e7\u00e3o, a Prefeitura de Maca\u00e9 &#8211; por meio da Coordena\u00e7\u00e3o Especial de Odontologia\/Secretaria de Sa\u00fade &#8211; vem oferecendo servi\u00e7os espec\u00edficos para atender \u00e0s necessidades dos usu\u00e1rios. Nesta perspectiva, o \u00f3rg\u00e3o conta com o atendimento domiciliar odontol\u00f3gico para pacientes acamados. Quem recebeu este atendimento foi o [&hellip;]<\/p>\n","protected":false},"author":2,"featured_media":13172,"comment_status":"closed","ping_status":"closed","sticky":false,"template":"","format":"standard","meta":{"postBodyCss":"","postBodyMargin":[],"postBodyPadding":[],"postBodyBackground":{"backgroundType":"classic","gradient":""},"footnotes":""},"categories":[42],"tags":[646,89,135],"class_list":["post-13170","post","type-post","status-publish","format-standard","has-post-thumbnail","hentry","category-macae","tag-odontologico","tag-prefeitura","tag-saude"],"aioseo_notices":[],"_links":{"self":[{"href":"https:\/\/aconteceemmacaeeregiao.com.br\/index.php\/wp-json\/wp\/v2\/posts\/13170","targetHints":{"allow":["GET"]}}],"collection":[{"href":"https:\/\/aconteceemmacaeeregiao.com.br\/index.php\/wp-json\/wp\/v2\/posts"}],"about":[{"href":"https:\/\/aconteceemmacaeeregiao.com.br\/index.php\/wp-json\/wp\/v2\/types\/post"}],"author":[{"embeddable":true,"href":"https:\/\/aconteceemmacaeeregiao.com.br\/index.php\/wp-json\/wp\/v2\/users\/2"}],"replies":[{"embeddable":true,"href":"https:\/\/aconteceemmacaeeregiao.com.br\/index.php\/wp-json\/wp\/v2\/comments?post=13170"}],"version-history":[{"count":0,"href":"https:\/\/aconteceemmacaeeregiao.com.br\/index.php\/wp-json\/wp\/v2\/posts\/13170\/revisions"}],"wp:featuredmedia":[{"embeddable":true,"href":"https:\/\/aconteceemmacaeeregiao.com.br\/index.php\/wp-json\/wp\/v2\/media\/13172"}],"wp:attachment":[{"href":"https:\/\/aconteceemmacaeeregiao.com.br\/index.php\/wp-json\/wp\/v2\/media?parent=13170"}],"wp:term":[{"taxonomy":"category","embeddable":true,"href":"https:\/\/aconteceemmacaeeregiao.com.br\/index.php\/wp-json\/wp\/v2\/categories?post=13170"},{"taxonomy":"post_tag","embeddable":true,"href":"https:\/\/aconteceemmacaeeregiao.com.br\/index.php\/wp-json\/wp\/v2\/tags?post=13170"}],"curies":[{"name":"wp","href":"https:\/\/api.w.org\/{rel}","templated":true}]}}