{"id":13175,"date":"2023-09-25T21:33:09","date_gmt":"2023-09-26T00:33:09","guid":{"rendered":"https:\/\/aconteceemmacaeeregiao.com.br\/?p=13175"},"modified":"2023-09-25T21:33:29","modified_gmt":"2023-09-26T00:33:29","slug":"wsl-apresenta-poster-oficial-do-corona-saquarema-pro-2023","status":"publish","type":"post","link":"https:\/\/aconteceemmacaeeregiao.com.br\/index.php\/2023\/09\/25\/wsl-apresenta-poster-oficial-do-corona-saquarema-pro-2023\/","title":{"rendered":"WSL apresenta p\u00f4ster oficial do Corona Saquarema Pro 2023"},"content":{"rendered":"\n<p>O Corona Saquarema Pro, apresentado por Banco do Brasil, encerra a temporada de 2023 do Challenger Series, torneio que leva os melhores classificados do ranking para a elite do surfe mundial. Marcado para acontecer entre os dias 14 e 21 de outubro, o campeonato ser\u00e1 realizado na Praia de Ita\u00fana, em Saquarema, Rio de Janeiro. Como parte da prepara\u00e7\u00e3o para o evento, a Liga apresentou ao p\u00fablico o p\u00f4ster oficial da competi\u00e7\u00e3o, focado em caracter\u00edsticas marcantes da modalidade.<\/p>\n\n\n\n<p>Pelo segundo ano consecutivo, o artista Rog\u00e9rio Puhl \u00e9 o respons\u00e1vel pelo desenho do cartaz de divulga\u00e7\u00e3o do evento. A inspira\u00e7\u00e3o por tr\u00e1s da obra residiu na cultura brasileira e na energia do surfe. Por meio de uma paleta de cores vibrantes, o ilustrador buscou transmitir juventude, conex\u00e3o com a natureza e as vibra\u00e7\u00f5es que o esporte representa, tudo de maneira psicod\u00e9lica e surrealista.<\/p>\n\n\n\n<p>&#8220;Esta \u00e9 a minha segunda colabora\u00e7\u00e3o com a WSL na cria\u00e7\u00e3o da ilustra\u00e7\u00e3o e do logo para a etapa de Saquarema. Tive o prazer de trabalhar novamente neste projeto e, desta vez, busquei capturar a ess\u00eancia descontra\u00edda e relaxante que o surfe provoca. A mulher retratada na imagem \u00e9 uma esp\u00e9cie de &#8216;Carmen Miranda&#8217; das ondas&#8221;, ressalta o ilustrador.<\/p>\n\n\n<div class=\"wp-block-image\">\n<figure class=\"aligncenter size-full is-resized\"><img fetchpriority=\"high\" decoding=\"async\" src=\"https:\/\/aconteceemmacaeeregiao.com.br\/wp-content\/uploads\/2023\/09\/image002.jpg\" alt=\"\" class=\"wp-image-13177\" width=\"445\" height=\"725\" srcset=\"https:\/\/aconteceemmacaeeregiao.com.br\/wp-content\/uploads\/2023\/09\/image002.jpg 355w, https:\/\/aconteceemmacaeeregiao.com.br\/wp-content\/uploads\/2023\/09\/image002-184x300.jpg 184w\" sizes=\"(max-width: 445px) 100vw, 445px\" \/><\/figure>\n<\/div>\n\n\n<p>O Challenger Series representa a divis\u00e3o de acesso para a elite do surfe global. Dos tr\u00eas n\u00edveis de torneios dos circuitos da World Surf League, est\u00e1 situado entre o Championship Tour (CT), que define os campe\u00f5es mundiais da temporada no masculino e no feminino, e o Qualifying Series, respons\u00e1vel pela revela\u00e7\u00e3o de novos talentos na modalidade.<\/p>\n\n\n\n<p>Ivan Martinho, presidente da WSL na Am\u00e9rica Latina, acredita que a escolha do trabalho de Puhl foi especial: \u201cRog\u00e9rio j\u00e1 criou diversas ilustra\u00e7\u00f5es durante a carreira. No ano passado, conseguiu retratar muito bem o protagonismo do evento, os principais elementos e toda a energia em seus tra\u00e7os e paletas de cores. Por isso, o convidamos novamente para criar o p\u00f4ster do evento que define v\u00e1rios nomes do surfe mundial que estar\u00e3o na elite do cen\u00e1rio competitivo na pr\u00f3xima temporada\u201d.<\/p>\n\n\n\n<p>No \u00e2mbito competitivo, o Brasil acumula sete t\u00edtulos mundiais conquistados &#8211; em um intervalo de nove anos &#8211; por Gabriel Medina (2014, 2018 e 2021), Adriano de Souza (2015), \u00cdtalo Ferreira (2019) e Filipe Toledo (2022, 2023). Atual campe\u00e3o do WSL Finals, Filipinho j\u00e1 venceu a etapa brasileira do Championship Tour quatro vezes, incluindo Saquarema em 2018, 2019 e 2022, e Barra da Tijuca em 2015.<\/p>\n\n\n\n<p><strong>Sobre a World Surf League<\/strong><\/p>\n\n\n\n<p>A World Surf League (WSL) promove as principais competi\u00e7\u00f5es de surfe no planeta, coroando os campe\u00f5es mundiais desde 1976, com os melhores surfistas do mundo se apresentando nas melhores ondas do mundo. A WSL \u00e9 composta por uma divis\u00e3o de Circuitos e Competi\u00e7\u00f5es, que supervisiona e opera mais de 180 eventos globais a cada ano; pela WSL WaveCo, que produz as melhores ondas artificiais de alta performance; e pela WSL Studios, com produ\u00e7\u00f5es independentes de conte\u00fados e projetos com e sem roteiros.<\/p>\n","protected":false},"excerpt":{"rendered":"<p>O Corona Saquarema Pro, apresentado por Banco do Brasil, encerra a temporada de 2023 do Challenger Series, torneio que leva os melhores classificados do ranking para a elite do surfe mundial. Marcado para acontecer entre os dias 14 e 21 de outubro, o campeonato ser\u00e1 realizado na Praia de Ita\u00fana, em Saquarema, Rio de Janeiro. [&hellip;]<\/p>\n","protected":false},"author":2,"featured_media":13178,"comment_status":"closed","ping_status":"closed","sticky":false,"template":"","format":"standard","meta":{"postBodyCss":"","postBodyMargin":[],"postBodyPadding":[],"postBodyBackground":{"backgroundType":"classic","gradient":""},"footnotes":""},"categories":[6,43,249],"tags":[127],"class_list":["post-13175","post","type-post","status-publish","format-standard","has-post-thumbnail","hentry","category-esporte","category-regiao","category-saquarema","tag-surf"],"aioseo_notices":[],"_links":{"self":[{"href":"https:\/\/aconteceemmacaeeregiao.com.br\/index.php\/wp-json\/wp\/v2\/posts\/13175","targetHints":{"allow":["GET"]}}],"collection":[{"href":"https:\/\/aconteceemmacaeeregiao.com.br\/index.php\/wp-json\/wp\/v2\/posts"}],"about":[{"href":"https:\/\/aconteceemmacaeeregiao.com.br\/index.php\/wp-json\/wp\/v2\/types\/post"}],"author":[{"embeddable":true,"href":"https:\/\/aconteceemmacaeeregiao.com.br\/index.php\/wp-json\/wp\/v2\/users\/2"}],"replies":[{"embeddable":true,"href":"https:\/\/aconteceemmacaeeregiao.com.br\/index.php\/wp-json\/wp\/v2\/comments?post=13175"}],"version-history":[{"count":0,"href":"https:\/\/aconteceemmacaeeregiao.com.br\/index.php\/wp-json\/wp\/v2\/posts\/13175\/revisions"}],"wp:featuredmedia":[{"embeddable":true,"href":"https:\/\/aconteceemmacaeeregiao.com.br\/index.php\/wp-json\/wp\/v2\/media\/13178"}],"wp:attachment":[{"href":"https:\/\/aconteceemmacaeeregiao.com.br\/index.php\/wp-json\/wp\/v2\/media?parent=13175"}],"wp:term":[{"taxonomy":"category","embeddable":true,"href":"https:\/\/aconteceemmacaeeregiao.com.br\/index.php\/wp-json\/wp\/v2\/categories?post=13175"},{"taxonomy":"post_tag","embeddable":true,"href":"https:\/\/aconteceemmacaeeregiao.com.br\/index.php\/wp-json\/wp\/v2\/tags?post=13175"}],"curies":[{"name":"wp","href":"https:\/\/api.w.org\/{rel}","templated":true}]}}