{"id":13194,"date":"2023-09-27T22:56:42","date_gmt":"2023-09-28T01:56:42","guid":{"rendered":"https:\/\/aconteceemmacaeeregiao.com.br\/?p=13194"},"modified":"2023-09-27T23:27:24","modified_gmt":"2023-09-28T02:27:24","slug":"finais-de-jogos-estudantis-no-forte-marechal-hermes","status":"publish","type":"post","link":"https:\/\/aconteceemmacaeeregiao.com.br\/index.php\/2023\/09\/27\/finais-de-jogos-estudantis-no-forte-marechal-hermes\/","title":{"rendered":"Finais de Jogos Estudantis no Forte Marechal Hermes"},"content":{"rendered":"\n<p>Emo\u00e7\u00e3o e muita garra marcaram a final dos Jogos Municipais Estudantis, realizada na \u00faltima quinta-feira (21), no Forte Marechal Hermes. As competi\u00e7\u00f5es tiveram in\u00edcio no m\u00eas de junho e contaram com a participa\u00e7\u00e3o de alunos do Ensino Fundamental I e II da Rede Municipal de ensino.<\/p>\n\n\n\n<p>O coordenador de Esporte da Educa\u00e7\u00e3o Integrada, Fernando Gama, ressaltou a import\u00e2ncia da participa\u00e7\u00e3o de todos os alunos nas competi\u00e7\u00f5es e o empenho da equipe organizadora do evento.<br><br>A estudante do 6\u00ba ano do Ciep Maring\u00e1, Lorena Vit\u00f3ria dos Santos Silva de 11 anos de idade, conta que come\u00e7ou a praticar o atletismo no ano de 2020. A m\u00e3e dela a incentivou a praticar esporte.<br><\/p>\n\n\n\n<blockquote class=\"wp-block-quote is-layout-flow wp-block-quote-is-layout-flow\">\n<p>\u201cMinha m\u00e3e foi \u00e0 escola e me inscreveu no atletismo. Treino \u00e0s ter\u00e7as e quintas na escola. O esporte mudou a minha vida e tenho mais disposi\u00e7\u00e3o\u201d, disse.<\/p>\n<\/blockquote>\n\n\n\n<p>Os professores da Escola Municipal Maria Let\u00edcia, Ronaldo Coelho e Rafael Galv\u00e3o, contam que os alunos da unidade participaram de todas as modalidades nos Jogos Municipais Estudantis.<\/p>\n\n\n\n<blockquote class=\"wp-block-quote is-layout-flow wp-block-quote-is-layout-flow\">\n<p>\u201cN\u00f3s atuamos no projeto \u201cEscola com Vida\u201d, onde a proposta \u00e9 possibilitar que os alunos possam praticar esportes no contraturno da escola. Esportes, como xadrez, atletismo,v\u00f4lei, basquete e futsal, tr\u00eas vezes por semana\u201d, explicou Rafael Galv\u00e3o.<\/p>\n<\/blockquote>\n\n\n\n<p>Ronaldo Coelho conta que para preparar os alunos para a etapa de atletismo, refor\u00e7ou quais s\u00e3o as regras da modalidade, para que eles tivessem conhecimento das regras e pudessem competir.<\/p>\n\n\n\n<blockquote class=\"wp-block-quote is-layout-flow wp-block-quote-is-layout-flow\">\n<p>\u201cTivemos ao todo em todas as modalidades em nossa escola 57 alunos que treinaram e se empenharam para participar das competi\u00e7\u00f5es\u201d, acrescentou.<\/p>\n<\/blockquote>\n\n\n<div class=\"wp-block-image\">\n<figure class=\"aligncenter size-large\"><img fetchpriority=\"high\" decoding=\"async\" width=\"1024\" height=\"683\" src=\"https:\/\/aconteceemmacaeeregiao.com.br\/wp-content\/uploads\/2023\/09\/1695884728-1024x683.jpg\" alt=\"\" class=\"wp-image-13198\" srcset=\"https:\/\/aconteceemmacaeeregiao.com.br\/wp-content\/uploads\/2023\/09\/1695884728-1024x683.jpg 1024w, https:\/\/aconteceemmacaeeregiao.com.br\/wp-content\/uploads\/2023\/09\/1695884728-300x200.jpg 300w, https:\/\/aconteceemmacaeeregiao.com.br\/wp-content\/uploads\/2023\/09\/1695884728-768x512.jpg 768w, https:\/\/aconteceemmacaeeregiao.com.br\/wp-content\/uploads\/2023\/09\/1695884728-1200x800.jpg 1200w, https:\/\/aconteceemmacaeeregiao.com.br\/wp-content\/uploads\/2023\/09\/1695884728.jpg 1417w\" sizes=\"(max-width: 1024px) 100vw, 1024px\" \/><figcaption class=\"wp-element-caption\">Fotos: Maur\u00edcio Por\u00e3o e Jo\u00e3o Barreto<\/figcaption><\/figure>\n<\/div>\n\n\n<p>Confira os ganhadores:\u00a0<br><a href=\"https:\/\/macae.rj.gov.br\/midia\/uploads\/Resultado%20final%20jogos%20coletivos%20JEEM%202023.pdf\">Resultado final Jogos Coletivos 2023<br><\/a><a href=\"https:\/\/macae.rj.gov.br\/midia\/uploads\/Resultado%20final%20xadrez%20JEEM%202023(1).pdf\">Resultado final Xadrez 2023<\/a><\/p>\n\n\n\n<p><em>Por jornalista <em>Genimarta Oliveira<\/em>\/ Secom Pref. de Maca\u00e9<\/em><\/p>\n","protected":false},"excerpt":{"rendered":"<p>Emo\u00e7\u00e3o e muita garra marcaram a final dos Jogos Municipais Estudantis, realizada na \u00faltima quinta-feira (21), no Forte Marechal Hermes. As competi\u00e7\u00f5es tiveram in\u00edcio no m\u00eas de junho e contaram com a participa\u00e7\u00e3o de alunos do Ensino Fundamental I e II da Rede Municipal de ensino. O coordenador de Esporte da Educa\u00e7\u00e3o Integrada, Fernando Gama, [&hellip;]<\/p>\n","protected":false},"author":2,"featured_media":13196,"comment_status":"closed","ping_status":"closed","sticky":false,"template":"","format":"standard","meta":{"postBodyCss":"","postBodyMargin":[],"postBodyPadding":[],"postBodyBackground":{"backgroundType":"classic","gradient":""},"footnotes":""},"categories":[6,42],"tags":[68,495,157],"class_list":["post-13194","post","type-post","status-publish","format-standard","has-post-thumbnail","hentry","category-esporte","category-macae","tag-escolas-publicas","tag-forte-marechal-hermes","tag-jogos"],"aioseo_notices":[],"_links":{"self":[{"href":"https:\/\/aconteceemmacaeeregiao.com.br\/index.php\/wp-json\/wp\/v2\/posts\/13194","targetHints":{"allow":["GET"]}}],"collection":[{"href":"https:\/\/aconteceemmacaeeregiao.com.br\/index.php\/wp-json\/wp\/v2\/posts"}],"about":[{"href":"https:\/\/aconteceemmacaeeregiao.com.br\/index.php\/wp-json\/wp\/v2\/types\/post"}],"author":[{"embeddable":true,"href":"https:\/\/aconteceemmacaeeregiao.com.br\/index.php\/wp-json\/wp\/v2\/users\/2"}],"replies":[{"embeddable":true,"href":"https:\/\/aconteceemmacaeeregiao.com.br\/index.php\/wp-json\/wp\/v2\/comments?post=13194"}],"version-history":[{"count":0,"href":"https:\/\/aconteceemmacaeeregiao.com.br\/index.php\/wp-json\/wp\/v2\/posts\/13194\/revisions"}],"wp:featuredmedia":[{"embeddable":true,"href":"https:\/\/aconteceemmacaeeregiao.com.br\/index.php\/wp-json\/wp\/v2\/media\/13196"}],"wp:attachment":[{"href":"https:\/\/aconteceemmacaeeregiao.com.br\/index.php\/wp-json\/wp\/v2\/media?parent=13194"}],"wp:term":[{"taxonomy":"category","embeddable":true,"href":"https:\/\/aconteceemmacaeeregiao.com.br\/index.php\/wp-json\/wp\/v2\/categories?post=13194"},{"taxonomy":"post_tag","embeddable":true,"href":"https:\/\/aconteceemmacaeeregiao.com.br\/index.php\/wp-json\/wp\/v2\/tags?post=13194"}],"curies":[{"name":"wp","href":"https:\/\/api.w.org\/{rel}","templated":true}]}}