{"id":13229,"date":"2023-09-28T21:41:48","date_gmt":"2023-09-29T00:41:48","guid":{"rendered":"https:\/\/aconteceemmacaeeregiao.com.br\/?p=13229"},"modified":"2023-09-28T23:00:18","modified_gmt":"2023-09-29T02:00:18","slug":"duas-mulheres-sao-presas-por-homicidio-em-campos-dos-goytacazes","status":"publish","type":"post","link":"https:\/\/aconteceemmacaeeregiao.com.br\/index.php\/2023\/09\/28\/duas-mulheres-sao-presas-por-homicidio-em-campos-dos-goytacazes\/","title":{"rendered":"Duas mulheres s\u00e3o presas por homic\u00eddio em Campos dos Goytacazes"},"content":{"rendered":"\n<p>Policiais civis da 134\u00aa DP (Campos dos Goytacazes) prenderam duas mulheres acusadas de homic\u00eddio, nesta ter\u00e7a-feira (26\/09). Elas s\u00e3o acusadas de matar a facadas Maycon de Oliveira Batista, no dia 13 de junho deste ano, na localidade de Est\u00e2ncia da Penha, em Campos, Regi\u00e3o Norte do estado.<\/p>\n\n\n\n<p>Os agentes identificaram as autoras ap\u00f3s um trabalho de intelig\u00eancia e investiga\u00e7\u00e3o. Testemunhas foram ouvidas e imagens de c\u00e2meras de monitoramento foram analisadas. Os policiais tamb\u00e9m constataram que eletrodom\u00e9sticos da v\u00edtima foram levados pelas mulheres.<\/p>\n\n\n\n<p>Mandados de pris\u00e3o foram expedidos contra as autoras e elas foram localizadas e presas.<\/p>\n\n\n\n<p><em>Por Ascom PCERJ<\/em><\/p>\n","protected":false},"excerpt":{"rendered":"<p>Policiais civis da 134\u00aa DP (Campos dos Goytacazes) prenderam duas mulheres acusadas de homic\u00eddio, nesta ter\u00e7a-feira (26\/09). Elas s\u00e3o acusadas de matar a facadas Maycon de Oliveira Batista, no dia 13 de junho deste ano, na localidade de Est\u00e2ncia da Penha, em Campos, Regi\u00e3o Norte do estado. Os agentes identificaram as autoras ap\u00f3s um trabalho [&hellip;]<\/p>\n","protected":false},"author":2,"featured_media":13231,"comment_status":"closed","ping_status":"closed","sticky":false,"template":"","format":"standard","meta":{"postBodyCss":"","postBodyMargin":[],"postBodyPadding":[],"postBodyBackground":{"backgroundType":"classic","gradient":""},"footnotes":""},"categories":[325,47,43],"tags":[211,120,496,575],"class_list":["post-13229","post","type-post","status-publish","format-standard","has-post-thumbnail","hentry","category-campos-dos-goytacezes","category-ocorrencias","category-regiao","tag-homicidio","tag-mulher","tag-policia-civil","tag-preso"],"aioseo_notices":[],"_links":{"self":[{"href":"https:\/\/aconteceemmacaeeregiao.com.br\/index.php\/wp-json\/wp\/v2\/posts\/13229","targetHints":{"allow":["GET"]}}],"collection":[{"href":"https:\/\/aconteceemmacaeeregiao.com.br\/index.php\/wp-json\/wp\/v2\/posts"}],"about":[{"href":"https:\/\/aconteceemmacaeeregiao.com.br\/index.php\/wp-json\/wp\/v2\/types\/post"}],"author":[{"embeddable":true,"href":"https:\/\/aconteceemmacaeeregiao.com.br\/index.php\/wp-json\/wp\/v2\/users\/2"}],"replies":[{"embeddable":true,"href":"https:\/\/aconteceemmacaeeregiao.com.br\/index.php\/wp-json\/wp\/v2\/comments?post=13229"}],"version-history":[{"count":0,"href":"https:\/\/aconteceemmacaeeregiao.com.br\/index.php\/wp-json\/wp\/v2\/posts\/13229\/revisions"}],"wp:featuredmedia":[{"embeddable":true,"href":"https:\/\/aconteceemmacaeeregiao.com.br\/index.php\/wp-json\/wp\/v2\/media\/13231"}],"wp:attachment":[{"href":"https:\/\/aconteceemmacaeeregiao.com.br\/index.php\/wp-json\/wp\/v2\/media?parent=13229"}],"wp:term":[{"taxonomy":"category","embeddable":true,"href":"https:\/\/aconteceemmacaeeregiao.com.br\/index.php\/wp-json\/wp\/v2\/categories?post=13229"},{"taxonomy":"post_tag","embeddable":true,"href":"https:\/\/aconteceemmacaeeregiao.com.br\/index.php\/wp-json\/wp\/v2\/tags?post=13229"}],"curies":[{"name":"wp","href":"https:\/\/api.w.org\/{rel}","templated":true}]}}