{"id":13242,"date":"2023-09-28T23:01:07","date_gmt":"2023-09-29T02:01:07","guid":{"rendered":"https:\/\/aconteceemmacaeeregiao.com.br\/?p=13242"},"modified":"2023-09-28T23:01:07","modified_gmt":"2023-09-29T02:01:07","slug":"ceam-macae-participa-de-forum-da-rede-de-protecao-e-atendimento-a-mulher-em-quissama","status":"publish","type":"post","link":"https:\/\/aconteceemmacaeeregiao.com.br\/index.php\/2023\/09\/28\/ceam-macae-participa-de-forum-da-rede-de-protecao-e-atendimento-a-mulher-em-quissama\/","title":{"rendered":"CEAM Maca\u00e9 participa de F\u00f3rum da Rede de Prote\u00e7\u00e3o e Atendimento \u00e0 Mulher em Quissam\u00e3"},"content":{"rendered":"\n<p>A equipe t\u00e9cnica do Centro Especializado de Atendimento \u00e0 Mulher P\u00e9rola Bichara Benjamin participou, nesta quarta-feira (27), do VII F\u00f3rum Intermunicipal da Rede de Prote\u00e7\u00e3o e Atendimento \u00e0 Mulher, em Quissam\u00e3. O evento foi realizado no audit\u00f3rio da Administra\u00e7\u00e3o Municipal e contou com a presen\u00e7a da prefeita do munic\u00edpio, F\u00e1tima Pacheco, do vice Marcelo Batista, da Deputada Estadual Martha Rocha, da secret\u00e1ria de Estado da Mulher, Helo\u00edsa Aguiar, da Coordenadora Geral de Fortalecimento da Rede de Atendimento do Minist\u00e9rio das Mulheres, Simone Cristina Souza, entre outras autoridades da regi\u00e3o.<\/p>\n\n\n\n<p>A prefeita de Quissam\u00e3 abriu o encontro destacando a import\u00e2ncia do di\u00e1logo entre as esferas de governo. \u201cAinda estamos atrasados na busca da igualdade de g\u00eanero. Precisamos ter coragem para falar sobre esse assunto e enfrentar o problema de forma conjunta entre as esferas municipais, estaduais e federais\u201d, ressaltou.<\/p>\n\n\n\n<p>O principal objetivo do f\u00f3rum \u00e9 debater a pol\u00edtica de abrigamento \u00e0s mulheres em situa\u00e7\u00e3o de viol\u00eancia na regi\u00e3o e a cria\u00e7\u00e3o integrada de estrat\u00e9gias que fortale\u00e7am a rede de prote\u00e7\u00e3o, bem como as parcerias entre os munic\u00edpios.<\/p>\n\n\n\n<p>Para a coordenadora do CEAM Maca\u00e9, Nathalia Mustafa, os encontros s\u00e3o oportunidades de debater, de maneira cada vez mais aprofundada, a constru\u00e7\u00e3o de um abrigo de breve perman\u00eancia na regi\u00e3o.<\/p>\n\n\n\n<p>\u201cDesta vez, dialogamos com representantes da Secretaria de Estado da Mulher e do Minist\u00e9rio das Mulheres, que apresentaram estat\u00edsticas dos trabalhos que v\u00eam sendo desenvolvidos e nos trouxeram muitas sugest\u00f5es, al\u00e9m de nos auxiliarem na luta pela constru\u00e7\u00e3o do abrigo. A deputada estadual Martha Rocha se comprometeu a fazer uma indica\u00e7\u00e3o na ALERJ e colocar a previs\u00e3o da verba no or\u00e7amento para o pr\u00f3ximo ano\u201d, destacou.<\/p>\n\n\n\n<p>A programa\u00e7\u00e3o do evento contou com caf\u00e9 da manh\u00e3, apresenta\u00e7\u00e3o cultural, palestras e roda de conversa com o tema: \u201cMaria da Penha vai \u00e0 escola: educar para enfrentamento e preven\u00e7\u00e3o\u201d. O F\u00f3rum Intermunicipal acontece de forma itinerante a cada dois meses, desde agosto de 2022 e re\u00fane cerca de 15 munic\u00edpios da regi\u00e3o dos Lagos, Norte e Noroeste Fluminense. O primeiro foi realizado em Maca\u00e9.<\/p>\n\n\n\n<p><em>Por jornalista <em>Genimarta Oliveira<\/em>\/ Secom Pref. de Maca\u00e9<\/em><\/p>\n","protected":false},"excerpt":{"rendered":"<p>A equipe t\u00e9cnica do Centro Especializado de Atendimento \u00e0 Mulher P\u00e9rola Bichara Benjamin participou, nesta quarta-feira (27), do VII F\u00f3rum Intermunicipal da Rede de Prote\u00e7\u00e3o e Atendimento \u00e0 Mulher, em Quissam\u00e3. O evento foi realizado no audit\u00f3rio da Administra\u00e7\u00e3o Municipal e contou com a presen\u00e7a da prefeita do munic\u00edpio, F\u00e1tima Pacheco, do vice Marcelo Batista, [&hellip;]<\/p>\n","protected":false},"author":2,"featured_media":13244,"comment_status":"closed","ping_status":"closed","sticky":false,"template":"","format":"standard","meta":{"postBodyCss":"","postBodyMargin":[],"postBodyPadding":[],"postBodyBackground":{"backgroundType":"classic","gradient":""},"footnotes":""},"categories":[200,42],"tags":[767,120,182],"class_list":["post-13242","post","type-post","status-publish","format-standard","has-post-thumbnail","hentry","category-evento","category-macae","tag-forum","tag-mulher","tag-violencia"],"aioseo_notices":[],"_links":{"self":[{"href":"https:\/\/aconteceemmacaeeregiao.com.br\/index.php\/wp-json\/wp\/v2\/posts\/13242","targetHints":{"allow":["GET"]}}],"collection":[{"href":"https:\/\/aconteceemmacaeeregiao.com.br\/index.php\/wp-json\/wp\/v2\/posts"}],"about":[{"href":"https:\/\/aconteceemmacaeeregiao.com.br\/index.php\/wp-json\/wp\/v2\/types\/post"}],"author":[{"embeddable":true,"href":"https:\/\/aconteceemmacaeeregiao.com.br\/index.php\/wp-json\/wp\/v2\/users\/2"}],"replies":[{"embeddable":true,"href":"https:\/\/aconteceemmacaeeregiao.com.br\/index.php\/wp-json\/wp\/v2\/comments?post=13242"}],"version-history":[{"count":0,"href":"https:\/\/aconteceemmacaeeregiao.com.br\/index.php\/wp-json\/wp\/v2\/posts\/13242\/revisions"}],"wp:featuredmedia":[{"embeddable":true,"href":"https:\/\/aconteceemmacaeeregiao.com.br\/index.php\/wp-json\/wp\/v2\/media\/13244"}],"wp:attachment":[{"href":"https:\/\/aconteceemmacaeeregiao.com.br\/index.php\/wp-json\/wp\/v2\/media?parent=13242"}],"wp:term":[{"taxonomy":"category","embeddable":true,"href":"https:\/\/aconteceemmacaeeregiao.com.br\/index.php\/wp-json\/wp\/v2\/categories?post=13242"},{"taxonomy":"post_tag","embeddable":true,"href":"https:\/\/aconteceemmacaeeregiao.com.br\/index.php\/wp-json\/wp\/v2\/tags?post=13242"}],"curies":[{"name":"wp","href":"https:\/\/api.w.org\/{rel}","templated":true}]}}