{"id":13352,"date":"2023-10-05T21:34:11","date_gmt":"2023-10-06T00:34:11","guid":{"rendered":"https:\/\/aconteceemmacaeeregiao.com.br\/?p=13352"},"modified":"2023-10-05T21:34:12","modified_gmt":"2023-10-06T00:34:12","slug":"autor-de-maus-tratos-a-animais-de-estimacao-e-preso-em-rio-das-ostras","status":"publish","type":"post","link":"https:\/\/aconteceemmacaeeregiao.com.br\/index.php\/2023\/10\/05\/autor-de-maus-tratos-a-animais-de-estimacao-e-preso-em-rio-das-ostras\/","title":{"rendered":"Autor de maus-tratos a animais de estima\u00e7\u00e3o \u00e9 preso em Rio das Ostras"},"content":{"rendered":"\n<p>Policiais civis da 128\u00aa DP (Rio das Ostras) prenderam um homem em flagrante, nesta quarta-feira (04\/10), pelo crime de maus-tratos a animais. Os agentes foram contatados por uma ONG que denunciou o autor por agredir, de forma frequente, seus animais de estima\u00e7\u00e3o com golpes de mangueira, al\u00e9m de mant\u00ea-los amarrados com peda\u00e7os de fios em local insalubre.<br><br>As equipes foram at\u00e9 o endere\u00e7o e localizaram dois filhotes de cachorro. Os animais eram mantidos em local sem higiene e com diversos ferimentos. No im\u00f3vel, tamb\u00e9m foi encontrado um p\u00e1ssaro silvestre em situa\u00e7\u00e3o ilegal. O acusado foi abordado pelos policiais na rua. Ele ainda tentou fugir, mas foi detido e encaminhado \u00e0 delegacia.<br><br>Testemunhas confirmaram as agress\u00f5es aos animais, que foram encaminhados a veterin\u00e1rios da prefeitura de Rio das Ostras.<\/p>\n\n\n\n<p><em>Por Ascom PCERJ<\/em><\/p>\n","protected":false},"excerpt":{"rendered":"<p>Policiais civis da 128\u00aa DP (Rio das Ostras) prenderam um homem em flagrante, nesta quarta-feira (04\/10), pelo crime de maus-tratos a animais. Os agentes foram contatados por uma ONG que denunciou o autor por agredir, de forma frequente, seus animais de estima\u00e7\u00e3o com golpes de mangueira, al\u00e9m de mant\u00ea-los amarrados com peda\u00e7os de fios em [&hellip;]<\/p>\n","protected":false},"author":2,"featured_media":6791,"comment_status":"closed","ping_status":"closed","sticky":false,"template":"","format":"standard","meta":{"postBodyCss":"","postBodyMargin":[],"postBodyPadding":[],"postBodyBackground":{"backgroundType":"classic","gradient":""},"footnotes":""},"categories":[47,43,49],"tags":[183,408,575],"class_list":["post-13352","post","type-post","status-publish","format-standard","has-post-thumbnail","hentry","category-ocorrencias","category-regiao","category-rio-das-ostras","tag-128dp","tag-maus-tratos","tag-preso"],"aioseo_notices":[],"_links":{"self":[{"href":"https:\/\/aconteceemmacaeeregiao.com.br\/index.php\/wp-json\/wp\/v2\/posts\/13352","targetHints":{"allow":["GET"]}}],"collection":[{"href":"https:\/\/aconteceemmacaeeregiao.com.br\/index.php\/wp-json\/wp\/v2\/posts"}],"about":[{"href":"https:\/\/aconteceemmacaeeregiao.com.br\/index.php\/wp-json\/wp\/v2\/types\/post"}],"author":[{"embeddable":true,"href":"https:\/\/aconteceemmacaeeregiao.com.br\/index.php\/wp-json\/wp\/v2\/users\/2"}],"replies":[{"embeddable":true,"href":"https:\/\/aconteceemmacaeeregiao.com.br\/index.php\/wp-json\/wp\/v2\/comments?post=13352"}],"version-history":[{"count":0,"href":"https:\/\/aconteceemmacaeeregiao.com.br\/index.php\/wp-json\/wp\/v2\/posts\/13352\/revisions"}],"wp:featuredmedia":[{"embeddable":true,"href":"https:\/\/aconteceemmacaeeregiao.com.br\/index.php\/wp-json\/wp\/v2\/media\/6791"}],"wp:attachment":[{"href":"https:\/\/aconteceemmacaeeregiao.com.br\/index.php\/wp-json\/wp\/v2\/media?parent=13352"}],"wp:term":[{"taxonomy":"category","embeddable":true,"href":"https:\/\/aconteceemmacaeeregiao.com.br\/index.php\/wp-json\/wp\/v2\/categories?post=13352"},{"taxonomy":"post_tag","embeddable":true,"href":"https:\/\/aconteceemmacaeeregiao.com.br\/index.php\/wp-json\/wp\/v2\/tags?post=13352"}],"curies":[{"name":"wp","href":"https:\/\/api.w.org\/{rel}","templated":true}]}}