{"id":13363,"date":"2023-10-06T20:55:45","date_gmt":"2023-10-06T23:55:45","guid":{"rendered":"https:\/\/aconteceemmacaeeregiao.com.br\/?p=13363"},"modified":"2023-10-06T21:49:50","modified_gmt":"2023-10-07T00:49:50","slug":"brk-segue-com-as-obras-que-beneficiarao-bairros-de-macae","status":"publish","type":"post","link":"https:\/\/aconteceemmacaeeregiao.com.br\/index.php\/2023\/10\/06\/brk-segue-com-as-obras-que-beneficiarao-bairros-de-macae\/","title":{"rendered":"BRK segue com as obras que beneficiar\u00e3o bairros de Maca\u00e9"},"content":{"rendered":"\n<p><em><strong>Concession\u00e1ria divulgou programa\u00e7\u00e3o semanal indicando as vias com frentes de trabalho previstas para auxiliar quem circula por esses locais<\/strong><\/em><\/p>\n\n\n\n<p>A BRK segue realizando as obras que ir\u00e3o beneficiar os bairros com estruturas para a coleta e tratamento de esgoto em Maca\u00e9-RJ. E para orientar as pessoas que precisam circular por esses locais, a concession\u00e1ria divulgou a programa\u00e7\u00e3o semanal indicando as vias que passar\u00e3o por altera\u00e7\u00f5es para atua\u00e7\u00e3o das frentes de trabalho nos bairros Aroeira e Imbetiba no per\u00edodo entre 7 e 13 de outubro.\u00a0Confira a lista completa com os nomes das ruas, lembrando que h\u00e1 possibilidade de altera\u00e7\u00f5es pontuais no cronograma por motivos t\u00e9cnicos e clim\u00e1ticos:<\/p>\n\n\n\n<p><strong>Aroeira \u2013<\/strong>&nbsp;Na Rua Alcides Mour\u00e3o, a previs\u00e3o \u00e9 de que as frentes de trabalho atuem em dois pontos: em um trecho entre as ruas Arlindo Mour\u00e3o e Erozina Nolasco de Abreu (lado direito da via), as atividades s\u00e3o para execu\u00e7\u00e3o de redes, CI\u2019s e recomposi\u00e7\u00e3o de pavimento e, ao lado esquerdo deste mesmo trecho, os trabalhos s\u00e3o para implanta\u00e7\u00e3o de CI\u2019s. J\u00e1 na faixa entre as ruas Arlindo Mour\u00e3o e Francisco Coelho Sobrinho (lado esquerdo da via), onde as atividades devem seguir tamb\u00e9m no final de semana, h\u00e1 redes em execu\u00e7\u00e3o. As demais ruas do bairro com previs\u00e3o de obras s\u00e3o a Rubens de Moraes (entre as ruas dos Contabilistas e Francisco Coelho Sobrinho) e Francisco Coelho Sobrinho (entre as ruas Rubens de Moraes e Alcides Mour\u00e3o), para recomposi\u00e7\u00e3o de pavimento, al\u00e9m da Orb\u00edlio de Lima (trecho a partir da Rua Ab\u00edlio Correa Borges at\u00e9 a Rua Rubens de Moraes), onde continua o trabalho para a constru\u00e7\u00e3o de uma esta\u00e7\u00e3o elevat\u00f3ria e h\u00e1 previs\u00e3o de trabalhos para de limpeza e acabamentos no final de semana, assim como na Orozimbo Ferreira da Cunha, na Alcides Figueira e na General Craveiro Lopes, onde h\u00e1 atividades programadas para limpeza geral e acabamentos ao longo do final de semana.<\/p>\n\n\n\n<p><strong>Imbetiba \u2013<\/strong>&nbsp;Na Avenida Elias Agostinho (entre a Avenida Agenor Caldas e a Rua Ab\u00edlio Moreira de Miranda), seguem as atividades de desmonte de rocha e de execu\u00e7\u00e3o de rede. J\u00e1 na Rua da Igualdade (esquina com a Travessa Barreto), os trabalhos previstos s\u00e3o para entroncamentos de rede.<\/p>\n\n\n\n<p><strong>Programa\u00e7\u00e3o<\/strong><\/p>\n\n\n\n<p>Nas ruas em que est\u00e3o previstas as obras para implanta\u00e7\u00e3o da estrutura para a coleta e o tratamento de esgoto na cidade, os trabalhos s\u00e3o realizados por trechos e as equipes n\u00e3o necessariamente atuam em todas as vias simultaneamente. Mas, \u00e9 preciso cuidado e a compreens\u00e3o de quem circula perto destes locais, devido \u00e0s poss\u00edveis interdi\u00e7\u00f5es no tr\u00e2nsito e desvios no fluxo. A aten\u00e7\u00e3o \u00e0 sinaliza\u00e7\u00e3o deve ser redobrada para evitar acidentes, assim como a colabora\u00e7\u00e3o em n\u00e3o estacionar ve\u00edculos nas ruas indicadas nos dias previstos para a realiza\u00e7\u00e3o das obras. Nos casos de emerg\u00eancias m\u00e9dicas ou de servi\u00e7os essenciais (Bombeiros, Defesa Civil etc.), a passagem ser\u00e1 liberada.<\/p>\n\n\n\n<p>Para d\u00favidas e solicita\u00e7\u00f5es, a BRK disponibiliza os telefones&nbsp;<strong>0800 771 0001<\/strong>&nbsp;e&nbsp;<strong>(22) 99878-0023 (Plant\u00e3o Social)<\/strong>, al\u00e9m do e-mail&nbsp;<a href=\"mailto:plantaosocialmacae@brkambiental.com.br\" target=\"_blank\" rel=\"noreferrer noopener\"><strong>plantaosocialmacae@brkambiental.com.br<\/strong><\/a>.<\/p>\n","protected":false},"excerpt":{"rendered":"<p>Concession\u00e1ria divulgou programa\u00e7\u00e3o semanal indicando as vias com frentes de trabalho previstas para auxiliar quem circula por esses locais A BRK segue realizando as obras que ir\u00e3o beneficiar os bairros com estruturas para a coleta e tratamento de esgoto em Maca\u00e9-RJ. E para orientar as pessoas que precisam circular por esses locais, a concession\u00e1ria divulgou [&hellip;]<\/p>\n","protected":false},"author":2,"featured_media":13365,"comment_status":"closed","ping_status":"closed","sticky":false,"template":"","format":"standard","meta":{"postBodyCss":"","postBodyMargin":[],"postBodyPadding":[],"postBodyBackground":{"backgroundType":"classic","gradient":""},"footnotes":""},"categories":[42,67],"tags":[104,555,59,139],"class_list":["post-13363","post","type-post","status-publish","format-standard","has-post-thumbnail","hentry","category-macae","category-meio-ambiente","tag-brk","tag-esgoto","tag-obras","tag-saneamento-basico"],"aioseo_notices":[],"_links":{"self":[{"href":"https:\/\/aconteceemmacaeeregiao.com.br\/index.php\/wp-json\/wp\/v2\/posts\/13363","targetHints":{"allow":["GET"]}}],"collection":[{"href":"https:\/\/aconteceemmacaeeregiao.com.br\/index.php\/wp-json\/wp\/v2\/posts"}],"about":[{"href":"https:\/\/aconteceemmacaeeregiao.com.br\/index.php\/wp-json\/wp\/v2\/types\/post"}],"author":[{"embeddable":true,"href":"https:\/\/aconteceemmacaeeregiao.com.br\/index.php\/wp-json\/wp\/v2\/users\/2"}],"replies":[{"embeddable":true,"href":"https:\/\/aconteceemmacaeeregiao.com.br\/index.php\/wp-json\/wp\/v2\/comments?post=13363"}],"version-history":[{"count":0,"href":"https:\/\/aconteceemmacaeeregiao.com.br\/index.php\/wp-json\/wp\/v2\/posts\/13363\/revisions"}],"wp:featuredmedia":[{"embeddable":true,"href":"https:\/\/aconteceemmacaeeregiao.com.br\/index.php\/wp-json\/wp\/v2\/media\/13365"}],"wp:attachment":[{"href":"https:\/\/aconteceemmacaeeregiao.com.br\/index.php\/wp-json\/wp\/v2\/media?parent=13363"}],"wp:term":[{"taxonomy":"category","embeddable":true,"href":"https:\/\/aconteceemmacaeeregiao.com.br\/index.php\/wp-json\/wp\/v2\/categories?post=13363"},{"taxonomy":"post_tag","embeddable":true,"href":"https:\/\/aconteceemmacaeeregiao.com.br\/index.php\/wp-json\/wp\/v2\/tags?post=13363"}],"curies":[{"name":"wp","href":"https:\/\/api.w.org\/{rel}","templated":true}]}}