{"id":13392,"date":"2023-10-09T23:43:54","date_gmt":"2023-10-10T02:43:54","guid":{"rendered":"https:\/\/aconteceemmacaeeregiao.com.br\/?p=13392"},"modified":"2023-10-10T00:45:33","modified_gmt":"2023-10-10T03:45:33","slug":"macae-esta-em-primeiro-lugar-do-estado-no-ranking-que-mede-a-reducao-de-criminalidade","status":"publish","type":"post","link":"https:\/\/aconteceemmacaeeregiao.com.br\/index.php\/2023\/10\/09\/macae-esta-em-primeiro-lugar-do-estado-no-ranking-que-mede-a-reducao-de-criminalidade\/","title":{"rendered":"Maca\u00e9 est\u00e1 em primeiro lugar do estado no ranking que mede a redu\u00e7\u00e3o de criminalidade"},"content":{"rendered":"\n<p>Maca\u00e9 est\u00e1 em primeiro lugar no do estado do Rio de Janeiro no ranking que mede a redu\u00e7\u00e3o de criminalidade a partir de indicadores estrat\u00e9gicos. A queda chega a 100% em alguns casos. Os dados s\u00e3o do Instituto de Seguran\u00e7a P\u00fablica (ISP), fornecidos pela 123\u00aa Delegacia de Pol\u00edcia. Esse resultado \u00e9 fruto de pol\u00edticas p\u00fablicas e dos esfor\u00e7os unificados das institui\u00e7\u00f5es de seguran\u00e7a, como a Pol\u00edcia Militar, Pol\u00edcia Civil e Prefeitura de Maca\u00e9, por meio da Guarda Municipal.<\/p>\n\n\n\n<p>Ao comparar os meses de janeiro a setembro de 2022 e 2023, os roubos de carga tiveram uma diminui\u00e7\u00e3o hist\u00f3rica de 83%. J\u00e1 nos casos de roubos de rua houve uma redu\u00e7\u00e3o de mais de 11%, seguidos dos homic\u00eddios, com queda de 49% e roubo de ve\u00edculos, 42%.<\/p>\n\n\n\n<p>Agora se essa compara\u00e7\u00e3o for feita somente entre os meses de agosto dos dois anos, os n\u00fameros s\u00e3o ainda mais impactantes. Em 2022, foram registrados 34 casos de roubos de rua em Maca\u00e9. J\u00e1 nesse mesmo per\u00edodo deste ano, foram apenas sete registros, ou seja, uma redu\u00e7\u00e3o de 80%. A \u00faltima vez que Maca\u00e9 registrou um n\u00famero comparado a esse foi em 2003, h\u00e1 20 anos. Roubo de carga, tamb\u00e9m comparado aos meses de agosto desses dois anos, a redu\u00e7\u00e3o \u00e9 de 100%.<\/p>\n\n\n\n<p>O bairro Parque Aeroporto que registrava um n\u00famero expressivo de homic\u00eddios registrou uma queda de 80% de ocorr\u00eancias comparado ao ano passado.<\/p>\n\n\n\n<p>Um exemplo das pol\u00edticas p\u00fablicas e trabalho unificado \u00e9 o Programa Estadual de Integra\u00e7\u00e3o de Seguran\u00e7a (Proeis), que \u00e9 pago pela Prefeitura de Maca\u00e9 aos profissionais de seguran\u00e7a que atuam, nas horas de folga, no policiamento do munic\u00edpio.<\/p>\n\n\n\n<p>Al\u00e9m do conselho comunit\u00e1rio de seguran\u00e7a p\u00fablica, que s\u00e3o reuni\u00f5es com representantes de bairros para entender as principais demandas de cada localidade. O munic\u00edpio hoje conta com o Batalh\u00e3o de A\u00e7\u00f5es com C\u00e3es, o primeiro instalado no interior do Rio, e com o programa Seguran\u00e7a Presente, que \u00e9 um grande destaque.<\/p>\n\n\n\n<p>A Prefeitura tamb\u00e9m inaugurou a Unidade M\u00f3vel de Atendimento \u00e0 Mulher e a sede da Patrulha Maria da Penha com o objetivo de prevenir, punir e erradicar a viol\u00eancia dom\u00e9stica na cidade.<\/p>\n\n\n\n<p>Com a implementa\u00e7\u00e3o de estrat\u00e9gias de policiamento, programas de preven\u00e7\u00e3o e o engajamento da comunidade, a expectativa \u00e9 que esse \u00edndice diminua cada vez mais. A proposta \u00e9 transformar Maca\u00e9 em uma das cidades mais seguras do Rio de Janeiro.<\/p>\n\n\n\n<p><em>Por jornalista <em>Genimarta Oliveira<\/em>\/ Secom Pref. de Maca\u00e9<\/em><\/p>\n","protected":false},"excerpt":{"rendered":"<p>Maca\u00e9 est\u00e1 em primeiro lugar no do estado do Rio de Janeiro no ranking que mede a redu\u00e7\u00e3o de criminalidade a partir de indicadores estrat\u00e9gicos. A queda chega a 100% em alguns casos. Os dados s\u00e3o do Instituto de Seguran\u00e7a P\u00fablica (ISP), fornecidos pela 123\u00aa Delegacia de Pol\u00edcia. Esse resultado \u00e9 fruto de pol\u00edticas p\u00fablicas [&hellip;]<\/p>\n","protected":false},"author":2,"featured_media":11560,"comment_status":"closed","ping_status":"closed","sticky":false,"template":"","format":"standard","meta":{"postBodyCss":"","postBodyMargin":[],"postBodyPadding":[],"postBodyBackground":{"backgroundType":"classic","gradient":""},"footnotes":""},"categories":[42,47],"tags":[96,74,182],"class_list":["post-13392","post","type-post","status-publish","format-standard","has-post-thumbnail","hentry","category-macae","category-ocorrencias","tag-123-dp","tag-rio-de-janeiro","tag-violencia"],"aioseo_notices":[],"_links":{"self":[{"href":"https:\/\/aconteceemmacaeeregiao.com.br\/index.php\/wp-json\/wp\/v2\/posts\/13392","targetHints":{"allow":["GET"]}}],"collection":[{"href":"https:\/\/aconteceemmacaeeregiao.com.br\/index.php\/wp-json\/wp\/v2\/posts"}],"about":[{"href":"https:\/\/aconteceemmacaeeregiao.com.br\/index.php\/wp-json\/wp\/v2\/types\/post"}],"author":[{"embeddable":true,"href":"https:\/\/aconteceemmacaeeregiao.com.br\/index.php\/wp-json\/wp\/v2\/users\/2"}],"replies":[{"embeddable":true,"href":"https:\/\/aconteceemmacaeeregiao.com.br\/index.php\/wp-json\/wp\/v2\/comments?post=13392"}],"version-history":[{"count":0,"href":"https:\/\/aconteceemmacaeeregiao.com.br\/index.php\/wp-json\/wp\/v2\/posts\/13392\/revisions"}],"wp:featuredmedia":[{"embeddable":true,"href":"https:\/\/aconteceemmacaeeregiao.com.br\/index.php\/wp-json\/wp\/v2\/media\/11560"}],"wp:attachment":[{"href":"https:\/\/aconteceemmacaeeregiao.com.br\/index.php\/wp-json\/wp\/v2\/media?parent=13392"}],"wp:term":[{"taxonomy":"category","embeddable":true,"href":"https:\/\/aconteceemmacaeeregiao.com.br\/index.php\/wp-json\/wp\/v2\/categories?post=13392"},{"taxonomy":"post_tag","embeddable":true,"href":"https:\/\/aconteceemmacaeeregiao.com.br\/index.php\/wp-json\/wp\/v2\/tags?post=13392"}],"curies":[{"name":"wp","href":"https:\/\/api.w.org\/{rel}","templated":true}]}}