{"id":13460,"date":"2023-10-13T21:55:58","date_gmt":"2023-10-14T00:55:58","guid":{"rendered":"https:\/\/aconteceemmacaeeregiao.com.br\/?p=13460"},"modified":"2023-10-13T21:55:58","modified_gmt":"2023-10-14T00:55:58","slug":"grand-prix-ana-botafogo-tem-show-com-carlinhos-de-jesus","status":"publish","type":"post","link":"https:\/\/aconteceemmacaeeregiao.com.br\/index.php\/2023\/10\/13\/grand-prix-ana-botafogo-tem-show-com-carlinhos-de-jesus\/","title":{"rendered":"Grand Prix Ana Botafogo tem show com Carlinhos de Jesus"},"content":{"rendered":"\n<p>A sexta-feira (13) foi de muita dan\u00e7a e anima\u00e7\u00e3o na orla dos Cavaleiros, com o segundo dia do Grand Prix Ana Botafogo. Um dos jurados da competi\u00e7\u00e3o, Carlinhos de Jesus abrilhantou o evento com um show intrerativo que colocou a plateia para dan\u00e7ar. A programa\u00e7\u00e3o realizada com o apoio da Prefeitura de Maca\u00e9, segue neste s\u00e1bado (14).<\/p>\n\n\n\n<p>Carlinhos esbanjou simpatia e conquistou o p\u00fablico com o dom\u00ednio de ritmos como Bossa Nova e Fox, tendo como companheira de dan\u00e7a, Michele Barreto. \u201c\u00c9 uma alegria voltar a Maca\u00e9, ainda mais como convidado deste primeiro festival feito pela Ana Botafogo, a quem eu considero uma irm\u00e3. A dan\u00e7a tem in\u00fameros benef\u00edcios, dentre eles o poder de despertar prazer e alegria\u201d, afirmou o dan\u00e7arino e core\u00f3grafo que volta ao palco neste s\u00e1bado, \u00e0s 16h para uma oficina de Dan\u00e7a de Sal\u00e3o.<br><br>O p\u00fablico formado por moradores, turistas e visitantes aprovaram a programa\u00e7\u00e3o. \u201cVim ontem e voltei hoje com minhas filhas e sobrinha. Um evento como esse \u00e9 muito importante para a cidade. Cultura \u00e9 algo sempre bem-vindo\u201c, apontou Vagner Satiro.<br><\/p>\n\n\n<div class=\"wp-block-image\">\n<figure class=\"aligncenter size-large\"><img fetchpriority=\"high\" decoding=\"async\" width=\"1024\" height=\"683\" src=\"https:\/\/aconteceemmacaeeregiao.com.br\/wp-content\/uploads\/2023\/10\/1697271490-1024x683.jpg\" alt=\"\" class=\"wp-image-13463\" srcset=\"https:\/\/aconteceemmacaeeregiao.com.br\/wp-content\/uploads\/2023\/10\/1697271490-1024x683.jpg 1024w, https:\/\/aconteceemmacaeeregiao.com.br\/wp-content\/uploads\/2023\/10\/1697271490-300x200.jpg 300w, https:\/\/aconteceemmacaeeregiao.com.br\/wp-content\/uploads\/2023\/10\/1697271490-768x512.jpg 768w, https:\/\/aconteceemmacaeeregiao.com.br\/wp-content\/uploads\/2023\/10\/1697271490-1200x800.jpg 1200w, https:\/\/aconteceemmacaeeregiao.com.br\/wp-content\/uploads\/2023\/10\/1697271490.jpg 1417w\" sizes=\"(max-width: 1024px) 100vw, 1024px\" \/><figcaption class=\"wp-element-caption\">Grand Prix Ana Botafogo de dan\u00e7a na praia dos Cavaleiros. Maca\u00e9\/RJ. Data: 13\/10\/2023. Foto: Rui Porto FIlho<\/figcaption><\/figure>\n<\/div>\n\n\n<p><br>Grand Prix &#8211; O primeiro dia de competi\u00e7\u00f5es contou com cerca de 90 coreografias apresentadas sob o olhar atento dos jurados: Ana Botafogo, Fernanda Chama, \u00c9rica Mendes, Marcelo Misailidis, Vera Arag\u00e3o e Priscilla Yokoi.<br><br>O festival tem cerca de 300 inscritos de 33 escolas de diferentes cidades do pa\u00eds. Ao longos dos dois dias de competi\u00e7\u00e3o passar\u00e3o pelo palco 172 apresenta\u00e7\u00f5es, incluindo mostras, em diferentes categorias do Ballet, Dan\u00e7as Populares e Jazz.<br><br>O Grand Prix Ana Botafogo \u00e9 o primeiro idealizado pela bailarina em mais de 40 anos de carreira e tem a realiza\u00e7\u00e3o da empresa MQD (Mais que Dan\u00e7a).<br><br><strong>Veja a programa\u00e7\u00e3o completa<\/strong>:<br><strong>14\/10 &#8211; S\u00e1bado<\/strong><br><br>9h \u00e0s 12h30 &#8211; Cursos<br><br>13h \u00e0s 16h30 &#8211; Reconhecimento de palco<br><br>16h00 &#8211; Abertura Villa Uau<br><br>16h30 &#8211; Carlinhos de Jesus &#8211; Oficina de Dan\u00e7a de Sal\u00e3o<br><br>17h &#8211; Competi\u00e7\u00e3o: Contempor\u00e2neo, Dan\u00e7as Populares e Jazz<br><br>Mostra: Ballet Repert\u00f3rio e Neocl\u00e1ssico<br><br>22h &#8211; Premia\u00e7\u00e3o<br><br>22h &#8211; (na Villa Uau) Banda Macahiba Jazz \/ DJ<br><br><strong>15\/10 &#8211; Domingo<\/strong><br><br>11h &#8211; Abertura da Vila Uau<br><br>A partir das 14h \u2013 Apresenta\u00e7\u00f5es infantis: Chirulico e Princesas \u00c2mbar.<\/p>\n\n\n\n<p><em>Por jornalista <em>Genimarta Oliveira<\/em>\/ Secom Pref. de Maca\u00e9<\/em><\/p>\n","protected":false},"excerpt":{"rendered":"<p>A sexta-feira (13) foi de muita dan\u00e7a e anima\u00e7\u00e3o na orla dos Cavaleiros, com o segundo dia do Grand Prix Ana Botafogo. Um dos jurados da competi\u00e7\u00e3o, Carlinhos de Jesus abrilhantou o evento com um show intrerativo que colocou a plateia para dan\u00e7ar. A programa\u00e7\u00e3o realizada com o apoio da Prefeitura de Maca\u00e9, segue neste [&hellip;]<\/p>\n","protected":false},"author":2,"featured_media":13462,"comment_status":"closed","ping_status":"closed","sticky":false,"template":"","format":"standard","meta":{"postBodyCss":"","postBodyMargin":[],"postBodyPadding":[],"postBodyBackground":{"backgroundType":"classic","gradient":""},"footnotes":""},"categories":[86,200,42],"tags":[215,204],"class_list":["post-13460","post","type-post","status-publish","format-standard","has-post-thumbnail","hentry","category-cultura","category-evento","category-macae","tag-danca","tag-praia-dos-cavaleiros"],"aioseo_notices":[],"_links":{"self":[{"href":"https:\/\/aconteceemmacaeeregiao.com.br\/index.php\/wp-json\/wp\/v2\/posts\/13460","targetHints":{"allow":["GET"]}}],"collection":[{"href":"https:\/\/aconteceemmacaeeregiao.com.br\/index.php\/wp-json\/wp\/v2\/posts"}],"about":[{"href":"https:\/\/aconteceemmacaeeregiao.com.br\/index.php\/wp-json\/wp\/v2\/types\/post"}],"author":[{"embeddable":true,"href":"https:\/\/aconteceemmacaeeregiao.com.br\/index.php\/wp-json\/wp\/v2\/users\/2"}],"replies":[{"embeddable":true,"href":"https:\/\/aconteceemmacaeeregiao.com.br\/index.php\/wp-json\/wp\/v2\/comments?post=13460"}],"version-history":[{"count":0,"href":"https:\/\/aconteceemmacaeeregiao.com.br\/index.php\/wp-json\/wp\/v2\/posts\/13460\/revisions"}],"wp:featuredmedia":[{"embeddable":true,"href":"https:\/\/aconteceemmacaeeregiao.com.br\/index.php\/wp-json\/wp\/v2\/media\/13462"}],"wp:attachment":[{"href":"https:\/\/aconteceemmacaeeregiao.com.br\/index.php\/wp-json\/wp\/v2\/media?parent=13460"}],"wp:term":[{"taxonomy":"category","embeddable":true,"href":"https:\/\/aconteceemmacaeeregiao.com.br\/index.php\/wp-json\/wp\/v2\/categories?post=13460"},{"taxonomy":"post_tag","embeddable":true,"href":"https:\/\/aconteceemmacaeeregiao.com.br\/index.php\/wp-json\/wp\/v2\/tags?post=13460"}],"curies":[{"name":"wp","href":"https:\/\/api.w.org\/{rel}","templated":true}]}}