{"id":13475,"date":"2023-10-13T22:16:29","date_gmt":"2023-10-14T01:16:29","guid":{"rendered":"https:\/\/aconteceemmacaeeregiao.com.br\/?p=13475"},"modified":"2023-10-13T22:16:29","modified_gmt":"2023-10-14T01:16:29","slug":"inscricoes-abertas-para-o-vestibular-cederj-2024-1","status":"publish","type":"post","link":"https:\/\/aconteceemmacaeeregiao.com.br\/index.php\/2023\/10\/13\/inscricoes-abertas-para-o-vestibular-cederj-2024-1\/","title":{"rendered":"Inscri\u00e7\u00f5es abertas para o Vestibular Cederj 2024.1"},"content":{"rendered":"\n<p><strong><em>S\u00e3o mais de sete mil vagas em 17 cursos a dist\u00e2ncia<\/em><\/strong><\/p>\n\n\n\n<p>Est\u00e3o abertas as inscri\u00e7\u00f5es do Vestibular Cederj. S\u00e3o ofertadas 7.518 vagas em 17 cursos para o primeiro per\u00edodo letivo de 2024, todos em n\u00edvel de gradua\u00e7\u00e3o \u2013 na modalidade de educa\u00e7\u00e3o a dist\u00e2ncia e em regime semipresencial, nos polos regionais do Cederj, administrado pela Funda\u00e7\u00e3o Cecierj, vinculada da Secretaria de Estado de Ci\u00eancia, Tecnologia e Inova\u00e7\u00e3o. O prazo se estende at\u00e9 12 de novembro e o link para inscri\u00e7\u00e3o \u00e9&nbsp;<a href=\"http:\/\/www.cecierj.edu.br\/consorcio-cederj\/vestibular\/2024-1\/\" target=\"_blank\" rel=\"noreferrer noopener\">www.cecierj.edu.br\/consorcio-cederj\/vestibular\/2024-1\/<\/a>. A taxa \u00e9 no valor de R$ 89,90.<\/p>\n\n\n\n<p>Os aprovados ser\u00e3o alunos matriculados em uma das sete institui\u00e7\u00f5es de ensino superior do Cons\u00f3rcio Cederj: Centro Federal de Educa\u00e7\u00e3o Tecnol\u00f3gica Celso Suckow da Fonseca (Cefet\/RJ), Universidade Estadual do Norte Fluminense (Uenf), Universidade do Estado do Rio de Janeiro (Uerj), Universidade Federal Fluminense (UFF), Universidade Federal do Rio de Janeiro (UFRJ), Universidade Federal Rural do Rio de Janeiro (UFRRJ) e Universidade Federal do Estado do Rio de Janeiro (UniRio).<\/p>\n\n\n\n<p><strong>Cursos e polos<\/strong><\/p>\n\n\n\n<p>Os cursos ofertados neste vestibular s\u00e3o: Administra\u00e7\u00e3o, Administra\u00e7\u00e3o P\u00fablica, Ci\u00eancias Cont\u00e1beis, Engenharia Meteorol\u00f3gica, Engenharia de Produ\u00e7\u00e3o, Ci\u00eancias Biol\u00f3gicas, F\u00edsica, Geografia, Hist\u00f3ria, Letras, Matem\u00e1tica, Pedagogia, Qu\u00edmica, Turismo, Tecnologia em Sistemas de Computa\u00e7\u00e3o, Tecnologia em Gest\u00e3o de Turismo e Tecnologia em Seguran\u00e7a P\u00fablica.<\/p>\n\n\n\n<p>Atualmente, o estado do Rio de Janeiro conta com 43 Polos Cederj, onde os alunos realizam atividades presenciais como aulas no laborat\u00f3rio, avalia\u00e7\u00f5es e tutoria. E, neste Vestibular Cederj 2024.1, a Regi\u00e3o dos Lagos passa a contar com mais uma unidade: o Polo Cederj de B\u00fazios com a oferta da licenciatura em Turismo pela UniRio, e Pedagogia pela UENF. A unidade est\u00e1 localizada na Av. Jos\u00e9 Bento Ribeiro Dantas, Alto da Marina.<\/p>\n\n\n\n<p><strong>Sobre o Cederj<\/strong><\/p>\n\n\n\n<p>O Cons\u00f3rcio Cederj (Centro de Educa\u00e7\u00e3o Superior a Dist\u00e2ncia do Estado do Rio de Janeiro) \u00e9 gerido pela Funda\u00e7\u00e3o Cecierj, \u00f3rg\u00e3o vinculado \u00e0 Secretaria de Estado de Ci\u00eancia, Tecnologia e Inova\u00e7\u00e3o. S\u00e3o mais de 40 mil alunos em 18 cursos de gradua\u00e7\u00e3o a dist\u00e2ncia. O Cons\u00f3rcio est\u00e1 presente em Angra dos Reis, Barra do Pira\u00ed, Belford Roxo, Bom Jardim, Bom Jesus do Itabapoana, B\u00fazios, Cabo Frio, Cantagalo, Cardoso Moreira, Duque de Caxias, Itagua\u00ed, Itaocara, Itaperuna, Maca\u00e9, Mag\u00e9, Mangaratiba, Mesquita, Miguel Pereira e Miracema.<\/p>\n\n\n\n<p>O Cederj tamb\u00e9m tem polos em Natividade, Niter\u00f3i, Nova Friburgo, Nova Igua\u00e7u, Paracambi, Petr\u00f3polis, Pinheiral, Pira\u00ed, Quatis, Resende, Rio Bonito, Rio das Flores, Rio das Ostras, Rio de Janeiro (Campo Grande e Rocinha), Santa Maria Madalena, S\u00e3o Fid\u00e9lis, S\u00e3o Francisco de Itabapoana, S\u00e3o Gon\u00e7alo, S\u00e3o Pedro da Aldeia, Saquarema, Teres\u00f3polis, Tr\u00eas Rios e Volta Redonda.<\/p>\n\n\n\n<p><strong>SERVI\u00c7O:<\/strong><\/p>\n\n\n\n<p><strong>Vestibular Cederj oferta mais de sete mil vagas em 17 cursos a dist\u00e2ncia<\/strong><\/p>\n\n\n\n<p>Per\u00edodo de inscri\u00e7\u00e3o: 10 de outubro a 12 de novembro<\/p>\n\n\n\n<p>Link para inscri\u00e7\u00e3o:&nbsp;<a href=\"http:\/\/www.cecierj.edu.br\/consorcio-cederj\/vestibular\/2024-1\/\" target=\"_blank\" rel=\"noreferrer noopener\">www.cecierj.edu.br\/consorcio-cederj\/vestibular\/2024-1\/<\/a><\/p>\n\n\n\n<p>Taxa: R$89,90 (oitenta e nove reais e noventa centavos)<\/p>\n\n\n\n<p>Banca organizadora: Coseac\/UFF<\/p>\n","protected":false},"excerpt":{"rendered":"<p>S\u00e3o mais de sete mil vagas em 17 cursos a dist\u00e2ncia Est\u00e3o abertas as inscri\u00e7\u00f5es do Vestibular Cederj. S\u00e3o ofertadas 7.518 vagas em 17 cursos para o primeiro per\u00edodo letivo de 2024, todos em n\u00edvel de gradua\u00e7\u00e3o \u2013 na modalidade de educa\u00e7\u00e3o a dist\u00e2ncia e em regime semipresencial, nos polos regionais do Cederj, administrado pela [&hellip;]<\/p>\n","protected":false},"author":2,"featured_media":13477,"comment_status":"closed","ping_status":"closed","sticky":false,"template":"","format":"standard","meta":{"postBodyCss":"","postBodyMargin":[],"postBodyPadding":[],"postBodyBackground":{"backgroundType":"classic","gradient":""},"footnotes":""},"categories":[61,43],"tags":[781,82,87,444],"class_list":["post-13475","post","type-post","status-publish","format-standard","has-post-thumbnail","hentry","category-educacao","category-regiao","tag-cederj","tag-oportunidade","tag-vagas","tag-vestibular"],"aioseo_notices":[],"_links":{"self":[{"href":"https:\/\/aconteceemmacaeeregiao.com.br\/index.php\/wp-json\/wp\/v2\/posts\/13475","targetHints":{"allow":["GET"]}}],"collection":[{"href":"https:\/\/aconteceemmacaeeregiao.com.br\/index.php\/wp-json\/wp\/v2\/posts"}],"about":[{"href":"https:\/\/aconteceemmacaeeregiao.com.br\/index.php\/wp-json\/wp\/v2\/types\/post"}],"author":[{"embeddable":true,"href":"https:\/\/aconteceemmacaeeregiao.com.br\/index.php\/wp-json\/wp\/v2\/users\/2"}],"replies":[{"embeddable":true,"href":"https:\/\/aconteceemmacaeeregiao.com.br\/index.php\/wp-json\/wp\/v2\/comments?post=13475"}],"version-history":[{"count":0,"href":"https:\/\/aconteceemmacaeeregiao.com.br\/index.php\/wp-json\/wp\/v2\/posts\/13475\/revisions"}],"wp:featuredmedia":[{"embeddable":true,"href":"https:\/\/aconteceemmacaeeregiao.com.br\/index.php\/wp-json\/wp\/v2\/media\/13477"}],"wp:attachment":[{"href":"https:\/\/aconteceemmacaeeregiao.com.br\/index.php\/wp-json\/wp\/v2\/media?parent=13475"}],"wp:term":[{"taxonomy":"category","embeddable":true,"href":"https:\/\/aconteceemmacaeeregiao.com.br\/index.php\/wp-json\/wp\/v2\/categories?post=13475"},{"taxonomy":"post_tag","embeddable":true,"href":"https:\/\/aconteceemmacaeeregiao.com.br\/index.php\/wp-json\/wp\/v2\/tags?post=13475"}],"curies":[{"name":"wp","href":"https:\/\/api.w.org\/{rel}","templated":true}]}}