{"id":13556,"date":"2023-10-19T21:37:40","date_gmt":"2023-10-20T00:37:40","guid":{"rendered":"https:\/\/aconteceemmacaeeregiao.com.br\/?p=13556"},"modified":"2023-10-19T21:37:40","modified_gmt":"2023-10-20T00:37:40","slug":"zurich-airport-brasil-recebe-empresarios-para-vista-a-obra-do-aeroporto-de-macae","status":"publish","type":"post","link":"https:\/\/aconteceemmacaeeregiao.com.br\/index.php\/2023\/10\/19\/zurich-airport-brasil-recebe-empresarios-para-vista-a-obra-do-aeroporto-de-macae\/","title":{"rendered":"Zurich Airport Brasil recebe empres\u00e1rios para vista \u00e0 obra do Aeroporto de Maca\u00e9"},"content":{"rendered":"\n<p>Executivos da Zurich Airport Brasil receberam hoje um grupo de lideran\u00e7as empresariais da Comiss\u00e3o Municipal da Federa\u00e7\u00e3o das Ind\u00fastrias do Estado do Rio de Janeiro (Firjan) em Maca\u00e9, no Aeroporto de Maca\u00e9.<br><\/p>\n\n\n\n<p>Eles fizeram uma visita \u00e0 obra da nova pista do aeroporto, que iniciou h\u00e1 pouco mais de 4 meses, e ser\u00e1 conclu\u00edda em abril de 2025. No encontro, foi apresentado o cronograma e o andamento dos trabalhos.<br><\/p>\n\n\n<div class=\"wp-block-image\">\n<figure class=\"aligncenter size-large\"><img fetchpriority=\"high\" decoding=\"async\" width=\"1024\" height=\"701\" src=\"https:\/\/aconteceemmacaeeregiao.com.br\/wp-content\/uploads\/2023\/10\/WhatsApp-Image-2023-10-19-at-18.21.40-2-1024x701.jpeg\" alt=\"\" class=\"wp-image-13560\" srcset=\"https:\/\/aconteceemmacaeeregiao.com.br\/wp-content\/uploads\/2023\/10\/WhatsApp-Image-2023-10-19-at-18.21.40-2-1024x701.jpeg 1024w, https:\/\/aconteceemmacaeeregiao.com.br\/wp-content\/uploads\/2023\/10\/WhatsApp-Image-2023-10-19-at-18.21.40-2-300x205.jpeg 300w, https:\/\/aconteceemmacaeeregiao.com.br\/wp-content\/uploads\/2023\/10\/WhatsApp-Image-2023-10-19-at-18.21.40-2-768x526.jpeg 768w, https:\/\/aconteceemmacaeeregiao.com.br\/wp-content\/uploads\/2023\/10\/WhatsApp-Image-2023-10-19-at-18.21.40-2.jpeg 1184w\" sizes=\"(max-width: 1024px) 100vw, 1024px\" \/><\/figure>\n<\/div>\n\n\n<p>Os representantes da Zurich Airport Brasil apresentaram n\u00fameros que mostram a contribui\u00e7\u00e3o da obra para o desenvolvimento econ\u00f4mico e social da regi\u00e3o, mesmo antes de ser conclu\u00edda.<br><\/p>\n\n\n\n<p>At\u00e9 o momento 55% dos 437 trabalhadores da obra s\u00e3o moradores da regi\u00e3o. Al\u00e9m disso, 39% dos materiais usados na constru\u00e7\u00e3o foram comprados no estado do Rio de Janeiro, sendo que 25% deste percentual foi adquirido em Maca\u00e9.<br><\/p>\n\n\n<div class=\"wp-block-image\">\n<figure class=\"aligncenter size-large\"><img decoding=\"async\" width=\"1024\" height=\"768\" data-src=\"https:\/\/aconteceemmacaeeregiao.com.br\/wp-content\/uploads\/2023\/10\/WhatsApp-Image-2023-10-19-at-18.21.41-1-1024x768.jpeg\" alt=\"\" class=\"wp-image-13559 lazyload\" data-srcset=\"https:\/\/aconteceemmacaeeregiao.com.br\/wp-content\/uploads\/2023\/10\/WhatsApp-Image-2023-10-19-at-18.21.41-1-1024x768.jpeg 1024w, https:\/\/aconteceemmacaeeregiao.com.br\/wp-content\/uploads\/2023\/10\/WhatsApp-Image-2023-10-19-at-18.21.41-1-300x225.jpeg 300w, https:\/\/aconteceemmacaeeregiao.com.br\/wp-content\/uploads\/2023\/10\/WhatsApp-Image-2023-10-19-at-18.21.41-1-768x576.jpeg 768w, https:\/\/aconteceemmacaeeregiao.com.br\/wp-content\/uploads\/2023\/10\/WhatsApp-Image-2023-10-19-at-18.21.41-1-1536x1152.jpeg 1536w, https:\/\/aconteceemmacaeeregiao.com.br\/wp-content\/uploads\/2023\/10\/WhatsApp-Image-2023-10-19-at-18.21.41-1.jpeg 1600w\" data-sizes=\"(max-width: 1024px) 100vw, 1024px\" src=\"data:image\/svg+xml;base64,PHN2ZyB3aWR0aD0iMSIgaGVpZ2h0PSIxIiB4bWxucz0iaHR0cDovL3d3dy53My5vcmcvMjAwMC9zdmciPjwvc3ZnPg==\" style=\"--smush-placeholder-width: 1024px; --smush-placeholder-aspect-ratio: 1024\/768;\" \/><\/figure>\n<\/div>\n\n\n<p>Com investimento total de R$ 220 milh\u00f5es da concession\u00e1ria que administra o aeroporto, a nova pista ter\u00e1 1.410 metros de extens\u00e3o e vai elevar a categoria do aeroporto, que poder\u00e1 receber aeronaves de maior porte.<\/p>\n\n\n\n<p><em>Por Secom Zurich Airport Brasil<\/em><\/p>\n","protected":false},"excerpt":{"rendered":"<p>Executivos da Zurich Airport Brasil receberam hoje um grupo de lideran\u00e7as empresariais da Comiss\u00e3o Municipal da Federa\u00e7\u00e3o das Ind\u00fastrias do Estado do Rio de Janeiro (Firjan) em Maca\u00e9, no Aeroporto de Maca\u00e9. Eles fizeram uma visita \u00e0 obra da nova pista do aeroporto, que iniciou h\u00e1 pouco mais de 4 meses, e ser\u00e1 conclu\u00edda em [&hellip;]<\/p>\n","protected":false},"author":2,"featured_media":13558,"comment_status":"closed","ping_status":"closed","sticky":false,"template":"","format":"standard","meta":{"postBodyCss":"","postBodyMargin":[],"postBodyPadding":[],"postBodyBackground":{"backgroundType":"classic","gradient":""},"footnotes":""},"categories":[45,42],"tags":[346,601],"class_list":["post-13556","post","type-post","status-publish","format-standard","has-post-thumbnail","hentry","category-economia","category-macae","tag-aeroporto-de-macae","tag-zurich-airport"],"aioseo_notices":[],"_links":{"self":[{"href":"https:\/\/aconteceemmacaeeregiao.com.br\/index.php\/wp-json\/wp\/v2\/posts\/13556","targetHints":{"allow":["GET"]}}],"collection":[{"href":"https:\/\/aconteceemmacaeeregiao.com.br\/index.php\/wp-json\/wp\/v2\/posts"}],"about":[{"href":"https:\/\/aconteceemmacaeeregiao.com.br\/index.php\/wp-json\/wp\/v2\/types\/post"}],"author":[{"embeddable":true,"href":"https:\/\/aconteceemmacaeeregiao.com.br\/index.php\/wp-json\/wp\/v2\/users\/2"}],"replies":[{"embeddable":true,"href":"https:\/\/aconteceemmacaeeregiao.com.br\/index.php\/wp-json\/wp\/v2\/comments?post=13556"}],"version-history":[{"count":0,"href":"https:\/\/aconteceemmacaeeregiao.com.br\/index.php\/wp-json\/wp\/v2\/posts\/13556\/revisions"}],"wp:featuredmedia":[{"embeddable":true,"href":"https:\/\/aconteceemmacaeeregiao.com.br\/index.php\/wp-json\/wp\/v2\/media\/13558"}],"wp:attachment":[{"href":"https:\/\/aconteceemmacaeeregiao.com.br\/index.php\/wp-json\/wp\/v2\/media?parent=13556"}],"wp:term":[{"taxonomy":"category","embeddable":true,"href":"https:\/\/aconteceemmacaeeregiao.com.br\/index.php\/wp-json\/wp\/v2\/categories?post=13556"},{"taxonomy":"post_tag","embeddable":true,"href":"https:\/\/aconteceemmacaeeregiao.com.br\/index.php\/wp-json\/wp\/v2\/tags?post=13556"}],"curies":[{"name":"wp","href":"https:\/\/api.w.org\/{rel}","templated":true}]}}