{"id":13586,"date":"2023-10-20T22:41:34","date_gmt":"2023-10-21T01:41:34","guid":{"rendered":"https:\/\/aconteceemmacaeeregiao.com.br\/?p=13586"},"modified":"2023-10-20T22:41:35","modified_gmt":"2023-10-21T01:41:35","slug":"aeroporto-de-macae-veste-rosa","status":"publish","type":"post","link":"https:\/\/aconteceemmacaeeregiao.com.br\/index.php\/2023\/10\/20\/aeroporto-de-macae-veste-rosa\/","title":{"rendered":"Aeroporto de Maca\u00e9 veste rosa"},"content":{"rendered":"\n<p class=\"wp-block-paragraph\">Em alus\u00e3o ao Outubro Rosa, m\u00eas de conscientiza\u00e7\u00e3o sobre o c\u00e2ncer de mama, a fachada do Aeroporto de Maca\u00e9 &#8211; Joaquim de Azevedo Mancebo ganhou ilumina\u00e7\u00e3o rosa para refor\u00e7ar a aten\u00e7\u00e3o e cuidados com a sa\u00fade da mulher.<\/p>\n\n\n\n<p class=\"wp-block-paragraph\">A iniciativa \u00e9 da Zurich Airport Brasil, administradora do Aeroporto do Maca\u00e9, que tamb\u00e9m iluminou em tom rosa os outros dois aeroportos operados pela concession\u00e1ria &#8211; Florian\u00f3polis e Vit\u00f3ria. <\/p>\n\n\n\n<p class=\"wp-block-paragraph\">A participa\u00e7\u00e3o na campanha que alerta para a import\u00e2ncia da preven\u00e7\u00e3o do c\u00e2ncer de mana refor\u00e7a o compromisso social da empresa e a preocupa\u00e7\u00e3o com o bem-estar das comunidades onde est\u00e1 presente.<\/p>\n","protected":false},"excerpt":{"rendered":"<p>Em alus\u00e3o ao Outubro Rosa, m\u00eas de conscientiza\u00e7\u00e3o sobre o c\u00e2ncer de mama, a fachada do Aeroporto de Maca\u00e9 &#8211; Joaquim de Azevedo Mancebo ganhou ilumina\u00e7\u00e3o rosa para refor\u00e7ar a aten\u00e7\u00e3o e cuidados com a sa\u00fade da mulher. A iniciativa \u00e9 da Zurich Airport Brasil, administradora do Aeroporto do Maca\u00e9, que tamb\u00e9m iluminou em tom [&hellip;]<\/p>\n","protected":false},"author":2,"featured_media":13588,"comment_status":"closed","ping_status":"closed","sticky":false,"template":"","format":"standard","meta":{"postBodyCss":"","postBodyMargin":[],"postBodyPadding":[],"postBodyBackground":{"backgroundType":"classic","gradient":""},"_themeisle_gutenberg_block_has_review":false,"footnotes":""},"categories":[42],"tags":[346,760],"class_list":["post-13586","post","type-post","status-publish","format-standard","has-post-thumbnail","hentry","category-macae","tag-aeroporto-de-macae","tag-outubro-rosa"],"aioseo_notices":[],"aioseo_head":"\n\t\t<!-- All in One SEO 4.9.10 - aioseo.com -->\n\t<meta name=\"description\" content=\"Em alus\u00e3o ao Outubro Rosa, m\u00eas de conscientiza\u00e7\u00e3o sobre o c\u00e2ncer de mama, a fachada do Aeroporto de Maca\u00e9 - Joaquim de Azevedo Mancebo ganhou ilumina\u00e7\u00e3o rosa para refor\u00e7ar a aten\u00e7\u00e3o e cuidados com a sa\u00fade da mulher. A iniciativa \u00e9 da Zurich Airport Brasil, administradora do Aeroporto do Maca\u00e9, que tamb\u00e9m iluminou em tom\" \/>\n\t<meta name=\"robots\" content=\"max-image-preview:large\" \/>\n\t<meta name=\"author\" content=\"Reda\u00e7\u00e3o\"\/>\n\t<link rel=\"canonical\" href=\"https:\/\/aconteceemmacaeeregiao.com.br\/index.php\/2023\/10\/20\/aeroporto-de-macae-veste-rosa\/\" \/>\n\t<meta name=\"generator\" content=\"All in One SEO (AIOSEO) 4.9.10\" \/>\n\t\t<meta property=\"og:locale\" content=\"pt_BR\" \/>\n\t\t<meta property=\"og:site_name\" content=\"Acontece em Macae e Regiao - Not\u00edcias e Colunas de Maca\u00e9 e Regi\u00e3o\" \/>\n\t\t<meta property=\"og:type\" content=\"article\" \/>\n\t\t<meta property=\"og:title\" content=\"Aeroporto de Maca\u00e9 veste rosa - Acontece em Macae e Regiao\" \/>\n\t\t<meta property=\"og:description\" content=\"Em alus\u00e3o ao Outubro Rosa, m\u00eas de conscientiza\u00e7\u00e3o sobre o c\u00e2ncer de mama, a fachada do Aeroporto de Maca\u00e9 - Joaquim de Azevedo Mancebo ganhou ilumina\u00e7\u00e3o rosa para refor\u00e7ar a aten\u00e7\u00e3o e cuidados com a sa\u00fade da mulher. A iniciativa \u00e9 da Zurich Airport Brasil, administradora do Aeroporto do Maca\u00e9, que tamb\u00e9m iluminou em tom\" \/>\n\t\t<meta property=\"og:url\" content=\"https:\/\/aconteceemmacaeeregiao.com.br\/index.php\/2023\/10\/20\/aeroporto-de-macae-veste-rosa\/\" \/>\n\t\t<meta property=\"article:published_time\" content=\"2023-10-21T01:41:34+00:00\" \/>\n\t\t<meta property=\"article:modified_time\" content=\"2023-10-21T01:41:35+00:00\" \/>\n\t\t<meta property=\"article:publisher\" content=\"https:\/\/www.facebook.com\/Acontecemacaeemmacaeeregiao\" \/>\n\t\t<script type=\"application\/ld+json\" class=\"aioseo-schema\">\n\t\t\t{\"@context\":\"https:\\\/\\\/schema.org\",\"@graph\":[{\"@type\":\"BlogPosting\",\"@id\":\"https:\\\/\\\/aconteceemmacaeeregiao.com.br\\\/index.php\\\/2023\\\/10\\\/20\\\/aeroporto-de-macae-veste-rosa\\\/#blogposting\",\"name\":\"Aeroporto de Maca\\u00e9 veste rosa - Acontece em Macae e Regiao\",\"headline\":\"Aeroporto de Maca\\u00e9 veste rosa\",\"author\":{\"@id\":\"https:\\\/\\\/aconteceemmacaeeregiao.com.br\\\/index.php\\\/author\\\/lena-fernandes\\\/#author\"},\"publisher\":{\"@id\":\"https:\\\/\\\/aconteceemmacaeeregiao.com.br\\\/#organization\"},\"image\":{\"@type\":\"ImageObject\",\"url\":\"https:\\\/\\\/aconteceemmacaeeregiao.com.br\\\/wp-content\\\/uploads\\\/2023\\\/10\\\/WhatsApp-Image-2023-10-20-at-17.43.32.jpeg\",\"width\":1512,\"height\":1512,\"caption\":\"A iniciativa \\u00e9 da Zurich Airport Brasil, administradora do Aeroporto do Maca\\u00e9 - Divulga\\u00e7\\u00e3o\"},\"datePublished\":\"2023-10-20T22:41:34-03:00\",\"dateModified\":\"2023-10-20T22:41:35-03:00\",\"inLanguage\":\"pt-BR\",\"mainEntityOfPage\":{\"@id\":\"https:\\\/\\\/aconteceemmacaeeregiao.com.br\\\/index.php\\\/2023\\\/10\\\/20\\\/aeroporto-de-macae-veste-rosa\\\/#webpage\"},\"isPartOf\":{\"@id\":\"https:\\\/\\\/aconteceemmacaeeregiao.com.br\\\/index.php\\\/2023\\\/10\\\/20\\\/aeroporto-de-macae-veste-rosa\\\/#webpage\"},\"articleSection\":\"Maca\\u00e9, Aeroporto de Maca\\u00e9, Outubro Rosa\"},{\"@type\":\"BreadcrumbList\",\"@id\":\"https:\\\/\\\/aconteceemmacaeeregiao.com.br\\\/index.php\\\/2023\\\/10\\\/20\\\/aeroporto-de-macae-veste-rosa\\\/#breadcrumblist\",\"itemListElement\":[{\"@type\":\"ListItem\",\"@id\":\"https:\\\/\\\/aconteceemmacaeeregiao.com.br#listItem\",\"position\":1,\"name\":\"Home\",\"item\":\"https:\\\/\\\/aconteceemmacaeeregiao.com.br\",\"nextItem\":{\"@type\":\"ListItem\",\"@id\":\"https:\\\/\\\/aconteceemmacaeeregiao.com.br\\\/index.php\\\/category\\\/macae\\\/#listItem\",\"name\":\"Maca\\u00e9\"}},{\"@type\":\"ListItem\",\"@id\":\"https:\\\/\\\/aconteceemmacaeeregiao.com.br\\\/index.php\\\/category\\\/macae\\\/#listItem\",\"position\":2,\"name\":\"Maca\\u00e9\",\"item\":\"https:\\\/\\\/aconteceemmacaeeregiao.com.br\\\/index.php\\\/category\\\/macae\\\/\",\"nextItem\":{\"@type\":\"ListItem\",\"@id\":\"https:\\\/\\\/aconteceemmacaeeregiao.com.br\\\/index.php\\\/2023\\\/10\\\/20\\\/aeroporto-de-macae-veste-rosa\\\/#listItem\",\"name\":\"Aeroporto de Maca\\u00e9 veste rosa\"},\"previousItem\":{\"@type\":\"ListItem\",\"@id\":\"https:\\\/\\\/aconteceemmacaeeregiao.com.br#listItem\",\"name\":\"Home\"}},{\"@type\":\"ListItem\",\"@id\":\"https:\\\/\\\/aconteceemmacaeeregiao.com.br\\\/index.php\\\/2023\\\/10\\\/20\\\/aeroporto-de-macae-veste-rosa\\\/#listItem\",\"position\":3,\"name\":\"Aeroporto de Maca\\u00e9 veste rosa\",\"previousItem\":{\"@type\":\"ListItem\",\"@id\":\"https:\\\/\\\/aconteceemmacaeeregiao.com.br\\\/index.php\\\/category\\\/macae\\\/#listItem\",\"name\":\"Maca\\u00e9\"}}]},{\"@type\":\"Organization\",\"@id\":\"https:\\\/\\\/aconteceemmacaeeregiao.com.br\\\/#organization\",\"name\":\"Acontece em Macae e Regi\\u00e3o\",\"description\":\"Not\\u00edcias e Colunas de Maca\\u00e9 e Regi\\u00e3o\",\"url\":\"https:\\\/\\\/aconteceemmacaeeregiao.com.br\\\/\",\"telephone\":\"+5522988389134\",\"logo\":{\"@type\":\"ImageObject\",\"url\":\"https:\\\/\\\/aconteceemmacaeeregiao.com.br\\\/wp-content\\\/uploads\\\/2022\\\/06\\\/logo_acontece_em_macae_header.png\",\"@id\":\"https:\\\/\\\/aconteceemmacaeeregiao.com.br\\\/index.php\\\/2023\\\/10\\\/20\\\/aeroporto-de-macae-veste-rosa\\\/#organizationLogo\",\"width\":350,\"height\":100},\"image\":{\"@id\":\"https:\\\/\\\/aconteceemmacaeeregiao.com.br\\\/index.php\\\/2023\\\/10\\\/20\\\/aeroporto-de-macae-veste-rosa\\\/#organizationLogo\"},\"sameAs\":[\"https:\\\/\\\/www.instagram.com\\\/aconteceemmacae\\\/\"]},{\"@type\":\"Person\",\"@id\":\"https:\\\/\\\/aconteceemmacaeeregiao.com.br\\\/index.php\\\/author\\\/lena-fernandes\\\/#author\",\"url\":\"https:\\\/\\\/aconteceemmacaeeregiao.com.br\\\/index.php\\\/author\\\/lena-fernandes\\\/\",\"name\":\"Reda\\u00e7\\u00e3o\",\"image\":{\"@type\":\"ImageObject\",\"@id\":\"https:\\\/\\\/aconteceemmacaeeregiao.com.br\\\/index.php\\\/2023\\\/10\\\/20\\\/aeroporto-de-macae-veste-rosa\\\/#authorImage\",\"url\":\"https:\\\/\\\/secure.gravatar.com\\\/avatar\\\/2ec464c21c5544b6a22d3a22ff4a551fc746139156e38a8d3ab13521dc2d34bc?s=96&d=mm&r=g\",\"width\":96,\"height\":96,\"caption\":\"Reda\\u00e7\\u00e3o\"}},{\"@type\":\"WebPage\",\"@id\":\"https:\\\/\\\/aconteceemmacaeeregiao.com.br\\\/index.php\\\/2023\\\/10\\\/20\\\/aeroporto-de-macae-veste-rosa\\\/#webpage\",\"url\":\"https:\\\/\\\/aconteceemmacaeeregiao.com.br\\\/index.php\\\/2023\\\/10\\\/20\\\/aeroporto-de-macae-veste-rosa\\\/\",\"name\":\"Aeroporto de Maca\\u00e9 veste rosa - Acontece em Macae e Regiao\",\"description\":\"Em alus\\u00e3o ao Outubro Rosa, m\\u00eas de conscientiza\\u00e7\\u00e3o sobre o c\\u00e2ncer de mama, a fachada do Aeroporto de Maca\\u00e9 - Joaquim de Azevedo Mancebo ganhou ilumina\\u00e7\\u00e3o rosa para refor\\u00e7ar a aten\\u00e7\\u00e3o e cuidados com a sa\\u00fade da mulher. A iniciativa \\u00e9 da Zurich Airport Brasil, administradora do Aeroporto do Maca\\u00e9, que tamb\\u00e9m iluminou em tom\",\"inLanguage\":\"pt-BR\",\"isPartOf\":{\"@id\":\"https:\\\/\\\/aconteceemmacaeeregiao.com.br\\\/#website\"},\"breadcrumb\":{\"@id\":\"https:\\\/\\\/aconteceemmacaeeregiao.com.br\\\/index.php\\\/2023\\\/10\\\/20\\\/aeroporto-de-macae-veste-rosa\\\/#breadcrumblist\"},\"author\":{\"@id\":\"https:\\\/\\\/aconteceemmacaeeregiao.com.br\\\/index.php\\\/author\\\/lena-fernandes\\\/#author\"},\"creator\":{\"@id\":\"https:\\\/\\\/aconteceemmacaeeregiao.com.br\\\/index.php\\\/author\\\/lena-fernandes\\\/#author\"},\"image\":{\"@type\":\"ImageObject\",\"url\":\"https:\\\/\\\/aconteceemmacaeeregiao.com.br\\\/wp-content\\\/uploads\\\/2023\\\/10\\\/WhatsApp-Image-2023-10-20-at-17.43.32.jpeg\",\"@id\":\"https:\\\/\\\/aconteceemmacaeeregiao.com.br\\\/index.php\\\/2023\\\/10\\\/20\\\/aeroporto-de-macae-veste-rosa\\\/#mainImage\",\"width\":1512,\"height\":1512,\"caption\":\"A iniciativa \\u00e9 da Zurich Airport Brasil, administradora do Aeroporto do Maca\\u00e9 - Divulga\\u00e7\\u00e3o\"},\"primaryImageOfPage\":{\"@id\":\"https:\\\/\\\/aconteceemmacaeeregiao.com.br\\\/index.php\\\/2023\\\/10\\\/20\\\/aeroporto-de-macae-veste-rosa\\\/#mainImage\"},\"datePublished\":\"2023-10-20T22:41:34-03:00\",\"dateModified\":\"2023-10-20T22:41:35-03:00\"},{\"@type\":\"WebSite\",\"@id\":\"https:\\\/\\\/aconteceemmacaeeregiao.com.br\\\/#website\",\"url\":\"https:\\\/\\\/aconteceemmacaeeregiao.com.br\\\/\",\"name\":\"Acontece em Macae e Regiao\",\"description\":\"Not\\u00edcias e Colunas de Maca\\u00e9 e Regi\\u00e3o\",\"inLanguage\":\"pt-BR\",\"publisher\":{\"@id\":\"https:\\\/\\\/aconteceemmacaeeregiao.com.br\\\/#organization\"}}]}\n\t\t<\/script>\n\t\t<!-- All in One SEO -->\n\n","aioseo_head_json":{"title":"Aeroporto de Maca\u00e9 veste rosa - Acontece em Macae e Regiao","description":"Em alus\u00e3o ao Outubro Rosa, m\u00eas de conscientiza\u00e7\u00e3o sobre o c\u00e2ncer de mama, a fachada do Aeroporto de Maca\u00e9 - Joaquim de Azevedo Mancebo ganhou ilumina\u00e7\u00e3o rosa para refor\u00e7ar a aten\u00e7\u00e3o e cuidados com a sa\u00fade da mulher. A iniciativa \u00e9 da Zurich Airport Brasil, administradora do Aeroporto do Maca\u00e9, que tamb\u00e9m iluminou em tom","canonical_url":"https:\/\/aconteceemmacaeeregiao.com.br\/index.php\/2023\/10\/20\/aeroporto-de-macae-veste-rosa\/","robots":"max-image-preview:large","keywords":"","webmasterTools":{"miscellaneous":""},"schema":{"@context":"https:\/\/schema.org","@graph":[{"@type":"BlogPosting","@id":"https:\/\/aconteceemmacaeeregiao.com.br\/index.php\/2023\/10\/20\/aeroporto-de-macae-veste-rosa\/#blogposting","name":"Aeroporto de Maca\u00e9 veste rosa - Acontece em Macae e Regiao","headline":"Aeroporto de Maca\u00e9 veste rosa","author":{"@id":"https:\/\/aconteceemmacaeeregiao.com.br\/index.php\/author\/lena-fernandes\/#author"},"publisher":{"@id":"https:\/\/aconteceemmacaeeregiao.com.br\/#organization"},"image":{"@type":"ImageObject","url":"https:\/\/aconteceemmacaeeregiao.com.br\/wp-content\/uploads\/2023\/10\/WhatsApp-Image-2023-10-20-at-17.43.32.jpeg","width":1512,"height":1512,"caption":"A iniciativa \u00e9 da Zurich Airport Brasil, administradora do Aeroporto do Maca\u00e9 - Divulga\u00e7\u00e3o"},"datePublished":"2023-10-20T22:41:34-03:00","dateModified":"2023-10-20T22:41:35-03:00","inLanguage":"pt-BR","mainEntityOfPage":{"@id":"https:\/\/aconteceemmacaeeregiao.com.br\/index.php\/2023\/10\/20\/aeroporto-de-macae-veste-rosa\/#webpage"},"isPartOf":{"@id":"https:\/\/aconteceemmacaeeregiao.com.br\/index.php\/2023\/10\/20\/aeroporto-de-macae-veste-rosa\/#webpage"},"articleSection":"Maca\u00e9, Aeroporto de Maca\u00e9, Outubro Rosa"},{"@type":"BreadcrumbList","@id":"https:\/\/aconteceemmacaeeregiao.com.br\/index.php\/2023\/10\/20\/aeroporto-de-macae-veste-rosa\/#breadcrumblist","itemListElement":[{"@type":"ListItem","@id":"https:\/\/aconteceemmacaeeregiao.com.br#listItem","position":1,"name":"Home","item":"https:\/\/aconteceemmacaeeregiao.com.br","nextItem":{"@type":"ListItem","@id":"https:\/\/aconteceemmacaeeregiao.com.br\/index.php\/category\/macae\/#listItem","name":"Maca\u00e9"}},{"@type":"ListItem","@id":"https:\/\/aconteceemmacaeeregiao.com.br\/index.php\/category\/macae\/#listItem","position":2,"name":"Maca\u00e9","item":"https:\/\/aconteceemmacaeeregiao.com.br\/index.php\/category\/macae\/","nextItem":{"@type":"ListItem","@id":"https:\/\/aconteceemmacaeeregiao.com.br\/index.php\/2023\/10\/20\/aeroporto-de-macae-veste-rosa\/#listItem","name":"Aeroporto de Maca\u00e9 veste rosa"},"previousItem":{"@type":"ListItem","@id":"https:\/\/aconteceemmacaeeregiao.com.br#listItem","name":"Home"}},{"@type":"ListItem","@id":"https:\/\/aconteceemmacaeeregiao.com.br\/index.php\/2023\/10\/20\/aeroporto-de-macae-veste-rosa\/#listItem","position":3,"name":"Aeroporto de Maca\u00e9 veste rosa","previousItem":{"@type":"ListItem","@id":"https:\/\/aconteceemmacaeeregiao.com.br\/index.php\/category\/macae\/#listItem","name":"Maca\u00e9"}}]},{"@type":"Organization","@id":"https:\/\/aconteceemmacaeeregiao.com.br\/#organization","name":"Acontece em Macae e Regi\u00e3o","description":"Not\u00edcias e Colunas de Maca\u00e9 e Regi\u00e3o","url":"https:\/\/aconteceemmacaeeregiao.com.br\/","telephone":"+5522988389134","logo":{"@type":"ImageObject","url":"https:\/\/aconteceemmacaeeregiao.com.br\/wp-content\/uploads\/2022\/06\/logo_acontece_em_macae_header.png","@id":"https:\/\/aconteceemmacaeeregiao.com.br\/index.php\/2023\/10\/20\/aeroporto-de-macae-veste-rosa\/#organizationLogo","width":350,"height":100},"image":{"@id":"https:\/\/aconteceemmacaeeregiao.com.br\/index.php\/2023\/10\/20\/aeroporto-de-macae-veste-rosa\/#organizationLogo"},"sameAs":["https:\/\/www.instagram.com\/aconteceemmacae\/"]},{"@type":"Person","@id":"https:\/\/aconteceemmacaeeregiao.com.br\/index.php\/author\/lena-fernandes\/#author","url":"https:\/\/aconteceemmacaeeregiao.com.br\/index.php\/author\/lena-fernandes\/","name":"Reda\u00e7\u00e3o","image":{"@type":"ImageObject","@id":"https:\/\/aconteceemmacaeeregiao.com.br\/index.php\/2023\/10\/20\/aeroporto-de-macae-veste-rosa\/#authorImage","url":"https:\/\/secure.gravatar.com\/avatar\/2ec464c21c5544b6a22d3a22ff4a551fc746139156e38a8d3ab13521dc2d34bc?s=96&d=mm&r=g","width":96,"height":96,"caption":"Reda\u00e7\u00e3o"}},{"@type":"WebPage","@id":"https:\/\/aconteceemmacaeeregiao.com.br\/index.php\/2023\/10\/20\/aeroporto-de-macae-veste-rosa\/#webpage","url":"https:\/\/aconteceemmacaeeregiao.com.br\/index.php\/2023\/10\/20\/aeroporto-de-macae-veste-rosa\/","name":"Aeroporto de Maca\u00e9 veste rosa - Acontece em Macae e Regiao","description":"Em alus\u00e3o ao Outubro Rosa, m\u00eas de conscientiza\u00e7\u00e3o sobre o c\u00e2ncer de mama, a fachada do Aeroporto de Maca\u00e9 - Joaquim de Azevedo Mancebo ganhou ilumina\u00e7\u00e3o rosa para refor\u00e7ar a aten\u00e7\u00e3o e cuidados com a sa\u00fade da mulher. A iniciativa \u00e9 da Zurich Airport Brasil, administradora do Aeroporto do Maca\u00e9, que tamb\u00e9m iluminou em tom","inLanguage":"pt-BR","isPartOf":{"@id":"https:\/\/aconteceemmacaeeregiao.com.br\/#website"},"breadcrumb":{"@id":"https:\/\/aconteceemmacaeeregiao.com.br\/index.php\/2023\/10\/20\/aeroporto-de-macae-veste-rosa\/#breadcrumblist"},"author":{"@id":"https:\/\/aconteceemmacaeeregiao.com.br\/index.php\/author\/lena-fernandes\/#author"},"creator":{"@id":"https:\/\/aconteceemmacaeeregiao.com.br\/index.php\/author\/lena-fernandes\/#author"},"image":{"@type":"ImageObject","url":"https:\/\/aconteceemmacaeeregiao.com.br\/wp-content\/uploads\/2023\/10\/WhatsApp-Image-2023-10-20-at-17.43.32.jpeg","@id":"https:\/\/aconteceemmacaeeregiao.com.br\/index.php\/2023\/10\/20\/aeroporto-de-macae-veste-rosa\/#mainImage","width":1512,"height":1512,"caption":"A iniciativa \u00e9 da Zurich Airport Brasil, administradora do Aeroporto do Maca\u00e9 - Divulga\u00e7\u00e3o"},"primaryImageOfPage":{"@id":"https:\/\/aconteceemmacaeeregiao.com.br\/index.php\/2023\/10\/20\/aeroporto-de-macae-veste-rosa\/#mainImage"},"datePublished":"2023-10-20T22:41:34-03:00","dateModified":"2023-10-20T22:41:35-03:00"},{"@type":"WebSite","@id":"https:\/\/aconteceemmacaeeregiao.com.br\/#website","url":"https:\/\/aconteceemmacaeeregiao.com.br\/","name":"Acontece em Macae e Regiao","description":"Not\u00edcias e Colunas de Maca\u00e9 e Regi\u00e3o","inLanguage":"pt-BR","publisher":{"@id":"https:\/\/aconteceemmacaeeregiao.com.br\/#organization"}}]},"og:locale":"pt_BR","og:site_name":"Acontece em Macae e Regiao - Not\u00edcias e Colunas de Maca\u00e9 e Regi\u00e3o","og:type":"article","og:title":"Aeroporto de Maca\u00e9 veste rosa - Acontece em Macae e Regiao","og:description":"Em alus\u00e3o ao Outubro Rosa, m\u00eas de conscientiza\u00e7\u00e3o sobre o c\u00e2ncer de mama, a fachada do Aeroporto de Maca\u00e9 - Joaquim de Azevedo Mancebo ganhou ilumina\u00e7\u00e3o rosa para refor\u00e7ar a aten\u00e7\u00e3o e cuidados com a sa\u00fade da mulher. A iniciativa \u00e9 da Zurich Airport Brasil, administradora do Aeroporto do Maca\u00e9, que tamb\u00e9m iluminou em tom","og:url":"https:\/\/aconteceemmacaeeregiao.com.br\/index.php\/2023\/10\/20\/aeroporto-de-macae-veste-rosa\/","article:published_time":"2023-10-21T01:41:34+00:00","article:modified_time":"2023-10-21T01:41:35+00:00","article:publisher":"https:\/\/www.facebook.com\/Acontecemacaeemmacaeeregiao"},"aioseo_meta_data":{"post_id":"13586","title":null,"description":null,"keywords":[],"keyphrases":{"focus":{"keyphrase":"","score":0,"analysis":{"keyphraseInTitle":{"score":0,"maxScore":9,"error":1}}},"additional":[]},"primary_term":null,"canonical_url":null,"og_title":null,"og_description":null,"og_object_type":"default","og_image_type":"default","og_image_url":null,"og_image_width":null,"og_image_height":null,"og_image_custom_url":null,"og_image_custom_fields":null,"og_video":"","og_custom_url":null,"og_article_section":null,"og_article_tags":[],"twitter_use_og":false,"twitter_card":"default","twitter_image_type":"default","twitter_image_url":null,"twitter_image_custom_url":null,"twitter_image_custom_fields":null,"twitter_title":null,"twitter_description":null,"schema":{"blockGraphs":[],"customGraphs":[],"default":{"data":{"Article":[],"Course":[],"Dataset":[],"FAQPage":[],"Movie":[],"Person":[],"Product":[],"ProductReview":[],"Car":[],"Recipe":[],"Service":[],"SoftwareApplication":[],"WebPage":[]},"graphName":"BlogPosting","isEnabled":true},"graphs":[]},"schema_type":"default","schema_type_options":null,"pillar_content":false,"robots_default":true,"robots_noindex":false,"robots_noarchive":false,"robots_nosnippet":false,"robots_nofollow":false,"robots_noimageindex":false,"robots_noodp":false,"robots_notranslate":false,"robots_max_snippet":"-1","robots_max_videopreview":"-1","robots_max_imagepreview":"large","priority":null,"frequency":"default","local_seo":null,"breadcrumb_settings":null,"limit_modified_date":false,"ai":null,"created":"2023-10-21 01:41:36","updated":"2025-06-09 21:56:46","seo_analyzer_scan_date":null},"aioseo_breadcrumb":"<div class=\"aioseo-breadcrumbs\"><span class=\"aioseo-breadcrumb\">\n\t\t\t<a href=\"https:\/\/aconteceemmacaeeregiao.com.br\" title=\"Home\">Home<\/a>\n\t\t<\/span><span class=\"aioseo-breadcrumb-separator\">\u00bb<\/span><span class=\"aioseo-breadcrumb\">\n\t\t\t<a href=\"https:\/\/aconteceemmacaeeregiao.com.br\/index.php\/category\/macae\/\" title=\"Maca\u00e9\">Maca\u00e9<\/a>\n\t\t<\/span><span class=\"aioseo-breadcrumb-separator\">\u00bb<\/span><span class=\"aioseo-breadcrumb\">\n\t\t\tAeroporto de Maca\u00e9 veste rosa\n\t\t<\/span><\/div>","aioseo_breadcrumb_json":[{"label":"Home","link":"https:\/\/aconteceemmacaeeregiao.com.br"},{"label":"Maca\u00e9","link":"https:\/\/aconteceemmacaeeregiao.com.br\/index.php\/category\/macae\/"},{"label":"Aeroporto de Maca\u00e9 veste rosa","link":"https:\/\/aconteceemmacaeeregiao.com.br\/index.php\/2023\/10\/20\/aeroporto-de-macae-veste-rosa\/"}],"_links":{"self":[{"href":"https:\/\/aconteceemmacaeeregiao.com.br\/index.php\/wp-json\/wp\/v2\/posts\/13586","targetHints":{"allow":["GET"]}}],"collection":[{"href":"https:\/\/aconteceemmacaeeregiao.com.br\/index.php\/wp-json\/wp\/v2\/posts"}],"about":[{"href":"https:\/\/aconteceemmacaeeregiao.com.br\/index.php\/wp-json\/wp\/v2\/types\/post"}],"author":[{"embeddable":true,"href":"https:\/\/aconteceemmacaeeregiao.com.br\/index.php\/wp-json\/wp\/v2\/users\/2"}],"replies":[{"embeddable":true,"href":"https:\/\/aconteceemmacaeeregiao.com.br\/index.php\/wp-json\/wp\/v2\/comments?post=13586"}],"version-history":[{"count":0,"href":"https:\/\/aconteceemmacaeeregiao.com.br\/index.php\/wp-json\/wp\/v2\/posts\/13586\/revisions"}],"wp:featuredmedia":[{"embeddable":true,"href":"https:\/\/aconteceemmacaeeregiao.com.br\/index.php\/wp-json\/wp\/v2\/media\/13588"}],"wp:attachment":[{"href":"https:\/\/aconteceemmacaeeregiao.com.br\/index.php\/wp-json\/wp\/v2\/media?parent=13586"}],"wp:term":[{"taxonomy":"category","embeddable":true,"href":"https:\/\/aconteceemmacaeeregiao.com.br\/index.php\/wp-json\/wp\/v2\/categories?post=13586"},{"taxonomy":"post_tag","embeddable":true,"href":"https:\/\/aconteceemmacaeeregiao.com.br\/index.php\/wp-json\/wp\/v2\/tags?post=13586"}],"curies":[{"name":"wp","href":"https:\/\/api.w.org\/{rel}","templated":true}]}}