{"id":13738,"date":"2023-10-30T23:51:07","date_gmt":"2023-10-31T02:51:07","guid":{"rendered":"https:\/\/aconteceemmacaeeregiao.com.br\/?p=13738"},"modified":"2023-10-30T23:51:08","modified_gmt":"2023-10-31T02:51:08","slug":"temporada-de-transatlanticos-chega-a-buzios-impulsionando-economia","status":"publish","type":"post","link":"https:\/\/aconteceemmacaeeregiao.com.br\/index.php\/2023\/10\/30\/temporada-de-transatlanticos-chega-a-buzios-impulsionando-economia\/","title":{"rendered":"Temporada de transatl\u00e2nticos chega a B\u00fazios Impulsionando economia"},"content":{"rendered":"\n<p><em><strong>A chegada de transatl\u00e2nticos promete aquecer a economia de B\u00fazios, com expectativa de crescimento de receitas locais e empregos tempor\u00e1rios.\u00a0\u00a0<br><\/strong><\/em><\/p>\n\n\n\n<p>A temporada de transatl\u00e2nticos em B\u00fazios j\u00e1 est\u00e1 em pleno curso, com o luxuoso navio Scenic Eclipse inaugurando as atividades no \u00faltimo s\u00e1bado (28). Nesta ter\u00e7a-feira (31), \u00e9 a vez do MSC Preziosa, com seus impressionantes 4.365 tripulantes, aportar no Porto Veleiro. A temporada de cruzeiros 2023\/2024 se estende at\u00e9 abril, e trar\u00e1 mais de 300 mil cruzeiristas em 106 escalas divididas entre o P\u00eder da Arma\u00e7\u00e3o e o Porto Veleiro.<\/p>\n\n\n\n<p>De acordo com a pesquisa da Funda\u00e7\u00e3o Get\u00falio Vargas (FGV), 80% desses cruzeiristas demonstram interesse em retornar para se hospedar em B\u00fazios, fortalecendo a parceria entre a Secretaria de Turismo e o Convention Bureau. Al\u00e9m disso, o secret\u00e1rio municipal de turismo, Cristiano Marques, em reuni\u00e3o na Associa\u00e7\u00e3o Brasileira de Cruzeiros Mar\u00edtimos (CLIA), em Bras\u00edlia, reivindicou pernoites de alguns cruzeiros, o que est\u00e1 em an\u00e1lise.&nbsp;<\/p>\n\n\n\n<p>Um estudo da Associa\u00e7\u00e3o Brasileira de Navios de Cruzeiros em parceria com a FGV, afirma que os turistas desembolsam valores que variam de R$ 605 a R$ 770 com alimenta\u00e7\u00e3o, bebidas, presentes e passeios, trazendo benef\u00edcios econ\u00f4micos palp\u00e1veis para a cidade de B\u00fazios, como o aumento significativo nas receitas do com\u00e9rcio local e a cria\u00e7\u00e3o de empregos tempor\u00e1rios.<\/p>\n\n\n\n<p>&nbsp;&#8220;Esta temporada promete ser uma oportunidade \u00fanica para visitantes explorarem o litoral brasileiro e para a comunidade local desfrutar dos benef\u00edcios econ\u00f4micos gerados por essa atividade tur\u00edstica&#8221;, reflete o secret\u00e1rio.&nbsp;&nbsp;<\/p>\n\n\n\n<p>&#8212;<\/p>\n\n\n\n<p><em>Por Raupp Com &#8211;\u00a0Comunica\u00e7\u00e3o Integrada\u00a0<\/em><\/p>\n","protected":false},"excerpt":{"rendered":"<p>A chegada de transatl\u00e2nticos promete aquecer a economia de B\u00fazios, com expectativa de crescimento de receitas locais e empregos tempor\u00e1rios.\u00a0\u00a0 A temporada de transatl\u00e2nticos em B\u00fazios j\u00e1 est\u00e1 em pleno curso, com o luxuoso navio Scenic Eclipse inaugurando as atividades no \u00faltimo s\u00e1bado (28). Nesta ter\u00e7a-feira (31), \u00e9 a vez do MSC Preziosa, com seus [&hellip;]<\/p>\n","protected":false},"author":2,"featured_media":13740,"comment_status":"closed","ping_status":"closed","sticky":false,"template":"","format":"standard","meta":{"postBodyCss":"","postBodyMargin":[],"postBodyPadding":[],"postBodyBackground":{"backgroundType":"classic","gradient":""},"footnotes":""},"categories":[168,45,43],"tags":[225],"class_list":["post-13738","post","type-post","status-publish","format-standard","has-post-thumbnail","hentry","category-buzios","category-economia","category-regiao","tag-turismo"],"aioseo_notices":[],"_links":{"self":[{"href":"https:\/\/aconteceemmacaeeregiao.com.br\/index.php\/wp-json\/wp\/v2\/posts\/13738","targetHints":{"allow":["GET"]}}],"collection":[{"href":"https:\/\/aconteceemmacaeeregiao.com.br\/index.php\/wp-json\/wp\/v2\/posts"}],"about":[{"href":"https:\/\/aconteceemmacaeeregiao.com.br\/index.php\/wp-json\/wp\/v2\/types\/post"}],"author":[{"embeddable":true,"href":"https:\/\/aconteceemmacaeeregiao.com.br\/index.php\/wp-json\/wp\/v2\/users\/2"}],"replies":[{"embeddable":true,"href":"https:\/\/aconteceemmacaeeregiao.com.br\/index.php\/wp-json\/wp\/v2\/comments?post=13738"}],"version-history":[{"count":0,"href":"https:\/\/aconteceemmacaeeregiao.com.br\/index.php\/wp-json\/wp\/v2\/posts\/13738\/revisions"}],"wp:featuredmedia":[{"embeddable":true,"href":"https:\/\/aconteceemmacaeeregiao.com.br\/index.php\/wp-json\/wp\/v2\/media\/13740"}],"wp:attachment":[{"href":"https:\/\/aconteceemmacaeeregiao.com.br\/index.php\/wp-json\/wp\/v2\/media?parent=13738"}],"wp:term":[{"taxonomy":"category","embeddable":true,"href":"https:\/\/aconteceemmacaeeregiao.com.br\/index.php\/wp-json\/wp\/v2\/categories?post=13738"},{"taxonomy":"post_tag","embeddable":true,"href":"https:\/\/aconteceemmacaeeregiao.com.br\/index.php\/wp-json\/wp\/v2\/tags?post=13738"}],"curies":[{"name":"wp","href":"https:\/\/api.w.org\/{rel}","templated":true}]}}