{"id":13748,"date":"2023-10-31T22:03:35","date_gmt":"2023-11-01T01:03:35","guid":{"rendered":"https:\/\/aconteceemmacaeeregiao.com.br\/?p=13748"},"modified":"2023-10-31T22:08:22","modified_gmt":"2023-11-01T01:08:22","slug":"macae-se-mobiliza-para-doar-roupas-as-pessoas-em-situacao-de-rua","status":"publish","type":"post","link":"https:\/\/aconteceemmacaeeregiao.com.br\/index.php\/2023\/10\/31\/macae-se-mobiliza-para-doar-roupas-as-pessoas-em-situacao-de-rua\/","title":{"rendered":"Maca\u00e9 se mobiliza para doar roupas \u00e0s pessoas em situa\u00e7\u00e3o de rua"},"content":{"rendered":"\n<p><em><strong>Existem mais de 281 mil pessoas em situa\u00e7\u00e3o de rua no Brasil. E muitas delas est\u00e3o em Maca\u00e9, precisando de ajuda para se vestir e se reintegrar \u00e0 sociedade<\/strong><\/em><\/p>\n\n\n\n<p>Por isso, foi lan\u00e7ada a campanha \u201cVestindo o corpo e a dignidade\u201d, que visa arrecadar roupas usadas em bom estado de conserva\u00e7\u00e3o para serem doadas a essas pessoas que vivem nos abrigos institucionais.<\/p>\n\n\n\n<p>A campanha segue a Pol\u00edtica Nacional para a Popula\u00e7\u00e3o em Situa\u00e7\u00e3o de Rua, que define esse grupo como aquele que possui em comum a pobreza extrema, os v\u00ednculos familiares interrompidos ou fragilizados e a inexist\u00eancia de moradia convencional regular.<\/p>\n\n\n\n<p>As roupas doadas devem, preferencialmente, ser masculinas e ser\u00e3o destinadas aos usu\u00e1rios da Pousada da Cidadania, um equipamento mantido com recursos dos Governos Municipal\/Federal, que oferece moradia tempor\u00e1ria, alimenta\u00e7\u00e3o, servi\u00e7os sociais, psicol\u00f3gicos e tratamentos de sa\u00fade na Rede, al\u00e9m do encaminhamento aos empregos.<\/p>\n\n\n\n<p>As doa\u00e7\u00f5es tamb\u00e9m ser\u00e3o extensivas \u00e0s pessoas que se encontram em vulnerabilidade social e que s\u00e3o atendidas no Centro Pop, outro equipamento da Secretaria Municipal de Desenvolvimento Social Direitos Humanos e Acessibilidade (SDSDHA), que faz a triagem, detectando as necessidades das pessoas em situa\u00e7\u00e3o de rua, oferecendo diariamente o caf\u00e9 da manh\u00e3, almo\u00e7o e lanches, al\u00e9m do espa\u00e7o que utilizam para o banho e lavar suas roupas.<\/p>\n\n\n\n<p>A campanha de arrecada\u00e7\u00e3o de roupas em bom estado de conserva\u00e7\u00e3o foi idealizada pela jornalista Lourdes Acosta, que j\u00e1 fazia trabalhos volunt\u00e1rios na Pousada da Cidadania e notou a falta de roupas de uso pessoal entre os usu\u00e1rios da institui\u00e7\u00e3o. Muitos deles precisam se apresentar em entrevistas de emprego e n\u00e3o t\u00eam o que vestir. A jornalista ent\u00e3o decidiu promover a a\u00e7\u00e3o beneficente para ajudar essa parcela da popula\u00e7\u00e3o, especialmente os homens, que s\u00e3o a grande maioria. \u201cSa\u00edmos em busca de parceiros e apoiadores que pudessem nos auxiliar a vestir o corpo e tamb\u00e9m a dignidade dessas pessoas acolhidas na Pousada da Cidadania e que se encontram em situa\u00e7\u00e3o de rua, mesmo sendo usu\u00e1rias dos servi\u00e7os oferecidos por este abrigo institucional\u201d, destacou.<\/p>\n\n\n\n<p>Hoje, a campanha conta com a parceria do Programa de Sa\u00fade e Bem-Estar Social (Pr\u00f3-Bem), desenvolvido pela secretaria municipal da Casa Civil, que trabalha e articula todas as doa\u00e7\u00f5es sociais do munic\u00edpio, e do Sindipetro NF, outro parceiro que soma neste projeto social. S\u00e3o apoiadores os supermercados Extra e JPavani, Casas Bahia, Gr\u00e1fica JM Comunica\u00e7\u00e3o Visual e Offset, al\u00e9m da consultora de Direitos Humanos e Sociais, Vivianni Acosta e dos jornalistas M\u00f4nica Torres e Elvis do Amaral (site e podcast).<\/p>\n\n\n<div class=\"wp-block-image\">\n<figure class=\"aligncenter size-large\"><img fetchpriority=\"high\" decoding=\"async\" width=\"1024\" height=\"640\" src=\"https:\/\/aconteceemmacaeeregiao.com.br\/wp-content\/uploads\/2023\/10\/BANNERS-CAMPANHA-DE-ROUPAS-USADAS-2-1024x640.jpg\" alt=\"\" class=\"wp-image-13750\" srcset=\"https:\/\/aconteceemmacaeeregiao.com.br\/wp-content\/uploads\/2023\/10\/BANNERS-CAMPANHA-DE-ROUPAS-USADAS-2-1024x640.jpg 1024w, https:\/\/aconteceemmacaeeregiao.com.br\/wp-content\/uploads\/2023\/10\/BANNERS-CAMPANHA-DE-ROUPAS-USADAS-2-300x187.jpg 300w, https:\/\/aconteceemmacaeeregiao.com.br\/wp-content\/uploads\/2023\/10\/BANNERS-CAMPANHA-DE-ROUPAS-USADAS-2-768x480.jpg 768w, https:\/\/aconteceemmacaeeregiao.com.br\/wp-content\/uploads\/2023\/10\/BANNERS-CAMPANHA-DE-ROUPAS-USADAS-2.jpg 1181w\" sizes=\"(max-width: 1024px) 100vw, 1024px\" \/><figcaption class=\"wp-element-caption\">As doa\u00e7\u00f5es tamb\u00e9m ser\u00e3o extensivas \u00e0s pessoas que se encontram em vulnerabilidade social e que s\u00e3o atendidas no Centro Pop, &#8211; Divulga\u00e7\u00e3o<\/figcaption><\/figure>\n<\/div>\n\n\n<p>Voc\u00ea pode participar dessa campanha doando sua roupa usada, em bom estado de uso, nos cinco pontos escolhidos para arrecada\u00e7\u00e3o: Sindipetro, Casas Bahia, Supermercados Extra (Centro e Riviera) e JPavani. As doa\u00e7\u00f5es podem ser feitas durante todo o m\u00eas de novembro at\u00e9 15 de dezembro.<\/p>\n\n\n\n<p>Lembre-se: \u201cO frio foi embora, mas os ex-moradores em situa\u00e7\u00e3o de rua continuam precisando se vestir\u201d. Colabore com essa causa e ajude a vestir o corpo e a dignidade dessas pessoas.<\/p>\n\n\n\n<p>_____________________<\/p>\n\n\n\n<p><em>Jornalista M\u00f4nica Torres<\/em><\/p>\n\n\n\n<p><em>DRT\/RJ 15918\/97<\/em><\/p>\n","protected":false},"excerpt":{"rendered":"<p>Existem mais de 281 mil pessoas em situa\u00e7\u00e3o de rua no Brasil. E muitas delas est\u00e3o em Maca\u00e9, precisando de ajuda para se vestir e se reintegrar \u00e0 sociedade Por isso, foi lan\u00e7ada a campanha \u201cVestindo o corpo e a dignidade\u201d, que visa arrecadar roupas usadas em bom estado de conserva\u00e7\u00e3o para serem doadas a [&hellip;]<\/p>\n","protected":false},"author":2,"featured_media":13754,"comment_status":"closed","ping_status":"closed","sticky":false,"template":"","format":"standard","meta":{"postBodyCss":"","postBodyMargin":[],"postBodyPadding":[],"postBodyBackground":{"backgroundType":"classic","gradient":""},"footnotes":""},"categories":[200,42],"tags":[540],"class_list":["post-13748","post","type-post","status-publish","format-standard","has-post-thumbnail","hentry","category-evento","category-macae","tag-doacao"],"aioseo_notices":[],"_links":{"self":[{"href":"https:\/\/aconteceemmacaeeregiao.com.br\/index.php\/wp-json\/wp\/v2\/posts\/13748","targetHints":{"allow":["GET"]}}],"collection":[{"href":"https:\/\/aconteceemmacaeeregiao.com.br\/index.php\/wp-json\/wp\/v2\/posts"}],"about":[{"href":"https:\/\/aconteceemmacaeeregiao.com.br\/index.php\/wp-json\/wp\/v2\/types\/post"}],"author":[{"embeddable":true,"href":"https:\/\/aconteceemmacaeeregiao.com.br\/index.php\/wp-json\/wp\/v2\/users\/2"}],"replies":[{"embeddable":true,"href":"https:\/\/aconteceemmacaeeregiao.com.br\/index.php\/wp-json\/wp\/v2\/comments?post=13748"}],"version-history":[{"count":0,"href":"https:\/\/aconteceemmacaeeregiao.com.br\/index.php\/wp-json\/wp\/v2\/posts\/13748\/revisions"}],"wp:featuredmedia":[{"embeddable":true,"href":"https:\/\/aconteceemmacaeeregiao.com.br\/index.php\/wp-json\/wp\/v2\/media\/13754"}],"wp:attachment":[{"href":"https:\/\/aconteceemmacaeeregiao.com.br\/index.php\/wp-json\/wp\/v2\/media?parent=13748"}],"wp:term":[{"taxonomy":"category","embeddable":true,"href":"https:\/\/aconteceemmacaeeregiao.com.br\/index.php\/wp-json\/wp\/v2\/categories?post=13748"},{"taxonomy":"post_tag","embeddable":true,"href":"https:\/\/aconteceemmacaeeregiao.com.br\/index.php\/wp-json\/wp\/v2\/tags?post=13748"}],"curies":[{"name":"wp","href":"https:\/\/api.w.org\/{rel}","templated":true}]}}