{"id":13783,"date":"2023-11-06T22:58:31","date_gmt":"2023-11-07T01:58:31","guid":{"rendered":"https:\/\/aconteceemmacaeeregiao.com.br\/?p=13783"},"modified":"2023-11-06T22:58:32","modified_gmt":"2023-11-07T01:58:32","slug":"semana-comeca-com-158-vagas-de-empregos","status":"publish","type":"post","link":"https:\/\/aconteceemmacaeeregiao.com.br\/index.php\/2023\/11\/06\/semana-comeca-com-158-vagas-de-empregos\/","title":{"rendered":"Semana come\u00e7a com 158 vagas de empregos"},"content":{"rendered":"\n<p>A Prefeitura de Maca\u00e9, por meio da Secretaria Adjunta de Trabalho e Renda, divulgou, nesta segunda-feira (06), a listagem com 158 oportunidades de emprego. As vagas s\u00e3o oferecidas por meio de empresas parceiras e podem ser conferidas no site oficial da prefeitura.<br><\/p>\n\n\n\n<p>As vagas s\u00e3o para diferentes \u00e1reas, n\u00edveis de escolaridade e ambos os sexos. Entre os destaques est\u00e3o operador de telemarketing, secret\u00e1rio digital, eletrot\u00e9cnico, enfermeira, fiscal de perdas e preven\u00e7\u00e3o, auxiliar de confeitaria, caldeireiro abraman, camareiro, auxiliar em manuten\u00e7\u00e3o predial, operador de perec\u00edveis, soldador Tig e ER, supervisor de equipe, ajudante de padaria, almoxarife, entre outros.<br><br>Os interessados em concorrer \u00e0s vagas podem se dirigir \u00e0 sede da Central do Trabalhador, que funciona no Edif\u00edcio Comercial Lotus, na Avenida Nossa Senhora da Gl\u00f3ria, 1181, Praia Campista, de 8h \u00e0s 17h. Caso n\u00e3o encontre uma vaga que se encaixe no perfil desejado, \u00e9 poss\u00edvel fazer um cadastro de forma online.<br><br>Para quem quer se cadastrar, a Secretaria tamb\u00e9m disponibiliza um link espec\u00edfico onde o cidad\u00e3o pode preencher o cadastro de forma online.<br><br><strong><a href=\"https:\/\/sistemas.macae.rj.gov.br:84\/semtre\/interno\/interno\/muralexterno.php\">Clique e confira a lista completa:<\/a><br><\/strong>Seguem os links de acesso aos servi\u00e7os da Secretaria de Trabalho e Renda:<br><br>Ao empres\u00e1rio:\u00a0<a href=\"https:\/\/sistemas.macae.rj.gov.br:84\/trabalhoerenda\/\">cadastrar vagas de emprego<\/a>.<br><br>Ao trabalhador:\u00a0<a href=\"https:\/\/sistemas.macae.rj.gov.br:84\/trabalhoerenda\/\">efetuar o cadastro para vagas de emprego<\/a>.<\/p>\n\n\n\n<p><em>Por jornalista <em>Genimarta Oliveira<\/em>\/ Secom Pref. de Maca\u00e9<\/em><\/p>\n","protected":false},"excerpt":{"rendered":"<p>A Prefeitura de Maca\u00e9, por meio da Secretaria Adjunta de Trabalho e Renda, divulgou, nesta segunda-feira (06), a listagem com 158 oportunidades de emprego. As vagas s\u00e3o oferecidas por meio de empresas parceiras e podem ser conferidas no site oficial da prefeitura. As vagas s\u00e3o para diferentes \u00e1reas, n\u00edveis de escolaridade e ambos os sexos. [&hellip;]<\/p>\n","protected":false},"author":2,"featured_media":13785,"comment_status":"closed","ping_status":"closed","sticky":false,"template":"","format":"standard","meta":{"postBodyCss":"","postBodyMargin":[],"postBodyPadding":[],"postBodyBackground":{"backgroundType":"classic","gradient":""},"footnotes":""},"categories":[73,42],"tags":[77,82,87],"class_list":["post-13783","post","type-post","status-publish","format-standard","has-post-thumbnail","hentry","category-emprego","category-macae","tag-emprego","tag-oportunidade","tag-vagas"],"aioseo_notices":[],"_links":{"self":[{"href":"https:\/\/aconteceemmacaeeregiao.com.br\/index.php\/wp-json\/wp\/v2\/posts\/13783","targetHints":{"allow":["GET"]}}],"collection":[{"href":"https:\/\/aconteceemmacaeeregiao.com.br\/index.php\/wp-json\/wp\/v2\/posts"}],"about":[{"href":"https:\/\/aconteceemmacaeeregiao.com.br\/index.php\/wp-json\/wp\/v2\/types\/post"}],"author":[{"embeddable":true,"href":"https:\/\/aconteceemmacaeeregiao.com.br\/index.php\/wp-json\/wp\/v2\/users\/2"}],"replies":[{"embeddable":true,"href":"https:\/\/aconteceemmacaeeregiao.com.br\/index.php\/wp-json\/wp\/v2\/comments?post=13783"}],"version-history":[{"count":0,"href":"https:\/\/aconteceemmacaeeregiao.com.br\/index.php\/wp-json\/wp\/v2\/posts\/13783\/revisions"}],"wp:featuredmedia":[{"embeddable":true,"href":"https:\/\/aconteceemmacaeeregiao.com.br\/index.php\/wp-json\/wp\/v2\/media\/13785"}],"wp:attachment":[{"href":"https:\/\/aconteceemmacaeeregiao.com.br\/index.php\/wp-json\/wp\/v2\/media?parent=13783"}],"wp:term":[{"taxonomy":"category","embeddable":true,"href":"https:\/\/aconteceemmacaeeregiao.com.br\/index.php\/wp-json\/wp\/v2\/categories?post=13783"},{"taxonomy":"post_tag","embeddable":true,"href":"https:\/\/aconteceemmacaeeregiao.com.br\/index.php\/wp-json\/wp\/v2\/tags?post=13783"}],"curies":[{"name":"wp","href":"https:\/\/api.w.org\/{rel}","templated":true}]}}