{"id":13832,"date":"2023-11-09T00:43:47","date_gmt":"2023-11-09T03:43:47","guid":{"rendered":"https:\/\/aconteceemmacaeeregiao.com.br\/?p=13832"},"modified":"2023-11-09T00:43:47","modified_gmt":"2023-11-09T03:43:47","slug":"suspeito-de-participacao-em-feminicidio-de-advogada-e-preso","status":"publish","type":"post","link":"https:\/\/aconteceemmacaeeregiao.com.br\/index.php\/2023\/11\/09\/suspeito-de-participacao-em-feminicidio-de-advogada-e-preso\/","title":{"rendered":"Suspeito de participa\u00e7\u00e3o em feminic\u00eddio de advogada \u00e9 preso"},"content":{"rendered":"\n<p>Policiais civis da 127\u00aa DP (Arma\u00e7\u00e3o dos B\u00fazios) prenderam, nesta ter\u00e7a-feira (07\/11), um homem por feminic\u00eddio. Ele foi localizado e detido durante uma a\u00e7\u00e3o em conjunto com a Pol\u00edcia Militar.<\/p>\n\n\n\n<p>De acordo com os agentes, o preso \u00e9 suspeito de participa\u00e7\u00e3o na morte de uma advogada, que foi carbonizada dentro de casa, no dia 31 de outubro deste ano. Contra o acusado, foi cumprido um mandado de pris\u00e3o tempor\u00e1ria.<\/p>\n\n\n\n<p><em>Por Ascom PCERJ<\/em><\/p>\n","protected":false},"excerpt":{"rendered":"<p>Policiais civis da 127\u00aa DP (Arma\u00e7\u00e3o dos B\u00fazios) prenderam, nesta ter\u00e7a-feira (07\/11), um homem por feminic\u00eddio. Ele foi localizado e detido durante uma a\u00e7\u00e3o em conjunto com a Pol\u00edcia Militar. De acordo com os agentes, o preso \u00e9 suspeito de participa\u00e7\u00e3o na morte de uma advogada, que foi carbonizada dentro de casa, no dia 31 [&hellip;]<\/p>\n","protected":false},"author":2,"featured_media":13506,"comment_status":"closed","ping_status":"closed","sticky":false,"template":"","format":"standard","meta":{"postBodyCss":"","postBodyMargin":[],"postBodyPadding":[],"postBodyBackground":{"backgroundType":"classic","gradient":""},"footnotes":""},"categories":[168,47,43],"tags":[113],"class_list":["post-13832","post","type-post","status-publish","format-standard","has-post-thumbnail","hentry","category-buzios","category-ocorrencias","category-regiao","tag-feminicidio"],"aioseo_notices":[],"_links":{"self":[{"href":"https:\/\/aconteceemmacaeeregiao.com.br\/index.php\/wp-json\/wp\/v2\/posts\/13832","targetHints":{"allow":["GET"]}}],"collection":[{"href":"https:\/\/aconteceemmacaeeregiao.com.br\/index.php\/wp-json\/wp\/v2\/posts"}],"about":[{"href":"https:\/\/aconteceemmacaeeregiao.com.br\/index.php\/wp-json\/wp\/v2\/types\/post"}],"author":[{"embeddable":true,"href":"https:\/\/aconteceemmacaeeregiao.com.br\/index.php\/wp-json\/wp\/v2\/users\/2"}],"replies":[{"embeddable":true,"href":"https:\/\/aconteceemmacaeeregiao.com.br\/index.php\/wp-json\/wp\/v2\/comments?post=13832"}],"version-history":[{"count":0,"href":"https:\/\/aconteceemmacaeeregiao.com.br\/index.php\/wp-json\/wp\/v2\/posts\/13832\/revisions"}],"wp:featuredmedia":[{"embeddable":true,"href":"https:\/\/aconteceemmacaeeregiao.com.br\/index.php\/wp-json\/wp\/v2\/media\/13506"}],"wp:attachment":[{"href":"https:\/\/aconteceemmacaeeregiao.com.br\/index.php\/wp-json\/wp\/v2\/media?parent=13832"}],"wp:term":[{"taxonomy":"category","embeddable":true,"href":"https:\/\/aconteceemmacaeeregiao.com.br\/index.php\/wp-json\/wp\/v2\/categories?post=13832"},{"taxonomy":"post_tag","embeddable":true,"href":"https:\/\/aconteceemmacaeeregiao.com.br\/index.php\/wp-json\/wp\/v2\/tags?post=13832"}],"curies":[{"name":"wp","href":"https:\/\/api.w.org\/{rel}","templated":true}]}}